{"id":13752,"date":"2023-02-26T14:59:49","date_gmt":"2023-02-26T17:59:49","guid":{"rendered":"https:\/\/wiy.com.br\/noticias\/chanceler-ernesto-araujo-afirma-que-nazismo-e-de-esquerda\/"},"modified":"2019-03-29T08:18:03","modified_gmt":"2019-03-29T11:18:03","slug":"chanceler-ernesto-araujo-afirma-que-nazismo-e-de-esquerda","status":"publish","type":"post","link":"https:\/\/wiy.com.br\/noticias\/chanceler-ernesto-araujo-afirma-que-nazismo-e-de-esquerda\/","title":{"rendered":"Chanceler Ernesto Ara\u00fajo afirma que nazismo \u201c\u00e9 de esquerda\u201d"},"content":{"rendered":"<p> <br \/>\n<\/p>\n<p>S\u00e3o Paulo &#8211; Em declara\u00e7\u00e3o feita ao canal Brasil Paralelo, no YouTube, o chanceler <strong><a href=\"https:\/\/exame.abril.com.br\/noticias-sobre\/ernesto-araujo\/\">Ernesto Ara\u00fajo<\/a><\/strong> afirmou que o nazismo e o fascismo s\u00e3o resultados de &#8220;fen\u00f4menos de esquerda&#8221;. Segundo Ara\u00fajo, regimes totalit\u00e1rios distorceram o sentimento de nacionalismo, o que, para ele, seria uma t\u00e1tica compar\u00e1vel \u00e0 da esquerda. A declara\u00e7\u00e3o gerou rea\u00e7\u00e3o e foi rebatida por especialistas.<\/p>\n<p>&#8220;Eles de certa forma sequestraram esse sentimento (do nacionalismo). \u00c9 muito a tend\u00eancia da esquerda: pega uma coisa boa, sequestra, perverte e transforma em coisa ruim. Isso tem a ver com o que eu digo que fascismo e nazismo s\u00e3o fen\u00f4menos de esquerda. \u00c9 a mesma l\u00f3gica&#8221;, afirmou o chanceler na entrevista, dada na semana passada e que durou 33 minutos.<\/p>\n<p>A declara\u00e7\u00e3o do chanceler repercutiu negativamente na principal emissora de TV p\u00fablica da Alemanha, a Deustche Welle. Em texto publicado nesta quinta-feira, 28, na vers\u00e3o do seu site em portugu\u00eas, a emissora afirma que as falas de Ara\u00fajo v\u00e3o contra o consenso acad\u00eamico sobre o tema e ressalta que essa discuss\u00e3o \u00e9 inexistente entre historiadores s\u00e9rios do pa\u00eds.<\/p>\n<p>&#8220;H\u00e1 d\u00e9cadas n\u00e3o restam mais d\u00favidas, nos \u00e2mbitos acad\u00eamico, social e pol\u00edtico, sobre a natureza de extrema direita do nazismo&#8221;, diz a reportagem.<\/p>\n<p>O Brasil Paralelo produz conte\u00fados como s\u00e9ries na internet para assinantes do canal. Tamb\u00e9m promove cursos e palestras. Entre os palestrantes, est\u00e1 o escritor Olavo de Carvalho, considerado guru do bolsonarismo.<\/p>\n<h3><strong>Historiador<\/strong><\/h3>\n<p>Para o jornalista do jornal O Estado de S. Paulo e historiador Marcos Guterman, o nazismo n\u00e3o pode ser qualificado como de esquerda em nenhuma circunst\u00e2ncia. Em geral, quem usa esse discurso se vale do nome da legenda nazista: Partido Nacional-Socialista dos Trabalhadores Alem\u00e3es. H\u00e1 grupos na internet que costumam reproduzir essa ideia.<\/p>\n<p>&#8220;Mas \u00e9 outro contexto. N\u00e3o tem nada a ver com o socialismo marxista. Tem a ver com o sentido da totalidade da sociedade alem\u00e3&#8221;, afirmou ele.<\/p>\n<p>Para Guterman, se trataria de uma argumenta\u00e7\u00e3o insustent\u00e1vel cujo \u00fanico objetivo seria o de mobilizar a milit\u00e2ncia. &#8220;Ele est\u00e1 respondendo a um pensamento do eleitor.&#8221; Em entrevista \u00e0 Deustche Welle no ano passado, o embaixador da Alemanha no Brasil, Georg Witschel, chegou a afirmar que essa discuss\u00e3o &#8220;n\u00e3o tinha base honesta&#8221;.<\/p>\n<p>O professor alem\u00e3o Oliver Stuenkel, da \u00e1rea de rela\u00e7\u00f5es internacionais da FGV-SP, diz que a afirma\u00e7\u00e3o faria parte do &#8220;submundo das conspira\u00e7\u00f5es&#8221;. Para Stuenkel, a fala de Ara\u00fajo traz constrangimento, mas h\u00e1 o entendimento de que ela n\u00e3o representa a totalidade do governo.<\/p>\n<p>Procurada na noite desta quinta-feira pela reportagem, a assessoria do ministro n\u00e3o havia se pronunciado at\u00e9 a conclus\u00e3o desta mat\u00e9ria.<\/p>\n<h3><strong>&#8220;Distor\u00e7\u00f5es&#8221;<\/strong><\/h3>\n<p>&#8220;Vivemos um momento preocupante de distor\u00e7\u00f5es de fatos hist\u00f3ricos consagrados, que mostram que o nazismo era um regime de extrema direita. H\u00e1 desprezo pelo contexto hist\u00f3rico; um esquecimento volunt\u00e1rio, al\u00e9m de manipula\u00e7\u00e3o&#8221;, disse a historiadora da USP Maria Luiza Tucci Carneiro.<\/p>\n<p>&#8220;O que importa aqui n\u00e3o \u00e9 fazer hist\u00f3ria, mas fazer pol\u00edtica no presente, desconsiderando o passado e os fatos. Os nazistas apontavam os comunistas como &#8216;inimigos objetivos&#8217;. Uma das primeiras medidas de Hitler no poder foi p\u00f4r na ilegalidade o Partido Comunista. Come\u00e7a, ent\u00e3o, uma fuga de intelectuais e cientistas. O passado deve ser revisitado, n\u00e3o deturpado&#8221;, concluiu.<\/p>\n<p><br \/>\n<br \/><a href=\"https:\/\/exame.abril.com.br\/brasil\/chanceler-ernesto-araujo-afirma-que-nazismo-e-de-esquerda\/\">Fonte do Artigo <\/a><\/p>\n<p>#noticias #news #o #brasil #venezuela #n #jornalismo #a #love #like #bbb #musica #colombia #tv #blog #fofoca #mexico #gay #caracas #saopaulo #instagram #follow #not #cias #famosos #m #brazil #politica #pol #jeansobrinho<\/p>\n","protected":false},"excerpt":{"rendered":"<p>S\u00e3o Paulo &#8211; Em declara\u00e7\u00e3o feita ao canal Brasil Paralelo, no YouTube, o chanceler Ernesto Ara\u00fajo afirmou que o nazismo e o fascismo s\u00e3o resultados de &#8220;fen\u00f4menos de esquerda&#8221;. Segundo Ara\u00fajo, regimes totalit\u00e1rios distorceram o sentimento de nacionalismo, o que, para ele, seria uma t\u00e1tica compar\u00e1vel \u00e0 da esquerda. A declara\u00e7\u00e3o gerou rea\u00e7\u00e3o e foi [&hellip;]<\/p>\n","protected":false},"author":1,"featured_media":4630,"comment_status":"open","ping_status":"open","sticky":false,"template":"","format":"standard","meta":{"footnotes":""},"categories":[339],"tags":[],"class_list":["post-13752","post","type-post","status-publish","format-standard","has-post-thumbnail","hentry","category-negocios"],"_links":{"self":[{"href":"https:\/\/wiy.com.br\/noticias\/wp-json\/wp\/v2\/posts\/13752","targetHints":{"allow":["GET"]}}],"collection":[{"href":"https:\/\/wiy.com.br\/noticias\/wp-json\/wp\/v2\/posts"}],"about":[{"href":"https:\/\/wiy.com.br\/noticias\/wp-json\/wp\/v2\/types\/post"}],"author":[{"embeddable":true,"href":"https:\/\/wiy.com.br\/noticias\/wp-json\/wp\/v2\/users\/1"}],"replies":[{"embeddable":true,"href":"https:\/\/wiy.com.br\/noticias\/wp-json\/wp\/v2\/comments?post=13752"}],"version-history":[{"count":0,"href":"https:\/\/wiy.com.br\/noticias\/wp-json\/wp\/v2\/posts\/13752\/revisions"}],"wp:featuredmedia":[{"embeddable":true,"href":"https:\/\/wiy.com.br\/noticias\/wp-json\/wp\/v2\/media\/4630"}],"wp:attachment":[{"href":"https:\/\/wiy.com.br\/noticias\/wp-json\/wp\/v2\/media?parent=13752"}],"wp:term":[{"taxonomy":"category","embeddable":true,"href":"https:\/\/wiy.com.br\/noticias\/wp-json\/wp\/v2\/categories?post=13752"},{"taxonomy":"post_tag","embeddable":true,"href":"https:\/\/wiy.com.br\/noticias\/wp-json\/wp\/v2\/tags?post=13752"}],"curies":[{"name":"wp","href":"https:\/\/api.w.org\/{rel}","templated":true}]}}