{"id":13711,"date":"2023-02-26T15:20:18","date_gmt":"2023-02-26T18:20:18","guid":{"rendered":"https:\/\/wiy.com.br\/noticias\/abel-teve-arritmia-semelhante-a-de-muricy-no-flamengo-mas-nao-precisa-parar-entenda\/"},"modified":"2019-03-29T04:12:47","modified_gmt":"2019-03-29T07:12:47","slug":"abel-teve-arritmia-semelhante-a-de-muricy-no-flamengo-mas-nao-precisa-parar-entenda","status":"publish","type":"post","link":"https:\/\/wiy.com.br\/noticias\/abel-teve-arritmia-semelhante-a-de-muricy-no-flamengo-mas-nao-precisa-parar-entenda\/","title":{"rendered":"Abel teve arritmia semelhante a de Muricy no Flamengo, mas n\u00e3o precisa parar; entenda"},"content":{"rendered":"<p> <br \/>\n<\/p>\n<div>\n<p>\nO susto que Abel Braga levou n\u00e3o \u00e9 novidade na vida do treinador nem dos profissionais do ramo no futebol brasileiro e no Flamengo. Em 2015, o t\u00e9cnico j\u00e1 havia sofrido uma arritmia, mais especificamente uma taquicardia atrial. Que ocorre naturalmente nos \u00e1trios, a parte superior do cora\u00e7\u00e3o. O mesmo problema levou o t\u00e9cnico Muricy Ramalho a se afastar das atividades em 2016, quando tamb\u00e9m dirigia o Flamengo. Mas por que Abel n\u00e3o precisa se preocupar com isso agora?\n<\/p>\n<p>\nPara especialistas, seria um exagero afirmar que ser t\u00e9cnico de futebol \u00e9 mais perigoso para o \u00f3rg\u00e3o do que outras atividades.\n<\/p>\n<p>\nPor\u00e9m, as press\u00f5es que estes profissionais enfrentam favorecem situa\u00e7\u00f5es como a vivida por Abel Braga. Principalmente para pessoas com maus h\u00e1bitos alimentares e que n\u00e3o se exercitam com frequ\u00eancia.\n<\/p>\n<p>\n\u2014 \u00c9 uma atividade profissional extremamente estressante. Envolve tomada de decis\u00f5es, t\u00eam de gerenciar v\u00e1rios atletas e problemas. Sabem que a carreira depende de resultados, a taxa de demiss\u00e3o \u00e9 alta. Mas n\u00e3o \u00e9 uma profiss\u00e3o insalubre, n\u00e3o precisa deixar de exerc\u00ea-la \u2014 explica o cardiologista Claudio Gil, especializado em medicina do esporte.\n<\/p>\n<p>\nSegundo cardiologistas, Muricy Ramalho n\u00e3o tinha uma doen\u00e7a estrutural que lhe obrigasse a parar de trabalhar, mas optou por isso devido ao estresse da fun\u00e7\u00e3o. No caso de Abel, tamb\u00e9m n\u00e3o h\u00e1 recomenda\u00e7\u00e3o para interromper as atividades, visto que a arritmia \u00e9 facilmente controlada. Inclusive, h\u00e1 atletas de alto rendimento competindo ap\u00f3s lidar com epis\u00f3dios id\u00eanticos.\n<\/p>\n<p>\nA pequena diferen\u00e7a \u00e9 que o ex-treinador do Flamengo teve uma fibrila\u00e7\u00e3o atrial, enquanto Abel teve o mesmo problema acrescido de um flutter atrial. Durante a fibrila\u00e7\u00e3o atrial, os impulsos el\u00e9tricos s\u00e3o desencadeados a partir de muitas \u00e1reas no interior e em torno do \u00e1trio, e n\u00e3o somente a partir de uma \u00e1rea \u00fanica. J\u00e1 no flutter atrial, a atividade el\u00e9trica atrial \u00e9 coordenada. Assim, os \u00e1trios se contraem, mas em uma frequ\u00eancia muito r\u00e1pida, fazendo com que o impulso n\u00e3o chegue completo aos ventr\u00edculos, a parte inferior do cora\u00e7\u00e3o.\n<\/p>\n<section class=\"block block--advertising\">\n<\/section>\n<p>\n\u2013 N\u00e3o foi exatamente a mesma patologia, mas foi bem parecida sim. Acho que (decis\u00e3o de aposentar do Muricy) n\u00e3o foi s\u00f3 quest\u00e3o de gravidade ou n\u00e3o, envolve coisas pessoais e da fam\u00edlia na decis\u00e3o, \u00e9 dif\u00edcil comparar. Acredito que ele tratando, est\u00e1 est\u00e1vel, teria condi\u00e7\u00e3o, est\u00e1 trabalhando, n\u00e3o como treinador, mas tocando a vida dele profissional sem problema nenhum &#8211; comparou o m\u00e9dico do Flamengo, M\u00e1rcio Tannure.\n<\/p>\n<div class=\"article__embed-container\">\n<div class=\"embed-social\">\n<div id=\"g-arritmia-2903-box\" class=\"ai2html\">\n<div id=\"g-arritmia-2903-desk\" class=\"g-artboard \">\n<div id=\"g-arritmia-2903-desk-graphic\"><img title = \"[Tags]\"alt = \"arritmia-2903-desk Abel teve arritmia semelhante a de Muricy no Flamengo, mas n\u00e3o precisa parar; entenda\"decoding=\"async\" id=\"g-ai0-0\" class=\"g-aiImg\" src=\"https:\/\/d37iydjzbdkvr9.cloudfront.net\/arquivos\/2019\/03\/28\/arritmia-2903-desk.png\"\/><\/p>\n<div id=\"g-ai0-3\" class=\"g-Layer_1 g-aiAbs\" style=\"top:15.4799%;left:0.0950%;width:49.9050%;\">\n<article class=\"g-aiPstyle2\">Ritmo anormal de batimentos card\u00edacos. Causada por falha nos impulsos el\u00e9tricos que geram os batimentos no cora\u00e7\u00e3o.<\/article>\n<article>\u00a0<\/article>\n<\/div>\n<div id=\"g-ai0-8\" class=\"g-Layer_1 g-aiAbs\" style=\"top:59.8895%;left:18.4225%;width:26.2176%;\">\n<article class=\"g-aiPstyle5\">Batimentos card\u00edacos anormais<\/article>\n<\/div>\n<div id=\"g-ai0-10\" class=\"g-Layer_1 g-aiAbs\" style=\"top:76.3845%;left:20.5577%;width:27.9727%;\">\n<article class=\"g-aiPstyle2\">\u2022 O t\u00e9cnico passou por aplica\u00e7\u00e3o de eletrochoques no t\u00f3rax, visando regularizar os impulsos el\u00e9tricos e os batimentos, revertendo a arritmia<\/article>\n<article>\u00a0<\/article>\n<article>\u00a0<\/article>\n<\/div>\n<div id=\"g-ai0-11\" class=\"g-Layer_1 g-aiAbs\" style=\"top:76.3845%;left:51.6688%;width:32.4795%;\">\n<article class=\"g-aiPstyle2\">\u2022 Tamb\u00e9m est\u00e1 prevista uma abla\u00e7\u00e3o: Inser\u00e7\u00e3o de cateteres no cora\u00e7\u00e3o por pequenos furos. Por meio dos cateteres, tecidos que provocam a arritmia s\u00e3o \u201cqueimados\u201d.<\/article>\n<\/div>\n<\/div>\n<\/div>\n<div id=\"g-arritmia-2903-mobi\" class=\"g-artboard \">\n<div id=\"g-arritmia-2903-mobi-graphic\"><img title = \"[Tags]\"alt = \"arritmia-2903-desk Abel teve arritmia semelhante a de Muricy no Flamengo, mas n\u00e3o precisa parar; entenda\"decoding=\"async\" id=\"g-ai1-0\" class=\"g-aiImg\" src=\"https:\/\/d37iydjzbdkvr9.cloudfront.net\/arquivos\/2019\/03\/28\/arritmia-2903-mobi.png\"\/><\/p>\n<div id=\"g-ai1-3\" class=\"g-Layer_1 g-aiAbs\" style=\"top:8.3028%;left:0.8415%;width:103.1370%;\">\n<article class=\"g-aiPstyle2\">Ritmo anormal de batimentos card\u00edacos. Causada por falha nos impulsos el\u00e9tricos que geram os batimentos no cora\u00e7\u00e3o.<\/article>\n<article>\u00a0<\/article>\n<\/div>\n<div id=\"g-ai1-8\" class=\"g-Layer_1 g-aiAbs\" style=\"top:36.0557%;left:40.9456%;width:54.1829%;\">\n<article class=\"g-aiPstyle5\">Batimentos card\u00edacos anormais<\/article>\n<\/div>\n<div id=\"g-ai1-10\" class=\"g-Layer_1 g-aiAbs\" style=\"top:80.4142%;left:2.0680%;width:91.6761%;\">\n<article class=\"g-aiPstyle2\">\u2022 O t\u00e9cnico passou por aplica\u00e7\u00e3o de eletrochoques no t\u00f3rax, visando regularizar os impulsos el\u00e9tricos e os batimentos, revertendo a arritmia<\/article>\n<article>\u00a0<\/article>\n<article>\u00a0<\/article>\n<\/div>\n<div id=\"g-ai1-11\" class=\"g-Layer_1 g-aiAbs\" style=\"top:89.6395%;left:2.0677%;width:94.3695%;\">\n<article class=\"g-aiPstyle2\">\u2022 Tamb\u00e9m est\u00e1 prevista uma abla\u00e7\u00e3o: Inser\u00e7\u00e3o de cateteres no cora\u00e7\u00e3o por pequenos furos. Por meio dos cateteres, tecidos que provocam a arritmia s\u00e3o \u201cqueimados\u201d.<\/article>\n<\/div>\n<\/div>\n<\/div>\n<\/div>\n<\/div>\n<\/div>\n<p>\n\u00a0\n<\/p>\n<p>\nOs sintomas causados pelas frequ\u00eancias elevadas s\u00e3o as palpita\u00e7\u00f5es e desconforto no peito, que provocam ainda vertigem, falta de ar e tontura, que Abel apresentou no fim do Fla-Flu de quarta-feira. Ele deu entrada no hospital Pr\u00f3-Card\u00edaco em Botafogo na madrugada de ontem, chegando de ambul\u00e2ncia do Maracan\u00e3. Realizou choques el\u00e9tricos para controlar a arritmia, e hoje far\u00e1 uma abla\u00e7\u00e3o, que consiste em eliminar o tecido do cora\u00e7\u00e3o que sofreu o estresse atrav\u00e9s de um cateter inserido no \u00f3rg\u00e3o atrav\u00e9s da virilha.\n<\/p>\n<p>\n&#8211; Ele chegou com um quadro de arritmia, fez hoje (quinta-feira) uma cardiovers\u00e3o para reverter isso a\u00ed e est\u00e1 est\u00e1vel, com ritmo card\u00edaco normal. Para resolver esse problema de maneira definitiva, foi conversado com ele, com a fam\u00edlia, e foi decidido fazer uma abla\u00e7\u00e3o amanh\u00e3 (sexta-feira) \u00e0 tarde, que \u00e9 um tratamento definitivo para esse tipo de patologia. Ele j\u00e1 tinha tido isso em 2015, se n\u00e3o me engano, e vem acompanhando desde ent\u00e3o. Chegou o momento de tratar, uma vez que fa\u00e7a a abla\u00e7\u00e3o \u00e9 vida normal, n\u00e3o vai impedir nada da pr\u00e1tica da atividade como treinador &#8211; afirmou o m\u00e9dico do Flamengo.\n<\/p>\n<section class=\"block block--advertising\">\n<\/section>\n<p>\nA recomenda\u00e7\u00e3o m\u00e9dica \u00e9 que Abel n\u00e3o comande o time contra o Pe\u00f1arol, quarta-feira, no Maracan\u00e3, pela Libertadores.\n<\/p>\n<p>\nEntre as causas desse tipo de arritmia, est\u00e1 exatamente o estresse do cargo de treinador. Sobretudo quando h\u00e1 uma pr\u00e9-disposi\u00e7\u00e3o. Outras raz\u00f5es s\u00e3o uma disfun\u00e7\u00e3o no \u00e1trio e algumas doen\u00e7as como: doen\u00e7a das coron\u00e1rias, hipertens\u00e3o arterial, diabetes, apneia obstrutiva do sono, hipertireoidismo e alguns medicamentos usado para emagrecimento.\u00a0\n<\/p>\n<\/div>\n<p><br \/>\n<br \/><a href=\"https:\/\/oglobo.globo.com\/esportes\/abel-teve-arritmia-semelhante-de-muricy-no-flamengo-mas-nao-precisa-parar-entenda-23558649\">Fonte do Artigo <\/a><\/p>\n","protected":false},"excerpt":{"rendered":"<p>O susto que Abel Braga levou n\u00e3o \u00e9 novidade na vida do treinador nem dos profissionais do ramo no futebol brasileiro e no Flamengo. Em 2015, o t\u00e9cnico j\u00e1 havia sofrido uma arritmia, mais especificamente uma taquicardia atrial. Que ocorre naturalmente nos \u00e1trios, a parte superior do cora\u00e7\u00e3o. O mesmo problema levou o t\u00e9cnico Muricy [&hellip;]<\/p>\n","protected":false},"author":1,"featured_media":13712,"comment_status":"open","ping_status":"open","sticky":false,"template":"","format":"standard","meta":{"footnotes":""},"categories":[337],"tags":[],"class_list":["post-13711","post","type-post","status-publish","format-standard","has-post-thumbnail","hentry","category-noticias"],"_links":{"self":[{"href":"https:\/\/wiy.com.br\/noticias\/wp-json\/wp\/v2\/posts\/13711","targetHints":{"allow":["GET"]}}],"collection":[{"href":"https:\/\/wiy.com.br\/noticias\/wp-json\/wp\/v2\/posts"}],"about":[{"href":"https:\/\/wiy.com.br\/noticias\/wp-json\/wp\/v2\/types\/post"}],"author":[{"embeddable":true,"href":"https:\/\/wiy.com.br\/noticias\/wp-json\/wp\/v2\/users\/1"}],"replies":[{"embeddable":true,"href":"https:\/\/wiy.com.br\/noticias\/wp-json\/wp\/v2\/comments?post=13711"}],"version-history":[{"count":0,"href":"https:\/\/wiy.com.br\/noticias\/wp-json\/wp\/v2\/posts\/13711\/revisions"}],"wp:featuredmedia":[{"embeddable":true,"href":"https:\/\/wiy.com.br\/noticias\/wp-json\/wp\/v2\/media\/13712"}],"wp:attachment":[{"href":"https:\/\/wiy.com.br\/noticias\/wp-json\/wp\/v2\/media?parent=13711"}],"wp:term":[{"taxonomy":"category","embeddable":true,"href":"https:\/\/wiy.com.br\/noticias\/wp-json\/wp\/v2\/categories?post=13711"},{"taxonomy":"post_tag","embeddable":true,"href":"https:\/\/wiy.com.br\/noticias\/wp-json\/wp\/v2\/tags?post=13711"}],"curies":[{"name":"wp","href":"https:\/\/api.w.org\/{rel}","templated":true}]}}