{"id":13660,"date":"2023-02-26T15:44:50","date_gmt":"2023-02-26T18:44:50","guid":{"rendered":"https:\/\/wiy.com.br\/noticias\/quase-dois-anos-depois-da-delacao-jbs-encerrou-2018-nas-nuves\/"},"modified":"2019-03-28T21:04:46","modified_gmt":"2019-03-29T00:04:46","slug":"quase-dois-anos-depois-da-delacao-jbs-encerrou-2018-nas-nuves","status":"publish","type":"post","link":"https:\/\/wiy.com.br\/noticias\/quase-dois-anos-depois-da-delacao-jbs-encerrou-2018-nas-nuves\/","title":{"rendered":"Quase dois anos depois da dela\u00e7\u00e3o, JBS encerrou 2018 nas nuves"},"content":{"rendered":"<p> <br \/>\n<\/p>\n<div>\n<p>\nA JBS divulgou agora \u00e0 noite os resultados da empresa em 2018, o ano seguinte \u00e0 dela\u00e7\u00e3o dos irm\u00e3os Batistas. Eis alguns deles:\n<\/p>\n<p>\n&#8211; Gera\u00e7\u00e3o de caixa livre foi de R$ 5,7 bilh\u00f5es;<br \/>\n<br \/>&#8211; Lucro l\u00edquido ajustado foi de R$ 1,6 bilh\u00e3o, e lucro l\u00edquido reportado foi de R$ 25,2 milh\u00f5es;<br \/>\n<br \/>&#8211; EBITDA 10,7% superior a 2017, de R$ 14,8 bilh\u00f5es;<br \/>\n<br \/>&#8211; D\u00edvida de curto prazo teve redu\u00e7\u00e3o de 78,4%, caindo de R$ 13,5 bilh\u00f5es, em 2017, para R$ 2,9 bilh\u00f5es em 2018;<br \/>\n<br \/>&#8211; Liquidez total da empresa \u00e9 de R$ 16,4 bilh\u00f5es, mais de cinco vezes superior \u00e0 d\u00edvida de curto prazo da companhia.\n<\/p>\n<p>\nJoesley Batista, que costuma dizer que a decis\u00e3o de delatar Temer, A\u00e9cio, Guido Mantega e outros foi tomada para salvar a empresa, n\u00e3o deve ter se arrependido.\n<\/p>\n<p>\n<strong>Acompanhe nas redes sociais: <a href=\"https:\/\/www.facebook.com\/GuilhermeAmadoJornalista\">Facebook<\/a> | <a href=\"https:\/\/twitter.com\/guilherme_amado\">Twitter<\/a> | <a href=\"https:\/\/www.instagram.com\/guilhermeamado\/\">Instagram<\/a><\/strong>\n<\/p>\n<div class=\"article__embed-container\">\n<div class=\"embed-social\">\n<div id=\"g-autores-coluna-box\" class=\"ai2html\">\n<div id=\"g-autores-coluna-desk\" class=\"g-artboard\">\n<div id=\"g-autores-coluna-desk-graphic\"><img title = \"[Tags]\"alt = \"autores-coluna-desk Quase dois anos depois da dela\u00e7\u00e3o, JBS encerrou 2018 nas nuves\"decoding=\"async\" class=\"g-aiImg\" id=\"g-ai0-0\" src=\"https:\/\/d37iydjzbdkvr9.cloudfront.net\/arquivos\/2019\/01\/18\/autores-coluna-desk.png\"\/><\/p>\n<div id=\"g-ai0-4\" class=\"g-Layer_1 g-aiAbs\" style=\"top:53.7867%;left:.1653%;width:46.581%\">\n<article class=\"g-aiPstyle2\">Guilherme Amado passou por O Globo, Veja e Extra. Recebeu os pr\u00eamios Esso e Tim Lopes de Jornalismo Investigativo. \u00c9 JSK Fellow na Universidade Stanford, e integrante do Cons\u00f3rcio Internacional de Jornalistas Investigativos. Fica entre Bras\u00edlia, S\u00e3o Paulo, Rio e onde mais houver uma boa hist\u00f3ria para contar.<\/article>\n<\/div>\n<div id=\"g-ai0-5\" class=\"g-Layer_1 g-aiAbs\" style=\"top:53.7867%;left:54.1705%;width:45.1613%\">\n<article class=\"g-aiPstyle2\">Eduardo Barretto passou pelo jornal O Globo e pelos sites Cruso\u00e9 e Poder360. Colaborou tamb\u00e9m para a Associated Press e O Estado de S. Paulo. Estudou na Universidade de Bras\u00edlia e na London School of Journalism. Fica baseado na Capital Federal, onde busca hist\u00f3rias sobre o poder.<\/article>\n<\/div>\n<\/div>\n<\/div>\n<div id=\"g-autores-coluna-mobi\" class=\"g-artboard\">\n<div id=\"g-autores-coluna-mobi-graphic\"><img title = \"[Tags]\"alt = \"autores-coluna-desk Quase dois anos depois da dela\u00e7\u00e3o, JBS encerrou 2018 nas nuves\"decoding=\"async\" class=\"g-aiImg\" id=\"g-ai1-0\" src=\"https:\/\/d37iydjzbdkvr9.cloudfront.net\/arquivos\/2019\/01\/18\/autores-coluna-mobi.png\"\/><\/p>\n<div id=\"g-ai1-3\" class=\"g-Layer_1 g-aiAbs\" style=\"top:26.4122%;left:3.1238%;width:93.3333%\">\n<article class=\"g-aiPstyle2\">Guilherme Amado passou por O Globo, Veja e Extra. Recebeu os pr\u00eamios Esso e Tim Lopes de Jornalismo Investigativo. \u00c9 JSK Fellow na Universidade Stanford, e integrante do Cons\u00f3rcio Internacional de Jornalistas Investigativos. Fica entre Bras\u00edlia, S\u00e3o Paulo, Rio e onde mais houver uma boa hist\u00f3ria para contar.<\/article>\n<\/div>\n<div id=\"g-ai1-5\" class=\"g-Layer_1 g-aiAbs\" style=\"top:76.2784%;left:3.2939%;width:93.3333%\">\n<article class=\"g-aiPstyle2\">Eduardo Barretto passou pelo jornal O Globo e pelos sites Cruso\u00e9 e Poder360. Colaborou tamb\u00e9m para a Associated Press e O Estado de S. Paulo. Estudou na Universidade de Bras\u00edlia e na London School of Journalism. Fica baseado na Capital Federal, onde busca hist\u00f3rias sobre o poder.<\/article>\n<\/div>\n<\/div>\n<\/div>\n<\/div>\n<\/div>\n<\/div>\n<\/div>\n<p><script async src=\"http:\/\/platform.twitter.com\/widgets.js\" charset=\"utf-8\"><\/script><script async defer src=\"http:\/\/platform.instagram.com\/en_US\/embeds.js\"><\/script><br \/>\n<br \/><br \/>\n<br \/><a href=\"https:\/\/epoca.globo.com\/guilherme-amado\/quase-dois-anos-depois-da-delacao-jbs-encerrou-2018-nas-nuves-23558639\">Fonte do Artigo <\/a><\/p>\n","protected":false},"excerpt":{"rendered":"<p>A JBS divulgou agora \u00e0 noite os resultados da empresa em 2018, o ano seguinte \u00e0 dela\u00e7\u00e3o dos irm\u00e3os Batistas. Eis alguns deles: &#8211; Gera\u00e7\u00e3o de caixa livre foi de R$ 5,7 bilh\u00f5es; &#8211; Lucro l\u00edquido ajustado foi de R$ 1,6 bilh\u00e3o, e lucro l\u00edquido reportado foi de R$ 25,2 milh\u00f5es; &#8211; EBITDA 10,7% superior [&hellip;]<\/p>\n","protected":false},"author":1,"featured_media":12399,"comment_status":"open","ping_status":"open","sticky":false,"template":"","format":"standard","meta":{"footnotes":""},"categories":[337],"tags":[],"class_list":["post-13660","post","type-post","status-publish","format-standard","has-post-thumbnail","hentry","category-noticias"],"_links":{"self":[{"href":"https:\/\/wiy.com.br\/noticias\/wp-json\/wp\/v2\/posts\/13660","targetHints":{"allow":["GET"]}}],"collection":[{"href":"https:\/\/wiy.com.br\/noticias\/wp-json\/wp\/v2\/posts"}],"about":[{"href":"https:\/\/wiy.com.br\/noticias\/wp-json\/wp\/v2\/types\/post"}],"author":[{"embeddable":true,"href":"https:\/\/wiy.com.br\/noticias\/wp-json\/wp\/v2\/users\/1"}],"replies":[{"embeddable":true,"href":"https:\/\/wiy.com.br\/noticias\/wp-json\/wp\/v2\/comments?post=13660"}],"version-history":[{"count":0,"href":"https:\/\/wiy.com.br\/noticias\/wp-json\/wp\/v2\/posts\/13660\/revisions"}],"wp:featuredmedia":[{"embeddable":true,"href":"https:\/\/wiy.com.br\/noticias\/wp-json\/wp\/v2\/media\/12399"}],"wp:attachment":[{"href":"https:\/\/wiy.com.br\/noticias\/wp-json\/wp\/v2\/media?parent=13660"}],"wp:term":[{"taxonomy":"category","embeddable":true,"href":"https:\/\/wiy.com.br\/noticias\/wp-json\/wp\/v2\/categories?post=13660"},{"taxonomy":"post_tag","embeddable":true,"href":"https:\/\/wiy.com.br\/noticias\/wp-json\/wp\/v2\/tags?post=13660"}],"curies":[{"name":"wp","href":"https:\/\/api.w.org\/{rel}","templated":true}]}}