{"id":13625,"date":"2023-02-26T15:44:36","date_gmt":"2023-02-26T18:44:36","guid":{"rendered":"https:\/\/wiy.com.br\/noticias\/ex-presidente-carlos-eduardo-pereira-deixa-grupo-mais-botafogo\/"},"modified":"2019-03-28T18:24:34","modified_gmt":"2019-03-28T21:24:34","slug":"ex-presidente-carlos-eduardo-pereira-deixa-grupo-mais-botafogo","status":"publish","type":"post","link":"https:\/\/wiy.com.br\/noticias\/ex-presidente-carlos-eduardo-pereira-deixa-grupo-mais-botafogo\/","title":{"rendered":"Ex-presidente, Carlos Eduardo Pereira deixa grupo &#8220;Mais Botafogo&#8221;"},"content":{"rendered":"<p> <br \/>\n<br \/><img title = \"[Tags]\"alt = \"58fbdbfd895dd Ex-presidente, Carlos Eduardo Pereira deixa grupo &quot;Mais Botafogo&quot;\"decoding=\"async\" src=\"http:\/\/www.lance.com.br\/\/files\/\/uploads\/2017\/04\/22\/58fbdbfd895dd.jpeg\" \/><\/p>\n<div>\n<p class=\"paragraph\" id=\"pnull-m69-68-70\">Carlos Eduardo Pereira n\u00e3o faz mais parte do &#8220;Mais Botafogo&#8221;. Presidente do clube entre 2015 e 2018, CEP deixou o grupo pol\u00edtico que ajudou em sua elei\u00e7\u00e3o. Apesar dessa sa\u00edda, o dirigente vai manter a atual fun\u00e7\u00e3o na diretoria, que \u00e9 de vice-presidente geral. A informa\u00e7\u00e3o foi divulgada primeiramente pela &#8220;R\u00e1dio Tupi&#8221; e confirmada pelo <b>LANCE!<\/b>.<\/p>\n<p>Por meio de uma carta, Carlos Eduardo Pereira ressaltou todo o projeto dentro do clube, iniciado em 2011, mas indicou que sua sa\u00edda foi motivada por n\u00e3o se sentir &#8216;mais em casa&#8217; dentro do grupo pol\u00edtico. <b>Confira a carta:<\/b><\/p>\n<p class=\"paragraph\" id=\"pnull-m114-1-115\"><b\/><i>&#8220;Companheiras e Companheiros de MB,<\/i><\/p>\n<p><i>Desde que me associei ao Mais Botafogo, nossa caminhada conjunta escreveu p\u00e1ginas muito bonitas na vida e na pol\u00edtica de nosso amado BOTAFOGO.<\/i><\/p>\n<p><i>Nas elei\u00e7\u00f5es de 2011, mesmo contra tudo e contra todos, pela primeira fez, elegemos 14 Conselheiros de oposi\u00e7\u00e3o que, juntamente com os Benem\u00e9ritos e Grandes Benem\u00e9ritos, fizeram um excelente trabalho no Deliberativo.<\/i><\/p>\n<p><i>J\u00e1 em 2014, chegou a nossa hora e vencemos uma elei\u00e7\u00e3o dur\u00edssima. Recebemos um Clube rebaixado e humilhado. Mas com muito trabalho e Amor, em apenas tr\u00eas anos, fomos da S\u00e9rie B at\u00e9 as semifinais da Ta\u00e7a Libertadores das Am\u00e9ricas. Assim, constru\u00edmos uma imagem como grupo, de seriedade e compet\u00eancia, indiscut\u00edveis.<\/i><\/p>\n<p><i>Lan\u00e7amos as bases para o prosseguimento e consolida\u00e7\u00e3o de um trabalho t\u00e3o duramente iniciado e que precisa ser mantido.<\/i><\/p>\n<p><i>Entretanto, hoje n\u00e3o me sinto mais em casa no Mais Botafogo. Muita coisa mudou e n\u00e3o foi para melhor. Desde o ano passado Jorge Aur\u00e9lio e Eu j\u00e1 convers\u00e1vamos sobre os rumos dos acontecimentos e divid\u00edamos nossas preocupa\u00e7\u00f5es. Alguns, n\u00e3o sei exatamente porque, parecem empenhados em tentar apagar o que fizemos ou em desacreditar os aspectos positivos da gest\u00e3o do MB.<\/i><\/p>\n<p><i>Assim, depois de refletir, gostaria de comunic\u00e1-los que chegou o momento de deixar o grupo e retomar o meu longo caminho na vida pol\u00edtica do BOTAFOGO, com a mesma independ\u00eancia e compromisso com o melhor para nosso Clube.<\/i><\/p>\n<p><i>Agrade\u00e7o pela acolhida, amizade, dedica\u00e7\u00e3o, compreens\u00e3o que aqui encontrei. Tenho certeza de que fiz muitas amizades e que nos encontraremos novamente em pr\u00f3ximas oportunidades no BOTAFOGO. <\/i><\/p>\n<p><i>Seguirei VP Geral e como Grande Benem\u00e9rito, membro do Conselho Deliberativo, disposto a trabalhar sempre pelo BOTAFOGO e a tamb\u00e9m sempre defend\u00ea-lo.<\/i><\/p>\n<p><i>AO BOTAFOGO TUDO! DO BOTAFOGO, S\u00d3 O DIREITO DE SERV\u00cd-LO!<\/i><\/p>\n<p><i>Recebam meus melhores Abra\u00e7os Alvinegros e at\u00e9 breve,<\/i><\/p>\n<\/div>\n<p><script>(function(d, s, id) {\n    var js, fjs = d.getElementsByTagName(s)[0];\n    if (d.getElementById(id)) return;\n    js = d.createElement(s); js.id = id;\n    js.src = 'https:\/\/connect.facebook.net\/pt_BR\/sdk.js#xfbml=1&version=v2.12&appId=1124817024230602';\n    fjs.parentNode.insertBefore(js, fjs);\n    }(document, 'script', 'facebook-jssdk'));<\/script><br \/>\n<br \/><br \/>\n<br \/><a href=\"http:\/\/www.lance.com.br\/botafogo\/presidente-carlos-eduardo-pereira-deixa-grupo-mais-botafogo.html\">Link do Artigo <\/a><\/p>\n","protected":false},"excerpt":{"rendered":"<p>Carlos Eduardo Pereira n\u00e3o faz mais parte do &#8220;Mais Botafogo&#8221;. Presidente do clube entre 2015 e 2018, CEP deixou o grupo pol\u00edtico que ajudou em sua elei\u00e7\u00e3o. Apesar dessa sa\u00edda, o dirigente vai manter a atual fun\u00e7\u00e3o na diretoria, que \u00e9 de vice-presidente geral. A informa\u00e7\u00e3o foi divulgada primeiramente pela &#8220;R\u00e1dio Tupi&#8221; e confirmada pelo [&hellip;]<\/p>\n","protected":false},"author":1,"featured_media":13626,"comment_status":"open","ping_status":"open","sticky":false,"template":"","format":"standard","meta":{"footnotes":""},"categories":[372],"tags":[],"class_list":["post-13625","post","type-post","status-publish","format-standard","has-post-thumbnail","hentry","category-futebol"],"_links":{"self":[{"href":"https:\/\/wiy.com.br\/noticias\/wp-json\/wp\/v2\/posts\/13625","targetHints":{"allow":["GET"]}}],"collection":[{"href":"https:\/\/wiy.com.br\/noticias\/wp-json\/wp\/v2\/posts"}],"about":[{"href":"https:\/\/wiy.com.br\/noticias\/wp-json\/wp\/v2\/types\/post"}],"author":[{"embeddable":true,"href":"https:\/\/wiy.com.br\/noticias\/wp-json\/wp\/v2\/users\/1"}],"replies":[{"embeddable":true,"href":"https:\/\/wiy.com.br\/noticias\/wp-json\/wp\/v2\/comments?post=13625"}],"version-history":[{"count":0,"href":"https:\/\/wiy.com.br\/noticias\/wp-json\/wp\/v2\/posts\/13625\/revisions"}],"wp:featuredmedia":[{"embeddable":true,"href":"https:\/\/wiy.com.br\/noticias\/wp-json\/wp\/v2\/media\/13626"}],"wp:attachment":[{"href":"https:\/\/wiy.com.br\/noticias\/wp-json\/wp\/v2\/media?parent=13625"}],"wp:term":[{"taxonomy":"category","embeddable":true,"href":"https:\/\/wiy.com.br\/noticias\/wp-json\/wp\/v2\/categories?post=13625"},{"taxonomy":"post_tag","embeddable":true,"href":"https:\/\/wiy.com.br\/noticias\/wp-json\/wp\/v2\/tags?post=13625"}],"curies":[{"name":"wp","href":"https:\/\/api.w.org\/{rel}","templated":true}]}}