{"id":13585,"date":"2023-02-26T15:19:44","date_gmt":"2023-02-26T18:19:44","guid":{"rendered":"https:\/\/wiy.com.br\/noticias\/deputado-questiona-onyx-sobre-gastos-com-comemoracao-do-golpe-de-1964\/"},"modified":"2019-03-28T15:59:18","modified_gmt":"2019-03-28T18:59:18","slug":"deputado-questiona-onyx-sobre-gastos-com-comemoracao-do-golpe-de-1964","status":"publish","type":"post","link":"https:\/\/wiy.com.br\/noticias\/deputado-questiona-onyx-sobre-gastos-com-comemoracao-do-golpe-de-1964\/","title":{"rendered":"Deputado questiona Onyx sobre gastos com comemora\u00e7\u00e3o do golpe de 1964"},"content":{"rendered":"<p> <br \/>\n<\/p>\n<div>\n<p>\nO deputado Alex Manente, do PPS de S\u00e3o Paulo, questionar\u00e1 Onyx Lorenzoni sobre gastos com a comemora\u00e7\u00e3o do golpe de 1964, determinada por Jair Bolsonaro.\n<\/p>\n<p>\nO requerimento de informa\u00e7\u00f5es foi protocolado na C\u00e2mara hoje.\n<\/p>\n<p>\nManente quer saber de Onyx quais as despesas diretas e indiretas previstas, em detalhes. Ele d\u00e1 o exemplo de convites, flores, energia el\u00e9trica e horas extras de funcion\u00e1rios.\n<\/p>\n<p>\nAinda, pergunta qual a previs\u00e3o no or\u00e7amento e nas leis para a comemora\u00e7\u00e3o do golpe de 1964.\n<\/p>\n<p>\n&#8220;O dinheiro do povo deve ser utilizado com muita sabedoria&#8221;, escreveu Manente, destacando a queda constante de arrecada\u00e7\u00e3o do governo federal.\n<\/p>\n<p>\n&#8220;Sem entrar no m\u00e9rito equivocado da homenagem, \u00e9 importante sabermos as consequ\u00eancias financeiras dos desejos do mandat\u00e1rio do Poder Executivo&#8221;.\n<\/p>\n<p>\n<strong>Leia mais:<br \/><\/strong><br \/>\n<a href=\"https:\/\/epoca.globo.com\/guilherme-amado\/qg-do-exercito-fara-palestra-sobre-revolucao-democratica-de-1964-23556183\">QG do Ex\u00e9rcito far\u00e1 palestra sobre &#8216;revolu\u00e7\u00e3o democr\u00e1tica&#8217; de 1964 <\/a><br \/>\n<br \/><a href=\"https:\/\/epoca.globo.com\/guilherme-amado\/deputado-do-pt-cobrara-ministro-da-defesa-sobre-comemoracoes-do-golpe-de-64-23553422\">Deputado do PT cobrar\u00e1 ministro da Defesa sobre comemora\u00e7\u00f5es do golpe de 1964<\/a><br \/>\n<br \/><a href=\"https:\/\/epoca.globo.com\/os-verdes-generais-contra-os-rosa-azuis-conservadores-23521149\">Os verdes generais contra os rosa e azuis conservadores <\/a><br \/>\n<br \/><a href=\"https:\/\/epoca.globo.com\/guilherme-amado\/os-bolsonaros-os-generais-23427628\">Os Bolsonaros e os generais<\/a>\n<\/p>\n<p>\n<strong>Acompanhe nas redes sociais: <a href=\"https:\/\/www.facebook.com\/GuilhermeAmadoJornalista\">Facebook<\/a> | <a href=\"https:\/\/twitter.com\/guilherme_amado\">Twitter<\/a> | <a href=\"https:\/\/www.instagram.com\/guilhermeamado\/\">Instagram<\/a><\/strong>\n<\/p>\n<div class=\"article__embed-container\">\n<div class=\"embed-social\">\n<div id=\"g-autores-coluna-box\" class=\"ai2html\">\n<div id=\"g-autores-coluna-desk\" class=\"g-artboard\">\n<div id=\"g-autores-coluna-desk-graphic\"><img title = \"[Tags]\"alt = \"autores-coluna-desk Deputado questiona Onyx sobre gastos com comemora\u00e7\u00e3o do golpe de 1964\"decoding=\"async\" class=\"g-aiImg\" id=\"g-ai0-0\" src=\"https:\/\/d37iydjzbdkvr9.cloudfront.net\/arquivos\/2019\/01\/18\/autores-coluna-desk.png\"\/><\/p>\n<div id=\"g-ai0-4\" class=\"g-Layer_1 g-aiAbs\" style=\"top:53.7867%;left:.1653%;width:46.581%\">\n<article class=\"g-aiPstyle2\">Guilherme Amado passou por O Globo, Veja e Extra. Recebeu os pr\u00eamios Esso e Tim Lopes de Jornalismo Investigativo. \u00c9 JSK Fellow na Universidade Stanford, e integrante do Cons\u00f3rcio Internacional de Jornalistas Investigativos. Fica entre Bras\u00edlia, S\u00e3o Paulo, Rio e onde mais houver uma boa hist\u00f3ria para contar.<\/article>\n<\/div>\n<div id=\"g-ai0-5\" class=\"g-Layer_1 g-aiAbs\" style=\"top:53.7867%;left:54.1705%;width:45.1613%\">\n<article class=\"g-aiPstyle2\">Eduardo Barretto passou pelo jornal O Globo e pelos sites Cruso\u00e9 e Poder360. Colaborou tamb\u00e9m para a Associated Press e O Estado de S. Paulo. Estudou na Universidade de Bras\u00edlia e na London School of Journalism. Fica baseado na Capital Federal, onde busca hist\u00f3rias sobre o poder.<\/article>\n<\/div>\n<\/div>\n<\/div>\n<div id=\"g-autores-coluna-mobi\" class=\"g-artboard\">\n<div id=\"g-autores-coluna-mobi-graphic\"><img title = \"[Tags]\"alt = \"autores-coluna-desk Deputado questiona Onyx sobre gastos com comemora\u00e7\u00e3o do golpe de 1964\"decoding=\"async\" class=\"g-aiImg\" id=\"g-ai1-0\" src=\"https:\/\/d37iydjzbdkvr9.cloudfront.net\/arquivos\/2019\/01\/18\/autores-coluna-mobi.png\"\/><\/p>\n<div id=\"g-ai1-3\" class=\"g-Layer_1 g-aiAbs\" style=\"top:26.4122%;left:3.1238%;width:93.3333%\">\n<article class=\"g-aiPstyle2\">Guilherme Amado passou por O Globo, Veja e Extra. Recebeu os pr\u00eamios Esso e Tim Lopes de Jornalismo Investigativo. \u00c9 JSK Fellow na Universidade Stanford, e integrante do Cons\u00f3rcio Internacional de Jornalistas Investigativos. Fica entre Bras\u00edlia, S\u00e3o Paulo, Rio e onde mais houver uma boa hist\u00f3ria para contar.<\/article>\n<\/div>\n<div id=\"g-ai1-5\" class=\"g-Layer_1 g-aiAbs\" style=\"top:76.2784%;left:3.2939%;width:93.3333%\">\n<article class=\"g-aiPstyle2\">Eduardo Barretto passou pelo jornal O Globo e pelos sites Cruso\u00e9 e Poder360. Colaborou tamb\u00e9m para a Associated Press e O Estado de S. Paulo. Estudou na Universidade de Bras\u00edlia e na London School of Journalism. Fica baseado na Capital Federal, onde busca hist\u00f3rias sobre o poder.<\/article>\n<\/div>\n<\/div>\n<\/div>\n<\/div>\n<\/div>\n<\/div>\n<\/div>\n<p><script async src=\"http:\/\/platform.twitter.com\/widgets.js\" charset=\"utf-8\"><\/script><script async defer src=\"http:\/\/platform.instagram.com\/en_US\/embeds.js\"><\/script><br \/>\n<br \/><br \/>\n<br \/><a href=\"https:\/\/epoca.globo.com\/guilherme-amado\/deputado-questiona-onyx-sobre-gastos-com-comemoracao-do-golpe-de-1964-23557622\">Fonte do Artigo <\/a><\/p>\n","protected":false},"excerpt":{"rendered":"<p>O deputado Alex Manente, do PPS de S\u00e3o Paulo, questionar\u00e1 Onyx Lorenzoni sobre gastos com a comemora\u00e7\u00e3o do golpe de 1964, determinada por Jair Bolsonaro. O requerimento de informa\u00e7\u00f5es foi protocolado na C\u00e2mara hoje. Manente quer saber de Onyx quais as despesas diretas e indiretas previstas, em detalhes. Ele d\u00e1 o exemplo de convites, flores, [&hellip;]<\/p>\n","protected":false},"author":1,"featured_media":12399,"comment_status":"open","ping_status":"open","sticky":false,"template":"","format":"standard","meta":{"footnotes":""},"categories":[337],"tags":[],"class_list":["post-13585","post","type-post","status-publish","format-standard","has-post-thumbnail","hentry","category-noticias"],"_links":{"self":[{"href":"https:\/\/wiy.com.br\/noticias\/wp-json\/wp\/v2\/posts\/13585","targetHints":{"allow":["GET"]}}],"collection":[{"href":"https:\/\/wiy.com.br\/noticias\/wp-json\/wp\/v2\/posts"}],"about":[{"href":"https:\/\/wiy.com.br\/noticias\/wp-json\/wp\/v2\/types\/post"}],"author":[{"embeddable":true,"href":"https:\/\/wiy.com.br\/noticias\/wp-json\/wp\/v2\/users\/1"}],"replies":[{"embeddable":true,"href":"https:\/\/wiy.com.br\/noticias\/wp-json\/wp\/v2\/comments?post=13585"}],"version-history":[{"count":0,"href":"https:\/\/wiy.com.br\/noticias\/wp-json\/wp\/v2\/posts\/13585\/revisions"}],"wp:featuredmedia":[{"embeddable":true,"href":"https:\/\/wiy.com.br\/noticias\/wp-json\/wp\/v2\/media\/12399"}],"wp:attachment":[{"href":"https:\/\/wiy.com.br\/noticias\/wp-json\/wp\/v2\/media?parent=13585"}],"wp:term":[{"taxonomy":"category","embeddable":true,"href":"https:\/\/wiy.com.br\/noticias\/wp-json\/wp\/v2\/categories?post=13585"},{"taxonomy":"post_tag","embeddable":true,"href":"https:\/\/wiy.com.br\/noticias\/wp-json\/wp\/v2\/tags?post=13585"}],"curies":[{"name":"wp","href":"https:\/\/api.w.org\/{rel}","templated":true}]}}