{"id":13519,"date":"2023-02-26T15:07:06","date_gmt":"2023-02-26T18:07:06","guid":{"rendered":"https:\/\/wiy.com.br\/noticias\/gafisa-anuncia-renuncia-de-oscar-segall-ao-conselho-de-administracao\/"},"modified":"2019-03-28T10:48:08","modified_gmt":"2019-03-28T13:48:08","slug":"gafisa-anuncia-renuncia-de-oscar-segall-ao-conselho-de-administracao","status":"publish","type":"post","link":"https:\/\/wiy.com.br\/noticias\/gafisa-anuncia-renuncia-de-oscar-segall-ao-conselho-de-administracao\/","title":{"rendered":"Gafisa anuncia ren\u00fancia de Oscar Segall ao Conselho de Administra\u00e7\u00e3o"},"content":{"rendered":"<p> <br \/>\n<\/p>\n<p>S\u00e3o Paulo \u2014 A <strong><a href=\"https:\/\/exame.abril.com.br\/noticias-sobre\/gafisa\/\">Gafisa<\/a><\/strong> comunicou a ren\u00fancia de Oscar Segall ao cargo de membro do conselho de administra\u00e7\u00e3o da companhia. O comunicado n\u00e3o informa se haver\u00e1 substituto.<\/p>\n<p>Oscar Segall havia assumido o posto em 17 de fevereiro, ap\u00f3s a sa\u00edda de Mu Hak You e Thiago You, representantes da GWI, maior acionista da incorporadora at\u00e9 o come\u00e7o do ano.<\/p>\n<p>Na ocasi\u00e3o, Segall ingressou tamb\u00e9m no rec\u00e9m-criado comit\u00ea para reestrutura\u00e7\u00e3o financeira e operacional da Gafisa. Com experi\u00eancia no mercado imobili\u00e1rio, o executivo \u00e9 fundador da KSM Realty, foi fundador da Klabin Segall (incorporadora que saiu do mercado em meio a dificuldades financeiras no passado) e head da \u00e1rea de Real Estate do BTG Pactual.<\/p>\n<div class=\"widget-news widget-box no-margin no-border\"><span class=\"widget-news-title content-box-title\">Veja tamb\u00e9m<\/span><\/p>\n<ul class=\"widget-news-list\">\n<li class=\"widget-news-item without-thumb with-border\">\n<div class=\"widget-news-info\"><a href=\"http:\/\/exame.abril.com.br\/negocios\">NEG\u00d3CIOS<\/a><span class=\"widget-news-item-title\"><a href=\"https:\/\/exame.abril.com.br\/negocios\/conselho-da-gafisa-elege-roberto-luz-portella-como-ceo\/\">Conselho da Gafisa elege Roberto Luz Portella como CEO<\/a><\/span><span class=\"widget-news-item-date\">28 mar 2019 &#8211; 10h03<\/span><\/div>\n<\/li>\n<\/ul>\n<\/div>\n<p>A Gafisa informou tamb\u00e9m a revis\u00e3o de contratos com advogados externos e a contrata\u00e7\u00e3o do escrit\u00f3rio Almeida Advogados para a assessoria jur\u00eddica do processo de reestrutura\u00e7\u00e3o e capitaliza\u00e7\u00e3o da companhia.<\/p>\n<p>O escrit\u00f3rio pertence ao advogado Andr\u00e9 de Almeida, que foi apontado como parte da chapa que ir\u00e1 compor o novo conselho de administra\u00e7\u00e3o da Gafisa caso aprovado em vota\u00e7\u00e3o na assembleia geral de acionistas marcada para 15 de abril.<\/p>\n<p>O escrit\u00f3rio j\u00e1 atendeu, entre outros clientes, a pr\u00f3pria GWI, al\u00e9m de investidores minorit\u00e1rios contr\u00e1rios ao plano de recupera\u00e7\u00e3o judicial da Oi, e investidores lesados pelos crimes na Petrobras no \u00e2mbito da Lava Jato.<\/p>\n<p><br \/>\n<br \/><a href=\"https:\/\/exame.abril.com.br\/negocios\/gafisa-anuncia-renuncia-de-oscar-segall-ao-conselho-de-administracao\/\">Fonte do Artigo <\/a><\/p>\n<p>#noticias #news #o #brasil #venezuela #n #jornalismo #a #love #like #bbb #musica #colombia #tv #blog #fofoca #mexico #gay #caracas #saopaulo #instagram #follow #not #cias #famosos #m #brazil #politica #pol #jeansobrinho<\/p>\n","protected":false},"excerpt":{"rendered":"<p>S\u00e3o Paulo \u2014 A Gafisa comunicou a ren\u00fancia de Oscar Segall ao cargo de membro do conselho de administra\u00e7\u00e3o da companhia. O comunicado n\u00e3o informa se haver\u00e1 substituto. Oscar Segall havia assumido o posto em 17 de fevereiro, ap\u00f3s a sa\u00edda de Mu Hak You e Thiago You, representantes da GWI, maior acionista da incorporadora [&hellip;]<\/p>\n","protected":false},"author":1,"featured_media":13520,"comment_status":"open","ping_status":"open","sticky":false,"template":"","format":"standard","meta":{"footnotes":""},"categories":[339],"tags":[],"class_list":["post-13519","post","type-post","status-publish","format-standard","has-post-thumbnail","hentry","category-negocios"],"_links":{"self":[{"href":"https:\/\/wiy.com.br\/noticias\/wp-json\/wp\/v2\/posts\/13519","targetHints":{"allow":["GET"]}}],"collection":[{"href":"https:\/\/wiy.com.br\/noticias\/wp-json\/wp\/v2\/posts"}],"about":[{"href":"https:\/\/wiy.com.br\/noticias\/wp-json\/wp\/v2\/types\/post"}],"author":[{"embeddable":true,"href":"https:\/\/wiy.com.br\/noticias\/wp-json\/wp\/v2\/users\/1"}],"replies":[{"embeddable":true,"href":"https:\/\/wiy.com.br\/noticias\/wp-json\/wp\/v2\/comments?post=13519"}],"version-history":[{"count":0,"href":"https:\/\/wiy.com.br\/noticias\/wp-json\/wp\/v2\/posts\/13519\/revisions"}],"wp:featuredmedia":[{"embeddable":true,"href":"https:\/\/wiy.com.br\/noticias\/wp-json\/wp\/v2\/media\/13520"}],"wp:attachment":[{"href":"https:\/\/wiy.com.br\/noticias\/wp-json\/wp\/v2\/media?parent=13519"}],"wp:term":[{"taxonomy":"category","embeddable":true,"href":"https:\/\/wiy.com.br\/noticias\/wp-json\/wp\/v2\/categories?post=13519"},{"taxonomy":"post_tag","embeddable":true,"href":"https:\/\/wiy.com.br\/noticias\/wp-json\/wp\/v2\/tags?post=13519"}],"curies":[{"name":"wp","href":"https:\/\/api.w.org\/{rel}","templated":true}]}}