{"id":13464,"date":"2023-02-26T15:06:18","date_gmt":"2023-02-26T18:06:18","guid":{"rendered":"https:\/\/wiy.com.br\/noticias\/ferj-ve-excelente-atuacao-da-arbitragem-e-do-var-no-fluminense-x-flamengo\/"},"modified":"2019-03-28T05:48:02","modified_gmt":"2019-03-28T08:48:02","slug":"ferj-ve-excelente-atuacao-da-arbitragem-e-do-var-no-fluminense-x-flamengo","status":"publish","type":"post","link":"https:\/\/wiy.com.br\/noticias\/ferj-ve-excelente-atuacao-da-arbitragem-e-do-var-no-fluminense-x-flamengo\/","title":{"rendered":"Ferj v\u00ea &#8216;excelente atua\u00e7\u00e3o&#8217; da arbitragem e do VAR no Fluminense x Flamengo"},"content":{"rendered":"<p> <br \/>\n<\/p>\n<div>\n<p>\nA comiss\u00e3o de arbitragem da Ferj fez uma avalia\u00e7\u00e3o positiva do desempenho de Marcelo de Lima Henrique e dos assistentes que atuaram no cl\u00e1ssico entre Fluminense e Flamengo, nesta quarta-feira, no Maracan\u00e3. O jogo foi marcado pelas decis\u00f5es tomadas com o aux\u00edlio de arbitragem, entre elas um gol tricolor anulado e um p\u00eanalti contra o rubro-negro.\n<\/p>\n<p>\n&#8211; Excelente atua\u00e7\u00e3o da equipe de arbitragem e equipe do VAR &#8211; sintetizou Jorge Rabello, presidente da comiss\u00e3o de arbitragem.\n<\/p>\n<p>\n\u00a0<\/p>\n<aside class=\"article-related-links \">\n<\/aside>\n<\/p>\n<h2>Gol anulado<\/h2>\n<p>\nApesar de ter demorado cinco minutos para tomar a decis\u00e3o, Marcelo de Lima Henrique n\u00e3o foi criticado pela Ferj por causa da anula\u00e7\u00e3o do gol de L\u00e9o Santos. Na vis\u00e3o da comiss\u00e3o de arbitragem, a falta de Matheus Ferraz em Rodrigo Caio na origem do lance, analisada com o aux\u00edlio da t\u00e9cnologia, foi o seguinte:\n<\/p>\n<p>\n&#8211; Lance subjetivo. Portanto, interpretativo. Ficamos com o \u00e1rbitro. Falta e gol anulado.\n<\/p>\n<h2>P\u00eanalti para o Fluminense<\/h2>\n<p>\nEveraldo foi derrubado na \u00e1rea por L\u00e9o Duarte. Antes da bola voltar ao jogo, Marcelo de Lima Henrique foi comunicado pelo VAR de que havia algo digno de ser verificado.\n<\/p>\n<p>\n&#8211; O VAR, dentro do protocolo, comunica que houve contato f\u00edsico faltoso dentro da \u00e1rea e sugere a revis\u00e3o. Revis\u00e3o feita, ficamos com o \u00e1rbitro. P\u00eanalti &#8211; comenta Rabello.\n<\/p>\n<h2>Expuls\u00f5es e p\u00eanalti decisivo<\/h2>\n<p>\nA comiss\u00e3o de arbitragem da Ferj tamb\u00e9m considerou corretas a aplica\u00e7\u00e3o do cart\u00e3o vermelho direto para Bruno Henrique e a marca\u00e7\u00e3o do p\u00eanalti sobre Lucas Silva, aos 49 do segundo tempo.\n<\/p>\n<\/div>\n<p><br \/>\n<br \/><a href=\"https:\/\/oglobo.globo.com\/esportes\/ferj-ve-excelente-atuacao-da-arbitragem-do-var-no-fluminense-flamengo-23556409\">Fonte do Artigo <\/a><\/p>\n","protected":false},"excerpt":{"rendered":"<p>A comiss\u00e3o de arbitragem da Ferj fez uma avalia\u00e7\u00e3o positiva do desempenho de Marcelo de Lima Henrique e dos assistentes que atuaram no cl\u00e1ssico entre Fluminense e Flamengo, nesta quarta-feira, no Maracan\u00e3. O jogo foi marcado pelas decis\u00f5es tomadas com o aux\u00edlio de arbitragem, entre elas um gol tricolor anulado e um p\u00eanalti contra o [&hellip;]<\/p>\n","protected":false},"author":1,"featured_media":0,"comment_status":"open","ping_status":"open","sticky":false,"template":"","format":"standard","meta":{"footnotes":""},"categories":[337],"tags":[],"class_list":["post-13464","post","type-post","status-publish","format-standard","hentry","category-noticias"],"_links":{"self":[{"href":"https:\/\/wiy.com.br\/noticias\/wp-json\/wp\/v2\/posts\/13464","targetHints":{"allow":["GET"]}}],"collection":[{"href":"https:\/\/wiy.com.br\/noticias\/wp-json\/wp\/v2\/posts"}],"about":[{"href":"https:\/\/wiy.com.br\/noticias\/wp-json\/wp\/v2\/types\/post"}],"author":[{"embeddable":true,"href":"https:\/\/wiy.com.br\/noticias\/wp-json\/wp\/v2\/users\/1"}],"replies":[{"embeddable":true,"href":"https:\/\/wiy.com.br\/noticias\/wp-json\/wp\/v2\/comments?post=13464"}],"version-history":[{"count":0,"href":"https:\/\/wiy.com.br\/noticias\/wp-json\/wp\/v2\/posts\/13464\/revisions"}],"wp:attachment":[{"href":"https:\/\/wiy.com.br\/noticias\/wp-json\/wp\/v2\/media?parent=13464"}],"wp:term":[{"taxonomy":"category","embeddable":true,"href":"https:\/\/wiy.com.br\/noticias\/wp-json\/wp\/v2\/categories?post=13464"},{"taxonomy":"post_tag","embeddable":true,"href":"https:\/\/wiy.com.br\/noticias\/wp-json\/wp\/v2\/tags?post=13464"}],"curies":[{"name":"wp","href":"https:\/\/api.w.org\/{rel}","templated":true}]}}