{"id":13129,"date":"2023-02-26T15:01:33","date_gmt":"2023-02-26T18:01:33","guid":{"rendered":"https:\/\/wiy.com.br\/noticias\/parlamentares-querem-proibir-bancada-da-bala-de-portar-arma-na-alesp\/"},"modified":"2019-03-26T19:20:21","modified_gmt":"2019-03-26T22:20:21","slug":"parlamentares-querem-proibir-bancada-da-bala-de-portar-arma-na-alesp","status":"publish","type":"post","link":"https:\/\/wiy.com.br\/noticias\/parlamentares-querem-proibir-bancada-da-bala-de-portar-arma-na-alesp\/","title":{"rendered":"Parlamentares querem proibir bancada da bala de portar arma na Alesp"},"content":{"rendered":"<p> <br \/>\n<\/p>\n<p>S\u00e3o Paulo &#8211; Deputadas de diferentes partidos da <strong><a href=\"https:\/\/exame.abril.com.br\/noticias-sobre\/assembleias-legislativas\" target=\"_blank\" rel=\"noopener noreferrer\">Assembleia Legislativa de S\u00e3o Paulo (Alesp)<\/a><\/strong> se uniram para tentar proibir o porte de <strong><a href=\"https:\/\/exame.abril.com.br\/noticias-sobre\/armas\" target=\"_blank\" rel=\"noopener noreferrer\">armas<\/a><\/strong> por parlamentares dentro do plen\u00e1rio da Casa. A pol\u00eamica veio \u00e0 tona logo na primeira sess\u00e3o da nova legislatura, no dia 15, quando o deputado agente federal Danilo Balas (PSL) foi flagrado armado por colegas durante a acalorada elei\u00e7\u00e3o da Mesa Diretora.<\/p>\n<p>Uma das parlamentares que se disse constrangida com a cena foi a deputada M\u00f4nica da Bancada Ativista (PSOL), que apresentou depois do epis\u00f3dio um projeto de resolu\u00e7\u00e3o para proibir o porte dentro do plen\u00e1rio. Hoje, o regime interno da Alesp s\u00f3 pro\u00edbe a entrada de espectadores armados nas galerias do plen\u00e1rio.<\/p>\n<p>Com renova\u00e7\u00e3o de 55%, a nova legislatura ampliou para 13 o n\u00famero de deputados ligados \u00e0 seguran\u00e7a p\u00fablica, a chamada &#8220;bancada da bala&#8221;. Destes, segundo os deputados, alguns circulam armados pelos corredores da Casa, mas s\u00f3 Danilo Balas foi visto armado no plen\u00e1rio, cujo acesso \u00e9 controlado por policiais militares.<\/p>\n<p>&#8220;Compreendo que eles t\u00eam o porte de armas como parte de sua profiss\u00e3o de origem. Mas aqui no plen\u00e1rio constrange e inibe o debate. Imagina se fosse eu (na elei\u00e7\u00e3o da Mesa Diretora), peitando no lugar dos parlamentares do PT os policiais do PSL. \u00c9 muito assustador&#8221;, disse M\u00f4nica, que j\u00e1 havia reclamado do porte de armas durante discurso no plen\u00e1rio na semana passada.<\/p>\n<p>A queixa teve ades\u00e3o de outras colegas de Casa. A deputada Marina Helou (Rede) defendeu a proibi\u00e7\u00e3o do porte no plen\u00e1rio na reuni\u00e3o do Col\u00e9gio de L\u00edderes e prop\u00f4s a cria\u00e7\u00e3o de uma comiss\u00e3o para fazer altera\u00e7\u00f5es no regimento interno da Assembleia. &#8220;Hoje s\u00f3 \u00e9 proibido na galeria, n\u00e3o h\u00e1 nenhuma proibi\u00e7\u00e3o expressa no plen\u00e1rio&#8221;, afirmou.<\/p>\n<p>A l\u00edder do PSDB, deputada Carla Morando, tamb\u00e9m se manifestou \u00e0 favor da proibi\u00e7\u00e3o. &#8220;A Assembleia \u00e9 um lugar seguro. N\u00e3o h\u00e1 necessidade dos deputados estarem armados. Isso causa constrangimento ao restante dos deputados&#8221;, afirmou a tucana. A medida tamb\u00e9m tem apoio da bancada do PT. &#8220;Plen\u00e1rio n\u00e3o \u00e9 lugar para armas, mas para o debate de ideias&#8221;, disse o petista Paulo Fiorilo.<\/p>\n<p>At\u00e9 deputados que det\u00eam o porte de armas, como delegado Bruno Lima (PSL), acham desnecess\u00e1rio entrar armado em plen\u00e1rio. &#8220;Acho que o policiamento da Casa \u00e9 suficiente para garantir nossa integridade no plen\u00e1rio. Eu deixo minha arma no gabinete&#8221;, afirmou Lima. O parlamentar, por outro lado, defende maior controle no acesso de visitantes ao pr\u00e9dio da Alesp.<\/p>\n<h3><strong>&#8216;Esse \u00e9 o Legislativo mais inseguro do Pa\u00eds&#8217;<\/strong><\/h3>\n<p>Esse \u00e9 o argumento usado pelo deputado Danilo Balas (PSL) para entrar armado no plen\u00e1rio. Agente da Pol\u00edcia Federal h\u00e1 14 anos, ele disse j\u00e1 ter sido amea\u00e7ado in\u00fameras vezes e que n\u00e3o se sente seguro dentro da Assembleia por causa da falta de controle de seguran\u00e7a na entrada do Pal\u00e1cio 9 de Julho. &#8220;Esse \u00e9 o Legislativo mais inseguro do Pa\u00eds. Meu pleito \u00e9 para que instalem detectores de metais na entrada, porque por causa da minha atua\u00e7\u00e3o sofro muitas amea\u00e7adas&#8221;, disse.<\/p>\n<p>A reportagem conversou com Danilo Balas na tarde desta ter\u00e7a-feira, 26, na entrada do plen\u00e1rio, enquanto ele aguardava ser chamado para discursar na tribuna. O parlamentar n\u00e3o quis dizer se estava armado no momento, mas afirmou que se houver uma determina\u00e7\u00e3o proibindo o porte no plen\u00e1rio ir\u00e1 cumprir a norma.<\/p>\n<p>&#8220;Sou um cumpridor da lei. At\u00e9 por isso jamais sacaria minha arma durante um debate no plen\u00e1rio. J\u00e1 troquei tiros em um assalto a banco, em uma intercepta\u00e7\u00e3o de avi\u00e3o com drogas. Meu limite j\u00e1 foi testado ao extremo, n\u00e3o seria um debate acalorado que me faria usar a arma&#8221;, disse Balas.<\/p>\n<p><br \/>\n<br \/><a href=\"https:\/\/exame.abril.com.br\/brasil\/parlamentares-querem-proibir-bancada-da-bala-de-portar-arma-na-alesp\/\">Source link <\/a><\/p>\n","protected":false},"excerpt":{"rendered":"<p>S\u00e3o Paulo &#8211; Deputadas de diferentes partidos da Assembleia Legislativa de S\u00e3o Paulo (Alesp) se uniram para tentar proibir o porte de armas por parlamentares dentro do plen\u00e1rio da Casa. A pol\u00eamica veio \u00e0 tona logo na primeira sess\u00e3o da nova legislatura, no dia 15, quando o deputado agente federal Danilo Balas (PSL) foi flagrado [&hellip;]<\/p>\n","protected":false},"author":1,"featured_media":13130,"comment_status":"open","ping_status":"open","sticky":false,"template":"","format":"standard","meta":{"footnotes":""},"categories":[337],"tags":[],"class_list":["post-13129","post","type-post","status-publish","format-standard","has-post-thumbnail","hentry","category-noticias"],"_links":{"self":[{"href":"https:\/\/wiy.com.br\/noticias\/wp-json\/wp\/v2\/posts\/13129","targetHints":{"allow":["GET"]}}],"collection":[{"href":"https:\/\/wiy.com.br\/noticias\/wp-json\/wp\/v2\/posts"}],"about":[{"href":"https:\/\/wiy.com.br\/noticias\/wp-json\/wp\/v2\/types\/post"}],"author":[{"embeddable":true,"href":"https:\/\/wiy.com.br\/noticias\/wp-json\/wp\/v2\/users\/1"}],"replies":[{"embeddable":true,"href":"https:\/\/wiy.com.br\/noticias\/wp-json\/wp\/v2\/comments?post=13129"}],"version-history":[{"count":0,"href":"https:\/\/wiy.com.br\/noticias\/wp-json\/wp\/v2\/posts\/13129\/revisions"}],"wp:featuredmedia":[{"embeddable":true,"href":"https:\/\/wiy.com.br\/noticias\/wp-json\/wp\/v2\/media\/13130"}],"wp:attachment":[{"href":"https:\/\/wiy.com.br\/noticias\/wp-json\/wp\/v2\/media?parent=13129"}],"wp:term":[{"taxonomy":"category","embeddable":true,"href":"https:\/\/wiy.com.br\/noticias\/wp-json\/wp\/v2\/categories?post=13129"},{"taxonomy":"post_tag","embeddable":true,"href":"https:\/\/wiy.com.br\/noticias\/wp-json\/wp\/v2\/tags?post=13129"}],"curies":[{"name":"wp","href":"https:\/\/api.w.org\/{rel}","templated":true}]}}