{"id":13027,"date":"2023-02-26T15:40:41","date_gmt":"2023-02-26T18:40:41","guid":{"rendered":"https:\/\/wiy.com.br\/noticias\/bolsonaro-acompanha-michelle-a-evento-em-um-shopping-de-brasilia\/"},"modified":"2019-03-26T11:51:18","modified_gmt":"2019-03-26T14:51:18","slug":"bolsonaro-acompanha-michelle-a-evento-em-um-shopping-de-brasilia","status":"publish","type":"post","link":"https:\/\/wiy.com.br\/noticias\/bolsonaro-acompanha-michelle-a-evento-em-um-shopping-de-brasilia\/","title":{"rendered":"Bolsonaro\u00a0acompanha\u00a0Michelle a evento em um shopping de Bras\u00edlia\u00a0"},"content":{"rendered":"<p> <br \/>\n<\/p>\n<div>\n<p>\nBRAS\u00cdLIA &#8211;\u00a0O presidente Jair<br \/>\n<strong>Bolsonaro<\/strong><br \/>\nesteve na manh\u00e3 desta ter\u00e7a-feira em um\u00a0shopping de Bras\u00edlia com a primeira-dama,<br \/>\n<strong>Michelle Bolsonaro<\/strong><br \/>\n. O casal foi acompanhado por seguran\u00e7as do Gabinete de Seguran\u00e7a Institucional.\n<\/p>\n<p>\nA reportagem do GLOBO apurou que o presidente foi ao Park Shopping para participar de um evento privado, onde assistiu a um filme relacionado a atividades desenvolvidas pela mulher.\n<\/p>\n<p>\nA primeira agenda oficial do dia de Bolsonaro \u00e9 \u00e0s 11h30, uma audi\u00eancia com o governador do Rio de Janeiro, Wilson Witzel.<br \/>\n<br \/>\u00a0\n<\/p>\n<p>\nDurante a manh\u00e3, a Secretaria de Comunica\u00e7\u00e3o do Pal\u00e1cio do Planalto confirmou apenas que o presidente havia deixado o Pal\u00e1cio da Alvorada, sua resid\u00eancia oficial, e &#8220;provavelmente&#8221; estaria em uma agenda privada.\n<\/p>\n<\/div>\n<p><br \/>\n<br \/><a href=\"https:\/\/oglobo.globo.com\/brasil\/bolsonaroacompanhamichelle-evento-em-um-shopping-de-brasilia-23551340\">Fonte do Artigo <\/a><\/p>\n","protected":false},"excerpt":{"rendered":"<p>BRAS\u00cdLIA &#8211;\u00a0O presidente Jair Bolsonaro esteve na manh\u00e3 desta ter\u00e7a-feira em um\u00a0shopping de Bras\u00edlia com a primeira-dama, Michelle Bolsonaro . O casal foi acompanhado por seguran\u00e7as do Gabinete de Seguran\u00e7a Institucional. A reportagem do GLOBO apurou que o presidente foi ao Park Shopping para participar de um evento privado, onde assistiu a um filme relacionado [&hellip;]<\/p>\n","protected":false},"author":1,"featured_media":0,"comment_status":"open","ping_status":"open","sticky":false,"template":"","format":"standard","meta":{"footnotes":""},"categories":[337],"tags":[],"class_list":["post-13027","post","type-post","status-publish","format-standard","hentry","category-noticias"],"_links":{"self":[{"href":"https:\/\/wiy.com.br\/noticias\/wp-json\/wp\/v2\/posts\/13027","targetHints":{"allow":["GET"]}}],"collection":[{"href":"https:\/\/wiy.com.br\/noticias\/wp-json\/wp\/v2\/posts"}],"about":[{"href":"https:\/\/wiy.com.br\/noticias\/wp-json\/wp\/v2\/types\/post"}],"author":[{"embeddable":true,"href":"https:\/\/wiy.com.br\/noticias\/wp-json\/wp\/v2\/users\/1"}],"replies":[{"embeddable":true,"href":"https:\/\/wiy.com.br\/noticias\/wp-json\/wp\/v2\/comments?post=13027"}],"version-history":[{"count":0,"href":"https:\/\/wiy.com.br\/noticias\/wp-json\/wp\/v2\/posts\/13027\/revisions"}],"wp:attachment":[{"href":"https:\/\/wiy.com.br\/noticias\/wp-json\/wp\/v2\/media?parent=13027"}],"wp:term":[{"taxonomy":"category","embeddable":true,"href":"https:\/\/wiy.com.br\/noticias\/wp-json\/wp\/v2\/categories?post=13027"},{"taxonomy":"post_tag","embeddable":true,"href":"https:\/\/wiy.com.br\/noticias\/wp-json\/wp\/v2\/tags?post=13027"}],"curies":[{"name":"wp","href":"https:\/\/api.w.org\/{rel}","templated":true}]}}