{"id":12938,"date":"2023-02-26T15:24:37","date_gmt":"2023-02-26T18:24:37","guid":{"rendered":"https:\/\/wiy.com.br\/noticias\/artigo-empreendedorismo-politico-jornal-o-globo\/"},"modified":"2019-03-26T03:40:29","modified_gmt":"2019-03-26T06:40:29","slug":"artigo-empreendedorismo-politico-jornal-o-globo","status":"publish","type":"post","link":"https:\/\/wiy.com.br\/noticias\/artigo-empreendedorismo-politico-jornal-o-globo\/","title":{"rendered":"Artigo: Empreendedorismo pol\u00edtico &#8211; Jornal O Globo"},"content":{"rendered":"<p> <br \/>\n<\/p>\n<div>\n<p>\nAs elei\u00e7\u00f5es brasileiras de 2018 tornaram evidente que o empreendedorismo deixou de ser uma palavra da moda e passou a ser uma realidade. Mas engana-se quem pensa se tratar de um movimento exclusivo do setor produtivo. Temos testemunhado a\u00e7\u00f5es vitoriosas, tamb\u00e9m no campo do empreendedorismo social e pol\u00edtico.\n<\/p>\n<p>\nSeja pela falta de espa\u00e7o no mercado formal ou em raz\u00e3o do contingente de jovens e adultos com acesso amplo \u00e0 tecnologia, o pa\u00eds vive um per\u00edodo de inova\u00e7\u00e3o, renova\u00e7\u00e3o e busca incessante por novos nichos e oportunidades.\n<\/p>\n<p>\nDesenvolver mecanismos criativos para superar entraves ou mesmo meros inc\u00f4modos \u00e9 o segredo do sucesso de quem empreende. No campo da pol\u00edtica, o sintoma mais evidente entre os eleitores brasileiros \u00e9 a desconfian\u00e7a de tudo que vem do Estado; s\u00e3o descrentes da classe pol\u00edtica em geral, em decorr\u00eancia da corrup\u00e7\u00e3o; do nepotismo; da fraude eleitoral, nas suas diversas formas; da infidelidade partid\u00e1ria; do mau uso de verbas p\u00fablicas; do corporativismo, entre tantos outros desvios de conduta.\n<\/p>\n<p>\n\u00a0 Os primeiros sinais do empreendedorismo aplicado \u00e0 politica ficaram evidentes em 2011, com o surgimento de novos partidos, como o Partido Novo e a Rede Sustentabilidade. Em seguida, movimentos pol\u00edticos como o Movimento Brasil Livre (MBL), Vem Pra Rua (VPR) e grupos com pautas diversas ganharam for\u00e7a e se consolidaram com a crescente exposi\u00e7\u00e3o dos seus idealizadores em redes sociais e a ades\u00e3o da popula\u00e7\u00e3o \u00e0s manifesta\u00e7\u00f5es e atos p\u00fablicos.\n<\/p>\n<p>\nNesse mesmo passo, o fim do financiamento privado de campanhas constituiu-se em um importante divisor de \u00e1guas, incentivando o ingresso de novos nomes na corrida eleitoral de 2018, como postulantes de cargos nos Poderes Executivo e Legislativo e alternativas legais para viabilizar economicamente as candidaturas.\n<\/p>\n<section class=\"block block--advertising\">\n<\/section>\n<p>\nMovimentos suprapartid\u00e1rios como Agora!, Acredito, Livres e centros de forma\u00e7\u00e3o de novas lideran\u00e7as, como o RenovaBR, surgiram da insatisfa\u00e7\u00e3o generalizada\u00a0 daqueles que, se valendo do seu espirito empreendedor, querem ser protagonistas de suas escolhas. Nos maiores col\u00e9gios eleitorais do pa\u00eds, diversos candidatos apoiados pela RenovaBR sensibilizaram o eleitor na disputa por assentos no Congresso Nacional e nas Assembleias, inaugurando a bancada da renova\u00e7\u00e3o.\n<\/p>\n<p>\nOutra prova dessas mudan\u00e7as, capitaneadas por uma l\u00f3gica empreendedora, \u00e9 a verdadeira restrutura\u00e7\u00e3o da vida pol\u00edtica nacional. Aplicativos gratuitos para escolha de candidatos como o Match Eleitoral e o Tem Meu Voto apoiaram escolhas de mais de um milh\u00e3o de eleitores.\u00a0 Al\u00e9m disso, ferramentas para acompanhar a atua\u00e7\u00e3o de parlamentares e conhecer o perfil dos eleitos, como Meu Mandato, Ranking dos Pol\u00edticos e Poder do Voto, foram bem recebidos pelos eleitores. Sites e servi\u00e7os de checagem de not\u00edcias falsas, as famosas fake news, se multiplicaram e passaram a fazer parte da vida do brasileiro.\n<\/p>\n<p>\nO percentual de novos deputados e senadores eleitos no \u00faltimo pleito superou as expectativas, a ponto da bancada da renova\u00e7\u00e3o no legislativo estadual e federal (2019-2022) merecer o mesmo destaque de outras tradicionais, como a evang\u00e9lica e a do agroneg\u00f3cio.\u00a0\n<\/p>\n<section class=\"block block--advertising\">\n<\/section>\n<p>\nMandatos coletivos, como a das deputadas estaduais de S\u00e3o Paulo e Pernambuco, mandatos abertos e participativos, como aqueles propostos pela maioria dos pol\u00edticos formados pelo RenovaBR, e maior crit\u00e9rio na escolha dos suplentes, al\u00e9m da ado\u00e7\u00e3o de processos transparentes para sele\u00e7\u00e3o de assessores parlamentares,\u00a0 indicam que o empreendedorismo pol\u00edtico \u00e9 um caminho sem volta.\u00a0\n<\/p>\n<p>\nEm 2018, a renova\u00e7\u00e3o do Congresso Nacional foi de 47,3% na C\u00e2mara dos Deputados e de 85% no Senado Federal. Esse \u00edndice, o maior em 20 anos, foi, em larga medida, inspirado no desejo da popula\u00e7\u00e3o de resgatar os ditames de seu destino. De certa forma, foi uma rea\u00e7\u00e3o \u00e0 percep\u00e7\u00e3o de que a autoridade constitu\u00edda se tornara incapaz de oferecer solu\u00e7\u00f5es aos desafios do Brasil com seus m\u00e9todos tradicionais e comprovadamente ineficazes.\n<\/p>\n<p>\nA ideia de que o eleitor n\u00e3o est\u00e1 atento ao dia a dia da vida p\u00fablica no estilo \u201cnem me lembro em quem votei\u201d est\u00e1 ficando para tr\u00e1s e dando lugar a um modelo que lembra o da iniciativa privada, em que o acionista cobra dos gestores desempenho para seu investimento. Neste novo padr\u00e3o, esperamos imprimir ferramentas de acompanhamento permanente do comportamento dos parlamentares que nos representam no cen\u00e1rio pol\u00edtico.\n<\/p>\n<p>\nOs dividendos colhidos pelo empreendedorismo pol\u00edtico nem devem ser mensurados pelas vit\u00f3rias eleitorais, ainda que estas indiquem a disposi\u00e7\u00e3o da popula\u00e7\u00e3o \u00e0 mudan\u00e7a. Eles ser\u00e3o percebidos no longo prazo, \u00e0 medida\u00a0 que o trabalho bem feito de pol\u00edticos selecionados e preparados come\u00e7ar a dar frutos.\n<\/p>\n<section class=\"block block--advertising\">\n<\/section>\n<p>\nEmpreender exige mudan\u00e7a. Nesse novo ambiente, os problemas cedem protagonismo \u00e0s solu\u00e7\u00f5es. S\u00e3o preteridas formalidades institucionais vazias e ganha for\u00e7a uma linguagem direta, corporativa e mais eficaz.\n<\/p>\n<p>\n\u00a0\n<\/p>\n<p>\nMaria Pia Bastos-Tigre \u00e9 advogada e\u00a0 Eduardo Mufarej \u00e9\u00a0 fundador do RenovaBR\n<\/p>\n<\/div>\n<p><br \/>\n<br \/><a href=\"https:\/\/oglobo.globo.com\/opiniao\/artigo-empreendedorismo-politico-23549541\">Fonte do Artigo <\/a><\/p>\n","protected":false},"excerpt":{"rendered":"<p>As elei\u00e7\u00f5es brasileiras de 2018 tornaram evidente que o empreendedorismo deixou de ser uma palavra da moda e passou a ser uma realidade. Mas engana-se quem pensa se tratar de um movimento exclusivo do setor produtivo. Temos testemunhado a\u00e7\u00f5es vitoriosas, tamb\u00e9m no campo do empreendedorismo social e pol\u00edtico. Seja pela falta de espa\u00e7o no mercado [&hellip;]<\/p>\n","protected":false},"author":1,"featured_media":0,"comment_status":"open","ping_status":"open","sticky":false,"template":"","format":"standard","meta":{"footnotes":""},"categories":[337],"tags":[],"class_list":["post-12938","post","type-post","status-publish","format-standard","hentry","category-noticias"],"_links":{"self":[{"href":"https:\/\/wiy.com.br\/noticias\/wp-json\/wp\/v2\/posts\/12938","targetHints":{"allow":["GET"]}}],"collection":[{"href":"https:\/\/wiy.com.br\/noticias\/wp-json\/wp\/v2\/posts"}],"about":[{"href":"https:\/\/wiy.com.br\/noticias\/wp-json\/wp\/v2\/types\/post"}],"author":[{"embeddable":true,"href":"https:\/\/wiy.com.br\/noticias\/wp-json\/wp\/v2\/users\/1"}],"replies":[{"embeddable":true,"href":"https:\/\/wiy.com.br\/noticias\/wp-json\/wp\/v2\/comments?post=12938"}],"version-history":[{"count":0,"href":"https:\/\/wiy.com.br\/noticias\/wp-json\/wp\/v2\/posts\/12938\/revisions"}],"wp:attachment":[{"href":"https:\/\/wiy.com.br\/noticias\/wp-json\/wp\/v2\/media?parent=12938"}],"wp:term":[{"taxonomy":"category","embeddable":true,"href":"https:\/\/wiy.com.br\/noticias\/wp-json\/wp\/v2\/categories?post=12938"},{"taxonomy":"post_tag","embeddable":true,"href":"https:\/\/wiy.com.br\/noticias\/wp-json\/wp\/v2\/tags?post=12938"}],"curies":[{"name":"wp","href":"https:\/\/api.w.org\/{rel}","templated":true}]}}