{"id":12653,"date":"2023-02-26T15:31:54","date_gmt":"2023-02-26T18:31:54","guid":{"rendered":"https:\/\/wiy.com.br\/noticias\/tempestade-tropical-deve-atingir-litoral-sul-da-bahia-e-do-espirito-santo\/"},"modified":"2019-03-24T17:57:18","modified_gmt":"2019-03-24T20:57:18","slug":"tempestade-tropical-deve-atingir-litoral-sul-da-bahia-e-do-espirito-santo","status":"publish","type":"post","link":"https:\/\/wiy.com.br\/noticias\/tempestade-tropical-deve-atingir-litoral-sul-da-bahia-e-do-espirito-santo\/","title":{"rendered":"Tempestade tropical deve atingir litoral sul da Bahia e do Esp\u00edrito Santo"},"content":{"rendered":"<p> <br \/>\n<\/p>\n<p>De acordo com um comunicado do Centro de Hidrografia da Marinha (CHM) e do Instituto Nacional de Meteorologia (INMET), uma tempestade tropical &#8220;iba&#8221; (ruim em Tupi Guarani) deve atingir o litoral sul do estado da <a href=\"https:\/\/exame.abril.com.br\/noticias-sobre\/bahia\"><strong>Bahia<\/strong> <\/a>e do<a href=\"https:\/\/exame.abril.com.br\/noticias-sobre\/espirito-santo\"><strong> Esp\u00edrito Santo<\/strong><\/a> at\u00e9 a pr\u00f3xima ter\u00e7a-feira, dia 26.<\/p>\n<p>H\u00e1 previs\u00e3o de ocorr\u00eancia de ressaca atingindo a costa entre Vit\u00f3ria (ES) e Caravelas (BA), com ondas de at\u00e9 2,5 metros.<\/p>\n<p>S\u00e3o esperados ventos fortes nas proximidades do litoral sul do estado da Bahia e do Esp\u00edrito Santo, podendo atingir 87 km\/h (47 n\u00f3s) em alto-mar, e 61 km\/h (33 n\u00f3s) junto \u00e0 costa, durante todo o per\u00edodo de atua\u00e7\u00e3o do ciclone.<\/p>\n<p>H\u00e1 previs\u00e3o de mar grosso a muito grosso, com alturas de ondas entre 3 e 5metros em alto-mar e possibilidade de ocorr\u00eancia de ressaca atingindo a costa entre Vit\u00f3ria (ES) e Caravelas (BA), com ondas de at\u00e9 2,5 metros, at\u00e9 a noite de amanh\u00e3, dia 25.<\/p>\n<p>A condi\u00e7\u00e3o de tempo severo provocada por este sistema ocorrer\u00e1 principalmente em alto-mar, associada \u00e0 chuva intensa.<\/p>\n<p><br \/>\n<br \/><a href=\"https:\/\/exame.abril.com.br\/brasil\/tempestade-tropical-deve-atingir-litoral-sul-da-bahia-e-do-espirito-santo\/\">Fonte do Artigo <\/a><\/p>\n<p>#noticias #news #o #brasil #venezuela #n #jornalismo #a #love #like #bbb #musica #colombia #tv #blog #fofoca #mexico #gay #caracas #saopaulo #instagram #follow #not #cias #famosos #m #brazil #politica #pol #jeansobrinho<\/p>\n","protected":false},"excerpt":{"rendered":"<p>De acordo com um comunicado do Centro de Hidrografia da Marinha (CHM) e do Instituto Nacional de Meteorologia (INMET), uma tempestade tropical &#8220;iba&#8221; (ruim em Tupi Guarani) deve atingir o litoral sul do estado da Bahia e do Esp\u00edrito Santo at\u00e9 a pr\u00f3xima ter\u00e7a-feira, dia 26. H\u00e1 previs\u00e3o de ocorr\u00eancia de ressaca atingindo a costa [&hellip;]<\/p>\n","protected":false},"author":1,"featured_media":4414,"comment_status":"open","ping_status":"open","sticky":false,"template":"","format":"standard","meta":{"footnotes":""},"categories":[339],"tags":[],"class_list":["post-12653","post","type-post","status-publish","format-standard","has-post-thumbnail","hentry","category-negocios"],"_links":{"self":[{"href":"https:\/\/wiy.com.br\/noticias\/wp-json\/wp\/v2\/posts\/12653","targetHints":{"allow":["GET"]}}],"collection":[{"href":"https:\/\/wiy.com.br\/noticias\/wp-json\/wp\/v2\/posts"}],"about":[{"href":"https:\/\/wiy.com.br\/noticias\/wp-json\/wp\/v2\/types\/post"}],"author":[{"embeddable":true,"href":"https:\/\/wiy.com.br\/noticias\/wp-json\/wp\/v2\/users\/1"}],"replies":[{"embeddable":true,"href":"https:\/\/wiy.com.br\/noticias\/wp-json\/wp\/v2\/comments?post=12653"}],"version-history":[{"count":0,"href":"https:\/\/wiy.com.br\/noticias\/wp-json\/wp\/v2\/posts\/12653\/revisions"}],"wp:featuredmedia":[{"embeddable":true,"href":"https:\/\/wiy.com.br\/noticias\/wp-json\/wp\/v2\/media\/4414"}],"wp:attachment":[{"href":"https:\/\/wiy.com.br\/noticias\/wp-json\/wp\/v2\/media?parent=12653"}],"wp:term":[{"taxonomy":"category","embeddable":true,"href":"https:\/\/wiy.com.br\/noticias\/wp-json\/wp\/v2\/categories?post=12653"},{"taxonomy":"post_tag","embeddable":true,"href":"https:\/\/wiy.com.br\/noticias\/wp-json\/wp\/v2\/tags?post=12653"}],"curies":[{"name":"wp","href":"https:\/\/api.w.org\/{rel}","templated":true}]}}