{"id":12564,"date":"2023-02-26T15:45:16","date_gmt":"2023-02-26T18:45:16","guid":{"rendered":"https:\/\/wiy.com.br\/noticias\/irpf-2019-dependentes-podem-ter-rendimentos-acima-de-r-40-mil\/"},"modified":"2019-03-24T07:09:33","modified_gmt":"2019-03-24T10:09:33","slug":"irpf-2019-dependentes-podem-ter-rendimentos-acima-de-r-40-mil","status":"publish","type":"post","link":"https:\/\/wiy.com.br\/noticias\/irpf-2019-dependentes-podem-ter-rendimentos-acima-de-r-40-mil\/","title":{"rendered":"IRPF 2019: Dependentes podem ter rendimentos acima de R$ 40 mil?"},"content":{"rendered":"<p> <br \/>\n<\/p>\n<p><strong>Pergunta do leitor: Minha m\u00e3e tem 78 anos e recebeu em 2018 de proventos de <a href=\"https:\/\/exame.abril.com.br\/noticias-sobre\/inss\/\" target=\"_blank\" rel=\"noopener noreferrer\">INSS<\/a> o valor de 12.402 reais (rendimentos isentos e n\u00e3o tribut\u00e1veis). No informe de Rendimentos Financeiros do banco consta no CPF dela o recebimento de Rendimentos Isentos no valor de 28.301,25 reais, provenientes de aplica\u00e7\u00e3o em LCI de minha propriedade, por\u00e9m aparece no CPF dela por ser a primeira titular da conta. <\/strong><\/p>\n<p><strong>Trata-se de uma conta conjunta solid\u00e1ria na qual eu sou o segundo titular. Todo ano declaro ela como minha dependente no <a href=\"https:\/\/exame.abril.com.br\/noticias-sobre\/imposto-de-renda\/\" target=\"_blank\" rel=\"noopener noreferrer\">Imposto de Renda<\/a>. Este ano, n\u00e3o vou fazer isso, pois o rendimento registrado no CPF \u00e9 superior ao permitido para que eu possa inclu\u00ed-la como minha dependente. <\/strong><\/p>\n<p><strong>Ser\u00e1 obrigat\u00f3rio fazer a declara\u00e7\u00e3o dela separado neste ano? Ou n\u00e3o ser\u00e1 preciso fazer a declara\u00e7\u00e3o dela? A d\u00favida refere-se ao enquadramento quanto ao recebimento de rendimentos isentos e n\u00e3o tribut\u00e1veis superiores a 40 mil reais.<\/strong><\/p>\n<p><em>Resposta de Valdir Amorim*:<\/em><\/p>\n<p>Podem ser considerados dependentes os pais, av\u00f3s e bisav\u00f3s que, em 2018, tenham recebido rendimentos, tribut\u00e1veis ou n\u00e3o, at\u00e9 R$ 22.847,76. No caso em quest\u00e3o, a soma dos rendimentos isentos e n\u00e3o tribut\u00e1veis que constam no CPF da sua m\u00e3e superam esse limite.<\/p>\n<p>Assim, ela n\u00e3o pode ser inclu\u00edda como dependente na sua declara\u00e7\u00e3o. A sua m\u00e3e est\u00e1 obrigada a entregar a declara\u00e7\u00e3o em 2019, relativa ao ano-calend\u00e1rio de 2018. O motivo \u00e9 que a soma dos rendimentos isentos, n\u00e3o tribut\u00e1veis ou tributados exclusivamente na fonte, superam o limite de R$ 40.000,00 e obriga ela a declarar.<\/p>\n<p>Uma alternativa \u00e9 voc\u00ea ser inclu\u00edda como dependente dela. Podem ser dependentes, para efeito de imposto de renda, o filho ou filha de:<\/p>\n<ul>\n<li>at\u00e9 21 anos de idade, ou, em qualquer idade, quando incapacitado f\u00edsica ou mentalmente para o trabalho; ou<\/li>\n<li>at\u00e9 24 anos de idade, se ainda estiver cursando estabelecimento de ensino superior ou escola t\u00e9cnica de segundo grau.<\/li>\n<\/ul>\n<p>Nestas condi\u00e7\u00f5es, voc\u00ea pode ser dependente dela. Caso contr\u00e1rio, confira se voc\u00ea est\u00e1 ou n\u00e3o obrigada a entregar a declara\u00e7\u00e3o. Se sim, veja qual ser\u00e1 a melhor alternativa de apresenta\u00e7\u00e3o.<\/p>\n<p><em>*Valdir de Oliveira Amorim \u00e9 coordenador editorial-tribut\u00e1rio IOB, da Sage Brasil, professor universit\u00e1rio, mestre em Ci\u00eancias Sociais e Contabilidade, p\u00f3s-graduado em Direito Tribut\u00e1rio, coordenador de cursos de p\u00f3s-gradua\u00e7\u00e3o, palestrante, conferencista, mediador em semin\u00e1rios e congressos, doutorando em Contabilidade; especialista h\u00e1 mais de 20 anos em Imposto de Renda, PIS\/COFINS, IOF, ITR, CIDE e legisla\u00e7\u00e3o societ\u00e1ria, comercial e tribut\u00e1ria.<\/em><\/p>\n<hr \/>\n<p><strong>O site EXAME vai responder diariamente, entre 7 de mar\u00e7o e 30 de abril, as d\u00favidas de leitores sobre a Declara\u00e7\u00e3o do Imposto de Renda 2019. Envie suas perguntas para <a href=\"mailto:seudinheiro_exame@abril.com.br\" target=\"_blank\" rel=\"noopener noreferrer\">seudinheiro_exame@abril.com.br<\/a>.<\/strong><\/p>\n<p><br \/>\n<br \/><a href=\"https:\/\/exame.abril.com.br\/seu-dinheiro\/irpf-2019-dependentes-podem-ter-rendimentos-acima-de-r-40-mil\/\">Source link <\/a><\/p>\n","protected":false},"excerpt":{"rendered":"<p>Pergunta do leitor: Minha m\u00e3e tem 78 anos e recebeu em 2018 de proventos de INSS o valor de 12.402 reais (rendimentos isentos e n\u00e3o tribut\u00e1veis). No informe de Rendimentos Financeiros do banco consta no CPF dela o recebimento de Rendimentos Isentos no valor de 28.301,25 reais, provenientes de aplica\u00e7\u00e3o em LCI de minha propriedade, [&hellip;]<\/p>\n","protected":false},"author":1,"featured_media":9059,"comment_status":"open","ping_status":"open","sticky":false,"template":"","format":"standard","meta":{"footnotes":""},"categories":[337],"tags":[],"class_list":["post-12564","post","type-post","status-publish","format-standard","has-post-thumbnail","hentry","category-noticias"],"_links":{"self":[{"href":"https:\/\/wiy.com.br\/noticias\/wp-json\/wp\/v2\/posts\/12564","targetHints":{"allow":["GET"]}}],"collection":[{"href":"https:\/\/wiy.com.br\/noticias\/wp-json\/wp\/v2\/posts"}],"about":[{"href":"https:\/\/wiy.com.br\/noticias\/wp-json\/wp\/v2\/types\/post"}],"author":[{"embeddable":true,"href":"https:\/\/wiy.com.br\/noticias\/wp-json\/wp\/v2\/users\/1"}],"replies":[{"embeddable":true,"href":"https:\/\/wiy.com.br\/noticias\/wp-json\/wp\/v2\/comments?post=12564"}],"version-history":[{"count":0,"href":"https:\/\/wiy.com.br\/noticias\/wp-json\/wp\/v2\/posts\/12564\/revisions"}],"wp:featuredmedia":[{"embeddable":true,"href":"https:\/\/wiy.com.br\/noticias\/wp-json\/wp\/v2\/media\/9059"}],"wp:attachment":[{"href":"https:\/\/wiy.com.br\/noticias\/wp-json\/wp\/v2\/media?parent=12564"}],"wp:term":[{"taxonomy":"category","embeddable":true,"href":"https:\/\/wiy.com.br\/noticias\/wp-json\/wp\/v2\/categories?post=12564"},{"taxonomy":"post_tag","embeddable":true,"href":"https:\/\/wiy.com.br\/noticias\/wp-json\/wp\/v2\/tags?post=12564"}],"curies":[{"name":"wp","href":"https:\/\/api.w.org\/{rel}","templated":true}]}}