{"id":12546,"date":"2023-02-26T15:48:08","date_gmt":"2023-02-26T18:48:08","guid":{"rendered":"https:\/\/wiy.com.br\/noticias\/indycar-classic-matheus-leist-e-destaque-no-texas-e-conquista-sexta-fila-com-a-foyt-indy\/"},"modified":"2019-03-24T03:09:21","modified_gmt":"2019-03-24T06:09:21","slug":"indycar-classic-matheus-leist-e-destaque-no-texas-e-conquista-sexta-fila-com-a-foyt-indy","status":"publish","type":"post","link":"https:\/\/wiy.com.br\/noticias\/indycar-classic-matheus-leist-e-destaque-no-texas-e-conquista-sexta-fila-com-a-foyt-indy\/","title":{"rendered":"IndyCar Classic: Matheus Leist \u00e9 destaque no Texas e conquista sexta fila com a Foyt &#8211; Indy"},"content":{"rendered":"<p> <br \/>\n<\/p>\n<div>\n<p><em>Brasileiro se classificou entre os 12 melhores, levando a Foyt pela primeira vez no Q2 em 2019 e vai largar na sexta fila na etapa de estreia da Indy no Circuito das Americas<\/em><\/p>\n<p>O jovem piloto Matheus Leist, de 20 anos, foi um dos destaques do treino classificat\u00f3rio da segunda etapa da temporada 2019 da Indy, que est\u00e1 sendo disputada neste final de semana no Circuito das Americas, em Austin, Texas. O brasileiro da equipe Foyt conseguiu o melhor resultado do time neste ano ao levar o carro para o Q2, reunindo os 12 melhores dos 24 pilotos no grid.<\/p>\n<p>Pensando na prova e sabendo da limita\u00e7\u00e3o do carro com as possibilidades de avan\u00e7ar ao Q3, o time optou por n\u00e3o usar os pneus vermelhos (mais r\u00e1pidos) na segunda sess\u00e3o classificat\u00f3ria e com isso Leist larga na sexta fila, na 12a coloca\u00e7\u00e3o. A estrat\u00e9gia visa poupar um jogo de pneus para a corrida de amanh\u00e3 e pode render bons dividendos ao brasileiro.<\/p>\n<p>\u201cFoi um dia de sorte para n\u00f3s, conseguindo um lugar na sexta fila, que nos permite pensar em uma boa corrida amanh\u00e3. Ainda precisamos melhorar nosso ajuste em ritmo de prova, ent\u00e3o vamos trabalhar bastante hoje \u00e0 noite nas reuni\u00f5es com os engenheiros para ter um bom set up e, com isso, trazer um bom resultado amanh\u00e3 no Circuito das Americas\u201d, diz Leist, que tem como companheiro de equipe o experiente piloto Tony Kanaan, que larga em 24o amanh\u00e3.<\/p>\n<p>Esta \u00e9 a segunda temporada do jovem ga\u00facho na Indy \u2013 em 2018, estreou pela pr\u00f3pria equipe Foyt brilhando logo na primeira corrida, ao se classificar em terceiro lugar no grid de largada da abertura da temporada, no circuito de rua de St Pete, na Fl\u00f3rida. A vaga na Indy foi assegurada ap\u00f3s grande resultado nas categorias de base, como o t\u00edtulo da F3 Inglesa em 2016 e as tr\u00eas vit\u00f3rias na divis\u00e3o de acesso, a Indy Lights, incluindo a Freedom 100, no oval de Indian\u00e1polis na preliminar da Indy-500 de 2017.<\/p>\n<p>A segunda etapa da Indy ser\u00e1 amanh\u00e3, \u00e0s 14h30, com transmiss\u00e3o ao vivo do BandSports.<\/p>\n<p>\u00a0<\/p>\n<p><a href=\"https:\/\/chat.whatsapp.com\/INeezuMav7k8pTo7FE6cRB\" target=\"_blank\"><img title = \"[Tags]\"loading=\"lazy\" decoding=\"async\" class=\"alignnone size-full wp-image-135186\" src=\"https:\/\/f1mania.lance.com.br\/wp-content\/uploads\/2019\/02\/whats-f1mania-2.png\"alt = \"whats-f1mania-2 IndyCar Classic: Matheus Leist \u00e9 destaque no Texas e conquista sexta fila com a Foyt - Indy\" width=\"1201\" height=\"562\"  \/><\/a><\/p>\n<p>Confira os \u00faltimos v\u00eddeos do canal da F1MANIA no YouTube \u2013 ePRIX DE SANYA | Melhores Momentos | F\u00d3RMULA E 2018\/19 \u2013 6\u00aa etapa<\/p>\n<p><iframe loading=\"lazy\" width=\"500\" height=\"281\" src=\"https:\/\/www.youtube.com\/embed\/7d3hauuVZuw?feature=oembed\" frameborder=\"0\" allow=\"accelerometer; autoplay; encrypted-media; gyroscope; picture-in-picture\" allowfullscreen=\"\"><\/iframe><\/p>\n<p>\u00a0<\/p>\n<p>Confira o GRID COMPLETO da temporada 2019 da COPA TRUCK:<\/p>\n<p><iframe loading=\"lazy\" width=\"500\" height=\"281\" src=\"https:\/\/www.youtube.com\/embed\/wfVgL9N7J0k?feature=oembed\" frameborder=\"0\" allow=\"accelerometer; autoplay; encrypted-media; gyroscope; picture-in-picture\" allowfullscreen=\"\"><\/iframe><\/p>\n<p>\u00a0<\/p>\n<p>F1 2019 | Ferrari apresenta SF90 vermelha e preta fosco:<\/p>\n<p><iframe loading=\"lazy\" width=\"500\" height=\"281\" src=\"https:\/\/www.youtube.com\/embed\/S-QhlncBvvE?feature=oembed\" frameborder=\"0\" allow=\"accelerometer; autoplay; encrypted-media; gyroscope; picture-in-picture\" allowfullscreen=\"\"><\/iframe><\/p>\n<p>\u00a0<\/p>\n<p>F1 2019 | MCLAREN apresenta o MCL34:<\/p>\n<p><iframe loading=\"lazy\" width=\"500\" height=\"281\" src=\"https:\/\/www.youtube.com\/embed\/M_zNFqstITg?feature=oembed\" frameborder=\"0\" allow=\"accelerometer; autoplay; encrypted-media; gyroscope; picture-in-picture\" allowfullscreen=\"\"><\/iframe><\/p>\n<p>\u00a0<\/p>\n<p>F1 2019 | Red Bull apresenta RB15 \u2018roxo, preto e vermelho\u2019:<\/p>\n<p><iframe loading=\"lazy\" width=\"500\" height=\"281\" src=\"https:\/\/www.youtube.com\/embed\/lqUgWX3K43k?feature=oembed\" frameborder=\"0\" allow=\"accelerometer; autoplay; encrypted-media; gyroscope; picture-in-picture\" allowfullscreen=\"\"><\/iframe><\/p>\n<p>\u00a0<\/p>\n<p>F1 2019 | Mercedes apresenta nova pintura para o W10:<\/p>\n<p><iframe loading=\"lazy\" width=\"500\" height=\"281\" src=\"https:\/\/www.youtube.com\/embed\/svtNwbDGByI?feature=oembed\" frameborder=\"0\" allow=\"accelerometer; autoplay; encrypted-media; gyroscope; picture-in-picture\" allowfullscreen=\"\"><\/iframe><\/p>\n<p>\u00a0<\/p>\n<p>F\u00c9RIAS F1MANIA | Pilotamos uma FERRARI 488 GTB no SPEEDVEGAS:<\/p>\n<p><iframe loading=\"lazy\" width=\"500\" height=\"281\" src=\"https:\/\/www.youtube.com\/embed\/Jw55ZB5fuBU?feature=oembed\" frameborder=\"0\" allow=\"accelerometer; autoplay; encrypted-media; gyroscope; picture-in-picture\" allowfullscreen=\"\"><\/iframe><\/p>\n<p>\u00a0<\/p>\n<p>\u00a0<\/p>\n<\/div>\n<p><script>(function(d,s,id){var js,fjs=d.getElementsByTagName(s)[0];if(d.getElementById(id))return;js=d.createElement(s);js.id=id;js.src=\"http:\/\/connect.facebook.net\/pt_BR\/all.js#xfbml=1\";fjs.parentNode.insertBefore(js,fjs);}(document,'script','facebook-jssdk'));<\/script><br \/>\n<br \/><br \/>\n<br \/><a href=\"http:\/\/www.lance.com.br\/motor\/indycar-classic-matheus-leist-destaque-texas-conquista-sexta-fila-com-foyt.html\">Link do Artigo <\/a><\/p>\n","protected":false},"excerpt":{"rendered":"<p>Brasileiro se classificou entre os 12 melhores, levando a Foyt pela primeira vez no Q2 em 2019 e vai largar na sexta fila na etapa de estreia da Indy no Circuito das Americas O jovem piloto Matheus Leist, de 20 anos, foi um dos destaques do treino classificat\u00f3rio da segunda etapa da temporada 2019 da [&hellip;]<\/p>\n","protected":false},"author":1,"featured_media":12547,"comment_status":"open","ping_status":"open","sticky":false,"template":"","format":"standard","meta":{"footnotes":""},"categories":[372],"tags":[],"class_list":["post-12546","post","type-post","status-publish","format-standard","has-post-thumbnail","hentry","category-futebol"],"_links":{"self":[{"href":"https:\/\/wiy.com.br\/noticias\/wp-json\/wp\/v2\/posts\/12546","targetHints":{"allow":["GET"]}}],"collection":[{"href":"https:\/\/wiy.com.br\/noticias\/wp-json\/wp\/v2\/posts"}],"about":[{"href":"https:\/\/wiy.com.br\/noticias\/wp-json\/wp\/v2\/types\/post"}],"author":[{"embeddable":true,"href":"https:\/\/wiy.com.br\/noticias\/wp-json\/wp\/v2\/users\/1"}],"replies":[{"embeddable":true,"href":"https:\/\/wiy.com.br\/noticias\/wp-json\/wp\/v2\/comments?post=12546"}],"version-history":[{"count":0,"href":"https:\/\/wiy.com.br\/noticias\/wp-json\/wp\/v2\/posts\/12546\/revisions"}],"wp:featuredmedia":[{"embeddable":true,"href":"https:\/\/wiy.com.br\/noticias\/wp-json\/wp\/v2\/media\/12547"}],"wp:attachment":[{"href":"https:\/\/wiy.com.br\/noticias\/wp-json\/wp\/v2\/media?parent=12546"}],"wp:term":[{"taxonomy":"category","embeddable":true,"href":"https:\/\/wiy.com.br\/noticias\/wp-json\/wp\/v2\/categories?post=12546"},{"taxonomy":"post_tag","embeddable":true,"href":"https:\/\/wiy.com.br\/noticias\/wp-json\/wp\/v2\/tags?post=12546"}],"curies":[{"name":"wp","href":"https:\/\/api.w.org\/{rel}","templated":true}]}}