{"id":12483,"date":"2023-02-26T15:43:18","date_gmt":"2023-02-26T18:43:18","guid":{"rendered":"https:\/\/wiy.com.br\/noticias\/a-curiosa-indignacao-do-presidente-do-inep\/"},"modified":"2019-03-23T16:31:32","modified_gmt":"2019-03-23T19:31:32","slug":"a-curiosa-indignacao-do-presidente-do-inep","status":"publish","type":"post","link":"https:\/\/wiy.com.br\/noticias\/a-curiosa-indignacao-do-presidente-do-inep\/","title":{"rendered":"A curiosa indigna\u00e7\u00e3o do presidente do Inep"},"content":{"rendered":"<p> <br \/>\n<\/p>\n<div>\n<p>\nMarcus Vinicius Rodrigues, o presidente do Inep, adotou uma medida peculiar ap\u00f3s a ONG Todos Pela Educa\u00e7\u00e3o divulgar um estudo sobre o aprendizado dos alunos brasileiros em uma d\u00e9cada.\n<\/p>\n<p>\nA pesquisa, publicada na quinta-feira e baseada em dados p\u00fablicos do Inep, mostrava que s\u00f3 9,8% dos alunos do terceiro ano do ensino m\u00e9dio tinham aprendizado adequado em matem\u00e1tica.\n<\/p>\n<p>\nH\u00e1 uma d\u00e9cada, a taxa era somente 0,7% menor \u2014 ou seja, a melhora foi beeem pequena.\n<\/p>\n<p>\nRodrigues ligou para Priscila Cruz, presidente da Todos Pela Educa\u00e7\u00e3o, e reclamou que a ONG deveria ter dado mais cr\u00e9ditos ao Inep por ter fornecido os dados.\n<\/p>\n<p>\nNada sobre os dados em si, cujos resultados s\u00e3o bem ruins.\n<\/p>\n<p>\n<strong>Acompanhe nas redes sociais: <a href=\"https:\/\/www.facebook.com\/GuilhermeAmadoJornalista\">Facebook<\/a> | <a href=\"https:\/\/twitter.com\/guilherme_amado\">Twitter<\/a> | <a href=\"https:\/\/www.instagram.com\/guilhermeamado\/\">Instagram<\/a><\/strong>\n<\/p>\n<div class=\"article__embed-container\">\n<div class=\"embed-social\">\n<div id=\"g-autores-coluna-box\" class=\"ai2html\">\n<div id=\"g-autores-coluna-desk\" class=\"g-artboard\">\n<div id=\"g-autores-coluna-desk-graphic\"><img title = \"[Tags]\"alt = \"autores-coluna-desk A curiosa indigna\u00e7\u00e3o do presidente do Inep\"decoding=\"async\" class=\"g-aiImg\" id=\"g-ai0-0\" src=\"https:\/\/d37iydjzbdkvr9.cloudfront.net\/arquivos\/2019\/01\/18\/autores-coluna-desk.png\"\/><\/p>\n<div id=\"g-ai0-4\" class=\"g-Layer_1 g-aiAbs\" style=\"top:53.7867%;left:.1653%;width:46.581%\">\n<article class=\"g-aiPstyle2\">Guilherme Amado passou por O Globo, Veja e Extra. Recebeu os pr\u00eamios Esso e Tim Lopes de Jornalismo Investigativo. \u00c9 JSK Fellow na Universidade Stanford, e integrante do Cons\u00f3rcio Internacional de Jornalistas Investigativos. Fica entre Bras\u00edlia, S\u00e3o Paulo, Rio e onde mais houver uma boa hist\u00f3ria para contar.<\/article>\n<\/div>\n<div id=\"g-ai0-5\" class=\"g-Layer_1 g-aiAbs\" style=\"top:53.7867%;left:54.1705%;width:45.1613%\">\n<article class=\"g-aiPstyle2\">Eduardo Barretto passou pelo jornal O Globo e pelos sites Cruso\u00e9 e Poder360. Colaborou tamb\u00e9m para a Associated Press e O Estado de S. Paulo. Estudou na Universidade de Bras\u00edlia e na London School of Journalism. Fica baseado na Capital Federal, onde busca hist\u00f3rias sobre o poder.<\/article>\n<\/div>\n<\/div>\n<\/div>\n<div id=\"g-autores-coluna-mobi\" class=\"g-artboard\">\n<div id=\"g-autores-coluna-mobi-graphic\"><img title = \"[Tags]\"alt = \"autores-coluna-desk A curiosa indigna\u00e7\u00e3o do presidente do Inep\"decoding=\"async\" class=\"g-aiImg\" id=\"g-ai1-0\" src=\"https:\/\/d37iydjzbdkvr9.cloudfront.net\/arquivos\/2019\/01\/18\/autores-coluna-mobi.png\"\/><\/p>\n<div id=\"g-ai1-3\" class=\"g-Layer_1 g-aiAbs\" style=\"top:26.4122%;left:3.1238%;width:93.3333%\">\n<article class=\"g-aiPstyle2\">Guilherme Amado passou por O Globo, Veja e Extra. Recebeu os pr\u00eamios Esso e Tim Lopes de Jornalismo Investigativo. \u00c9 JSK Fellow na Universidade Stanford, e integrante do Cons\u00f3rcio Internacional de Jornalistas Investigativos. Fica entre Bras\u00edlia, S\u00e3o Paulo, Rio e onde mais houver uma boa hist\u00f3ria para contar.<\/article>\n<\/div>\n<div id=\"g-ai1-5\" class=\"g-Layer_1 g-aiAbs\" style=\"top:76.2784%;left:3.2939%;width:93.3333%\">\n<article class=\"g-aiPstyle2\">Eduardo Barretto passou pelo jornal O Globo e pelos sites Cruso\u00e9 e Poder360. Colaborou tamb\u00e9m para a Associated Press e O Estado de S. Paulo. Estudou na Universidade de Bras\u00edlia e na London School of Journalism. Fica baseado na Capital Federal, onde busca hist\u00f3rias sobre o poder.<\/article>\n<\/div>\n<\/div>\n<\/div>\n<\/div>\n<\/div>\n<\/div>\n<\/div>\n<p><script async src=\"http:\/\/platform.twitter.com\/widgets.js\" charset=\"utf-8\"><\/script><script async defer src=\"http:\/\/platform.instagram.com\/en_US\/embeds.js\"><\/script><br \/>\n<br \/><br \/>\n<br \/><a href=\"https:\/\/epoca.globo.com\/guilherme-amado\/a-curiosa-indignacao-do-presidente-do-inep-23544639\">Fonte do Artigo <\/a><\/p>\n","protected":false},"excerpt":{"rendered":"<p>Marcus Vinicius Rodrigues, o presidente do Inep, adotou uma medida peculiar ap\u00f3s a ONG Todos Pela Educa\u00e7\u00e3o divulgar um estudo sobre o aprendizado dos alunos brasileiros em uma d\u00e9cada. A pesquisa, publicada na quinta-feira e baseada em dados p\u00fablicos do Inep, mostrava que s\u00f3 9,8% dos alunos do terceiro ano do ensino m\u00e9dio tinham aprendizado [&hellip;]<\/p>\n","protected":false},"author":1,"featured_media":12399,"comment_status":"open","ping_status":"open","sticky":false,"template":"","format":"standard","meta":{"footnotes":""},"categories":[337],"tags":[],"class_list":["post-12483","post","type-post","status-publish","format-standard","has-post-thumbnail","hentry","category-noticias"],"_links":{"self":[{"href":"https:\/\/wiy.com.br\/noticias\/wp-json\/wp\/v2\/posts\/12483","targetHints":{"allow":["GET"]}}],"collection":[{"href":"https:\/\/wiy.com.br\/noticias\/wp-json\/wp\/v2\/posts"}],"about":[{"href":"https:\/\/wiy.com.br\/noticias\/wp-json\/wp\/v2\/types\/post"}],"author":[{"embeddable":true,"href":"https:\/\/wiy.com.br\/noticias\/wp-json\/wp\/v2\/users\/1"}],"replies":[{"embeddable":true,"href":"https:\/\/wiy.com.br\/noticias\/wp-json\/wp\/v2\/comments?post=12483"}],"version-history":[{"count":0,"href":"https:\/\/wiy.com.br\/noticias\/wp-json\/wp\/v2\/posts\/12483\/revisions"}],"wp:featuredmedia":[{"embeddable":true,"href":"https:\/\/wiy.com.br\/noticias\/wp-json\/wp\/v2\/media\/12399"}],"wp:attachment":[{"href":"https:\/\/wiy.com.br\/noticias\/wp-json\/wp\/v2\/media?parent=12483"}],"wp:term":[{"taxonomy":"category","embeddable":true,"href":"https:\/\/wiy.com.br\/noticias\/wp-json\/wp\/v2\/categories?post=12483"},{"taxonomy":"post_tag","embeddable":true,"href":"https:\/\/wiy.com.br\/noticias\/wp-json\/wp\/v2\/tags?post=12483"}],"curies":[{"name":"wp","href":"https:\/\/api.w.org\/{rel}","templated":true}]}}