{"id":12477,"date":"2023-02-26T15:02:06","date_gmt":"2023-02-26T18:02:06","guid":{"rendered":"https:\/\/wiy.com.br\/noticias\/nos-bastidores-bolsonaro-diz-a-aliados-que-nao-vai-ceder-as-declaracoes-de-maia\/"},"modified":"2019-03-23T15:30:45","modified_gmt":"2019-03-23T18:30:45","slug":"nos-bastidores-bolsonaro-diz-a-aliados-que-nao-vai-ceder-as-declaracoes-de-maia","status":"publish","type":"post","link":"https:\/\/wiy.com.br\/noticias\/nos-bastidores-bolsonaro-diz-a-aliados-que-nao-vai-ceder-as-declaracoes-de-maia\/","title":{"rendered":"Nos bastidores, Bolsonaro diz a aliados que n\u00e3o vai ceder \u00e0s declara\u00e7\u00f5es de Maia"},"content":{"rendered":"<p> <br \/>\n<\/p>\n<div>\n<p>\nBRAS\u00cdLIA &#8211; Apesar de ter dito em entrevista que est\u00e1 &#8220;aberto ao di\u00e1logo&#8221; para contornar a crise com o presidente da C\u00e2mara, Rodrigo Maia, o presidente Jair Bolsonaro confidenciou a auxiliares que n\u00e3o est\u00e1 disposto a ceder ao parlamentar, que decidiu se afastar da articula\u00e7\u00e3o pol\u00edtica da reforma da Previd\u00eancia. O mandat\u00e1rio, de acordo com uma fonte do governo, classifica o epis\u00f3dio de Maia como &#8220;press\u00e3o do Congresso por cargos e vantagens&#8221;.\n<\/p>\n<p>\n&#8220;Na avalia\u00e7\u00e3o do chefe do Executivo&#8221;, segundo relatou a mesma fonte ao O GLOBO, &#8220;h\u00e1 uma tentativa de afundar o pacote anticrime do ministro da Justi\u00e7a, Sergio Moro, enfraquecer a Opera\u00e7\u00e3o Lava-Jato e sacrificar pautas em troca da Previd\u00eancia.\n<\/p>\n<p>\nBolsonaro teria confessado, ainda, ter ficado &#8220;indisposto&#8221; com Maia ap\u00f3s ter escalado pol\u00edticos de partidos de esquerda para analisar o pacote de Lei Anticrime. O presidente da C\u00e2mara indicou os deputados Marcelo Freixo (PSOL-RJ) e Paulo Teixeira (PT-SP) para analisar a proposta. A relatoria do projeto, no entanto, foi entregue ao Capit\u00e3o Augusto (PR-SP), integrante da chamada Bancada da Bala.\n<\/p>\n<aside class=\"article-related-links \">\n<\/aside>\n<p>\n\u00a0\n<\/p>\n<p>\nNa capital chilena onde participa de um encontro de l\u00edderes sul-americanos, Bolsonaro disse que gostaria de saber o porqu\u00ea de Maia ter se afastado:\n<\/p>\n<p>\n&#8211; Eu quero saber o motivo. Estou sempre aberto ao di\u00e1logo. Eu estou fora do Brasil, quero saber qual o motivo. Eu n\u00e3o dei motivo para ele sair &#8211; disse o presidente ao ser perguntado por jornalistas se via com preocupa\u00e7\u00e3o a desmobiliza\u00e7\u00e3o de Maia para buscar apoio no Congresso para aprovar a reforma.\n<\/p>\n<p>\nNa mesma entrevista, o presidente saiu em defesa do filho Carlos Bolsonaro e afirmou que o post do vereador n\u00e3o seria motivo para a sa\u00edda de Maia. Na quinta-feira, Carlos Bolsonaro escreveu em uma rede social que &#8220;h\u00e1 algo bem errado que n\u00e3o est\u00e1 certo&#8221; e compartilhou a resposta do ministro da Justi\u00e7a, Sergio Moro, \u00e0 decis\u00e3o de Maia de n\u00e3o dar prioridade ao projeto que prev\u00ea medidas para combater o crime organizado e a corrup\u00e7\u00e3o.\n<\/p>\n<section class=\"block block--advertising\">\n<\/section>\n<p>\n&#8211; Se essa foi a causa, acho que o Brasil todo est\u00e1 indignado com a demora da vota\u00e7\u00e3o do projeto anticrime. N\u00f3s, no Brasil, n\u00e3o conseguimos viver com 60 mil homic\u00eddios por ano. Foi esse o motivo? Se foi esse o motivo, eu lamento. N\u00e3o \u00e9 motivo &#8211; disse o presidente.\n<\/p>\n<\/div>\n<p><br \/>\n<br \/><a href=\"https:\/\/oglobo.globo.com\/economia\/nos-bastidores-bolsonaro-diz-aliados-que-nao-vai-ceder-as-declaracoes-de-maia-23545829\">Fonte do Artigo <\/a><\/p>\n","protected":false},"excerpt":{"rendered":"<p>BRAS\u00cdLIA &#8211; Apesar de ter dito em entrevista que est\u00e1 &#8220;aberto ao di\u00e1logo&#8221; para contornar a crise com o presidente da C\u00e2mara, Rodrigo Maia, o presidente Jair Bolsonaro confidenciou a auxiliares que n\u00e3o est\u00e1 disposto a ceder ao parlamentar, que decidiu se afastar da articula\u00e7\u00e3o pol\u00edtica da reforma da Previd\u00eancia. O mandat\u00e1rio, de acordo com [&hellip;]<\/p>\n","protected":false},"author":1,"featured_media":0,"comment_status":"open","ping_status":"open","sticky":false,"template":"","format":"standard","meta":{"footnotes":""},"categories":[337],"tags":[],"class_list":["post-12477","post","type-post","status-publish","format-standard","hentry","category-noticias"],"_links":{"self":[{"href":"https:\/\/wiy.com.br\/noticias\/wp-json\/wp\/v2\/posts\/12477","targetHints":{"allow":["GET"]}}],"collection":[{"href":"https:\/\/wiy.com.br\/noticias\/wp-json\/wp\/v2\/posts"}],"about":[{"href":"https:\/\/wiy.com.br\/noticias\/wp-json\/wp\/v2\/types\/post"}],"author":[{"embeddable":true,"href":"https:\/\/wiy.com.br\/noticias\/wp-json\/wp\/v2\/users\/1"}],"replies":[{"embeddable":true,"href":"https:\/\/wiy.com.br\/noticias\/wp-json\/wp\/v2\/comments?post=12477"}],"version-history":[{"count":0,"href":"https:\/\/wiy.com.br\/noticias\/wp-json\/wp\/v2\/posts\/12477\/revisions"}],"wp:attachment":[{"href":"https:\/\/wiy.com.br\/noticias\/wp-json\/wp\/v2\/media?parent=12477"}],"wp:term":[{"taxonomy":"category","embeddable":true,"href":"https:\/\/wiy.com.br\/noticias\/wp-json\/wp\/v2\/categories?post=12477"},{"taxonomy":"post_tag","embeddable":true,"href":"https:\/\/wiy.com.br\/noticias\/wp-json\/wp\/v2\/tags?post=12477"}],"curies":[{"name":"wp","href":"https:\/\/api.w.org\/{rel}","templated":true}]}}