{"id":12473,"date":"2023-02-26T15:22:06","date_gmt":"2023-02-26T18:22:06","guid":{"rendered":"https:\/\/wiy.com.br\/noticias\/homenageado-pelo-flamengo-leandro-defende-para-e-rodinei\/"},"modified":"2019-03-23T14:52:19","modified_gmt":"2019-03-23T17:52:19","slug":"homenageado-pelo-flamengo-leandro-defende-para-e-rodinei","status":"publish","type":"post","link":"https:\/\/wiy.com.br\/noticias\/homenageado-pelo-flamengo-leandro-defende-para-e-rodinei\/","title":{"rendered":"Homenageado pelo Flamengo, Leandro defende Par\u00e1 e Rodinei"},"content":{"rendered":"<p> <br \/>\n<br \/><img title = \"[Tags]\"alt = \"5c96714b44c86 Homenageado pelo Flamengo, Leandro defende Par\u00e1 e Rodinei\"decoding=\"async\" src=\"http:\/\/www.lance.com.br\/\/files\/\/uploads\/2019\/03\/23\/5c96714b44c86.jpeg\" \/><\/p>\n<div>\n<p class=\"paragraph\" id=\"p486662-m387-386-388\">Leandro, que marcou \u00e9poca na lateral-direita do Flamengo, foi homenageado pelo clube na tarde deste s\u00e1bado, ao ganhar um busto na G\u00e1vea, sede do clube. \u00cddolo da torcida, ele defendeu Par\u00e1 e Rodinei, que atuam na ala direita e s\u00e3o alvo de cr\u00edticas dos rubro-negros. <\/p>\n<p>&#8211; Sempre falei que o Flamengo tem bons laterais. N\u00e3o s\u00e3o excelentes, mas s\u00e3o bons, jogadores voluntariosos, que marcam bem, que apoiam, que est\u00e3o ajudando de alguma forma &#8211; disse ele, que completou:<\/p>\n<p>&#8211; Eu gosto dos dois, defendo os dois. Posi\u00e7\u00e3o complicada, \u00e9 dif\u00edcil jogar de lateral. Defendem o Flamengo com honra. Temos de respeitar isso.<\/p>\n<p>Leandro aproveitou ainda para elogiar Rafinha, que est\u00e1 no Bayern de Munique, da Alemanha, mas tem um acerto bem encaminhado para vestir a camisa do Flamengo a partir do meio do ano.<\/p>\n<p>&#8211; Bom lateral, excelente. Ser\u00e1 um grande refor\u00e7o, sem d\u00favida. Flamengo est\u00e1 montando um time &#8211; afirmou.<\/p>\n<p>O ex-jogador se mostrou emocionado com a homenagem que recebeu do Flamengo, lembrando ainda a rela\u00e7\u00e3o que tem com a G\u00e1vea.<\/p>\n<p>&#8211; Vai ficar eternizado, vai ficar aqui no Flamengo, que sempre considerei minha segunda casa. Queria que fosse aqui a homenagem. Sem d\u00favida, um dos dias mais felizes da minha vida. N\u00e3o imaginaria nunca, mas no Flamengo pode esperar tudo. Flamengo \u00e9 Flamengo &#8211; apontou.<\/p>\n<p>Leandro, que at\u00e9 hoje \u00e9 celebrado pelo Fla x Flu de 1985, pelo Campeonato Carioca, comentou o cl\u00e1ssico deste domingo:<\/p>\n<p>&#8211; Fla x Flu decisivo. Vou estar l\u00e1. Se Deus quiser ser\u00e1 um grande jogo. \u00daltima vez que estive, Flamengo ganhou. Sou p\u00e9 quente (risos).<\/p>\n<p>O evento contou com a presen\u00e7a do presidente Rodolfo Landim e do vice Rodrigo Dunshee.<\/p>\n<\/div>\n<p><script>(function(d, s, id) {\n    var js, fjs = d.getElementsByTagName(s)[0];\n    if (d.getElementById(id)) return;\n    js = d.createElement(s); js.id = id;\n    js.src = 'https:\/\/connect.facebook.net\/pt_BR\/sdk.js#xfbml=1&version=v2.12&appId=1124817024230602';\n    fjs.parentNode.insertBefore(js, fjs);\n    }(document, 'script', 'facebook-jssdk'));<\/script><br \/>\n<br \/><br \/>\n<br \/><a href=\"http:\/\/www.lance.com.br\/flamengo\/homenageado-pelo-leandro-defende-para-rodinei.html\">Link do Artigo <\/a><\/p>\n","protected":false},"excerpt":{"rendered":"<p>Leandro, que marcou \u00e9poca na lateral-direita do Flamengo, foi homenageado pelo clube na tarde deste s\u00e1bado, ao ganhar um busto na G\u00e1vea, sede do clube. \u00cddolo da torcida, ele defendeu Par\u00e1 e Rodinei, que atuam na ala direita e s\u00e3o alvo de cr\u00edticas dos rubro-negros. &#8211; Sempre falei que o Flamengo tem bons laterais. N\u00e3o [&hellip;]<\/p>\n","protected":false},"author":1,"featured_media":12474,"comment_status":"open","ping_status":"open","sticky":false,"template":"","format":"standard","meta":{"footnotes":""},"categories":[372],"tags":[],"class_list":["post-12473","post","type-post","status-publish","format-standard","has-post-thumbnail","hentry","category-futebol"],"_links":{"self":[{"href":"https:\/\/wiy.com.br\/noticias\/wp-json\/wp\/v2\/posts\/12473","targetHints":{"allow":["GET"]}}],"collection":[{"href":"https:\/\/wiy.com.br\/noticias\/wp-json\/wp\/v2\/posts"}],"about":[{"href":"https:\/\/wiy.com.br\/noticias\/wp-json\/wp\/v2\/types\/post"}],"author":[{"embeddable":true,"href":"https:\/\/wiy.com.br\/noticias\/wp-json\/wp\/v2\/users\/1"}],"replies":[{"embeddable":true,"href":"https:\/\/wiy.com.br\/noticias\/wp-json\/wp\/v2\/comments?post=12473"}],"version-history":[{"count":0,"href":"https:\/\/wiy.com.br\/noticias\/wp-json\/wp\/v2\/posts\/12473\/revisions"}],"wp:featuredmedia":[{"embeddable":true,"href":"https:\/\/wiy.com.br\/noticias\/wp-json\/wp\/v2\/media\/12474"}],"wp:attachment":[{"href":"https:\/\/wiy.com.br\/noticias\/wp-json\/wp\/v2\/media?parent=12473"}],"wp:term":[{"taxonomy":"category","embeddable":true,"href":"https:\/\/wiy.com.br\/noticias\/wp-json\/wp\/v2\/categories?post=12473"},{"taxonomy":"post_tag","embeddable":true,"href":"https:\/\/wiy.com.br\/noticias\/wp-json\/wp\/v2\/tags?post=12473"}],"curies":[{"name":"wp","href":"https:\/\/api.w.org\/{rel}","templated":true}]}}