{"id":12462,"date":"2023-02-26T15:23:35","date_gmt":"2023-02-26T18:23:35","guid":{"rendered":"https:\/\/wiy.com.br\/noticias\/ameaca-de-nova-queda-de-arvore-mantem-avenida-niemeyer-fechada\/"},"modified":"2019-03-23T13:28:28","modified_gmt":"2019-03-23T16:28:28","slug":"ameaca-de-nova-queda-de-arvore-mantem-avenida-niemeyer-fechada","status":"publish","type":"post","link":"https:\/\/wiy.com.br\/noticias\/ameaca-de-nova-queda-de-arvore-mantem-avenida-niemeyer-fechada\/","title":{"rendered":"Amea\u00e7a de nova queda de \u00e1rvore mant\u00e9m Avenida Niemeyer fechada"},"content":{"rendered":"<p> <br \/>\n<\/p>\n<div>\n<p>\nRIO &#8211; Ap\u00f3s a queda de uma \u00e1rvore, na manh\u00e3 deste s\u00e1bado, que interditou a Avenida Niemeyer, nos dois sentidos, a via permanecer\u00e1 fechada para o tr\u00e2nsito, pois existe o risco de uma outra \u00e1rvore desabar, na mesma regi\u00e3o. Principal meio de liga\u00e7\u00e3o entre os bairros do Leblon e S\u00e3o Conrado, a Niemeyer foi interditada \u00e0s 7h. A Comlurb segue realizando a limpeza do local, junto com o Corpo de Bombeiros e a Rio Luz que repara os fios el\u00e9tricos atingidos no incidente. De acordo com a Secretaria Municipal de Conserva\u00e7\u00e3o e Meio Ambiente (Seconserma), a via s\u00f3 ser\u00e1 reaberta ap\u00f3s a avalia\u00e7\u00e3o da Defesa Civil, que se encontra no local.\n<\/p>\n<section class=\"article__photo-gallery-teaser gallery-teaser small-gallery gallery-teaser--mista\">\n<div class=\"gallery__controls carousel-controls\">\n<p>\n<button class=\"control--before carousel-controls__previous carousel-controls__previous--disabled\"><br \/>\n<svg class=\"icon before-icon\" width=\"16px\" height=\"16px\"><use xmlns:xlink=\"http:\/\/www.w3.org\/1999\/xlink\" xlink:href=\"http:\/\/oglobo.globo.com\/31\/images\/icons.svg#icons--left-arrow\"\/><\/svg><title>Foto Anterior<\/title><\/button><br \/>\n<button class=\"control--after carousel-controls__next\"><br \/>\n<svg class=\"icon after-icon\" width=\"16px\" height=\"16px\"><use xmlns:xlink=\"http:\/\/www.w3.org\/1999\/xlink\" xlink:href=\"http:\/\/oglobo.globo.com\/31\/images\/icons.svg#icons--right-arrow\"\/><\/svg><title>Proxima Foto<\/title><\/button>\n<\/p>\n<\/div>\n<\/section>\n<p>\nAt\u00e9 a reabertura, o Centro de Opera\u00e7\u00f5es Rio recomenda aos motoristas que seguem do Leblon ou da G\u00e1vea para S\u00e3o Conrado optarem pelo T\u00fanel\u00a0Zuzu Angel. Quem estiver se deslocando entre a Barra e a Zona Sul dever\u00e1 utilizar a Autoestrada Lagoa-Barra.\n<\/p>\n<\/div>\n<p><br \/>\n<br \/><a href=\"https:\/\/oglobo.globo.com\/rio\/ameaca-de-nova-queda-de-arvore-mantem-avenida-niemeyer-fechada-23545656\">Fonte do Artigo <\/a><\/p>\n","protected":false},"excerpt":{"rendered":"<p>RIO &#8211; Ap\u00f3s a queda de uma \u00e1rvore, na manh\u00e3 deste s\u00e1bado, que interditou a Avenida Niemeyer, nos dois sentidos, a via permanecer\u00e1 fechada para o tr\u00e2nsito, pois existe o risco de uma outra \u00e1rvore desabar, na mesma regi\u00e3o. Principal meio de liga\u00e7\u00e3o entre os bairros do Leblon e S\u00e3o Conrado, a Niemeyer foi interditada [&hellip;]<\/p>\n","protected":false},"author":1,"featured_media":0,"comment_status":"open","ping_status":"open","sticky":false,"template":"","format":"standard","meta":{"footnotes":""},"categories":[337],"tags":[],"class_list":["post-12462","post","type-post","status-publish","format-standard","hentry","category-noticias"],"_links":{"self":[{"href":"https:\/\/wiy.com.br\/noticias\/wp-json\/wp\/v2\/posts\/12462","targetHints":{"allow":["GET"]}}],"collection":[{"href":"https:\/\/wiy.com.br\/noticias\/wp-json\/wp\/v2\/posts"}],"about":[{"href":"https:\/\/wiy.com.br\/noticias\/wp-json\/wp\/v2\/types\/post"}],"author":[{"embeddable":true,"href":"https:\/\/wiy.com.br\/noticias\/wp-json\/wp\/v2\/users\/1"}],"replies":[{"embeddable":true,"href":"https:\/\/wiy.com.br\/noticias\/wp-json\/wp\/v2\/comments?post=12462"}],"version-history":[{"count":0,"href":"https:\/\/wiy.com.br\/noticias\/wp-json\/wp\/v2\/posts\/12462\/revisions"}],"wp:attachment":[{"href":"https:\/\/wiy.com.br\/noticias\/wp-json\/wp\/v2\/media?parent=12462"}],"wp:term":[{"taxonomy":"category","embeddable":true,"href":"https:\/\/wiy.com.br\/noticias\/wp-json\/wp\/v2\/categories?post=12462"},{"taxonomy":"post_tag","embeddable":true,"href":"https:\/\/wiy.com.br\/noticias\/wp-json\/wp\/v2\/tags?post=12462"}],"curies":[{"name":"wp","href":"https:\/\/api.w.org\/{rel}","templated":true}]}}