{"id":12435,"date":"2023-02-26T15:19:45","date_gmt":"2023-02-26T18:19:45","guid":{"rendered":"https:\/\/wiy.com.br\/noticias\/governo-tem-autorizacao-para-bloquear-r-3-bi-em-emendas-impositivas\/"},"modified":"2019-03-23T11:22:39","modified_gmt":"2019-03-23T14:22:39","slug":"governo-tem-autorizacao-para-bloquear-r-3-bi-em-emendas-impositivas","status":"publish","type":"post","link":"https:\/\/wiy.com.br\/noticias\/governo-tem-autorizacao-para-bloquear-r-3-bi-em-emendas-impositivas\/","title":{"rendered":"Governo tem autoriza\u00e7\u00e3o para bloquear R$ 3 bi em emendas impositivas"},"content":{"rendered":"<p> <br \/>\n<\/p>\n<p>Bras\u00edlia \u2014 Com o corte de despesas no Or\u00e7amento, a equipe econ\u00f4mica tem respaldo legal para bloquear at\u00e9 R$ 2,972 bilh\u00f5es dos cerca de R$ 13,7 bilh\u00f5es em despesas com emendas parlamentares impositivas, cujo pagamento \u00e9 obrigat\u00f3rio, segundo a \u00edntegra do Relat\u00f3rio de Avalia\u00e7\u00e3o de Receitas e Despesas do 1\u00ba bimestre. As emendas s\u00e3o um dos instrumentos de negocia\u00e7\u00e3o pol\u00edtica do Pal\u00e1cio do Planalto com o Congresso Nacional.<\/p>\n<p>Para conseguir cumprir a meta fiscal deste ano, de d\u00e9ficit de R$ 139 bilh\u00f5es, <a href=\"https:\/\/exame.abril.com.br\/economia\/governo-anuncia-bloqueio-de-r298-bi-nas-contas-publicas\/\">o Minist\u00e9rio da Economia fez um contingenciamento de R$ 29,8 bilh\u00f5es<\/a>. A permiss\u00e3o existe porque, quando h\u00e1 contingenciamento, a lei autoriza que as emendas sejam cortadas na mesma propor\u00e7\u00e3o que os demais gastos para dividir o esfor\u00e7o fiscal entre todos. Esse porcentual ficou em 21,63%.<\/p>\n<p>A blindagem das emendas num momento de constru\u00e7\u00e3o da base aliada do <strong><a href=\"https:\/\/exame.abril.com.br\/noticias-sobre\/governo-bolsonaro\/\">governo Jair Bolsonaro<\/a><\/strong> foi um aceno do ministro-chefe da Casa Civil, <strong><a href=\"https:\/\/exame.abril.com.br\/noticias-sobre\/onyx-lorenzoni\/\">Onyx Lorenzoni<\/a><\/strong>, para tentar melhorar o ambiente no Congresso Nacional para a aprova\u00e7\u00e3o da reforma da Previd\u00eancia. Essa sinaliza\u00e7\u00e3o foi feita antes mesmo de o presidente da C\u00e2mara, <strong><a href=\"https:\/\/exame.abril.com.br\/noticias-sobre\/rodrigo-maia\/\">Rodrigo Maia<\/a><\/strong> (DEM-RJ), amea\u00e7ar abandonar a articula\u00e7\u00e3o da reforma, o que deflagrou uma onda de desconfian\u00e7a em rela\u00e7\u00e3o \u00e0 capacidade do governo de angariar os votos necess\u00e1rios \u00e0 aprova\u00e7\u00e3o da proposta.<\/p>\n<p>Segundo os dados do relat\u00f3rio, as emendas individuais impositivas somam R$ 9,16 bilh\u00f5es, dos quais R$ 1,981 bilh\u00e3o poder\u00e1 ser bloqueado. J\u00e1 as emendas de bancada totalizam R$ 4,58 bilh\u00f5es, dos quais R$ 990,65 milh\u00f5es s\u00e3o pass\u00edveis de corte. O secret\u00e1rio especial de Fazenda do Minist\u00e9rio da Economia, Waldery Rodrigues J\u00fanior, n\u00e3o adiantou se as emendas ser\u00e3o alvo de corte ou ficar\u00e3o preservadas. &#8220;Esse dado ser\u00e1 divulgado no fim do m\u00eas&#8221;, afirmou mais cedo em entrevista coletiva.<\/p>\n<div class=\"widget-news widget-box no-margin no-border\"><span class=\"widget-news-title content-box-title\">Veja tamb\u00e9m<\/span><\/p>\n<ul class=\"widget-news-list\">\n<li class=\"widget-news-item without-thumb with-border\">\n<div class=\"widget-news-info\"><a href=\"http:\/\/exame.abril.com.br\/economia\">ECONOMIA<\/a><span class=\"widget-news-item-title\"><a href=\"https:\/\/exame.abril.com.br\/economia\/arrecadacao-federal-sobe-536-e-atinge-patamar-recorde-para-fevereiro-2\/\">Arrecada\u00e7\u00e3o federal sobe 5,36% e atinge patamar recorde para fevereiro<\/a><\/span><span class=\"widget-news-item-date\">21 mar 2019 &#8211; 13h03<\/span><\/div>\n<\/li>\n<\/ul>\n<\/div>\n<p>O Minist\u00e9rio da Economia ressaltou que o dispositivo \u00e9 uma autoriza\u00e7\u00e3o, que pode ou n\u00e3o ser empregada pelo governo. &#8220;O montante das despesas com emendas impositivas (individuais e de bancada) poder\u00e1 ser reduzido em at\u00e9 a mesma propor\u00e7\u00e3o das demais despesas que comp\u00f5em o resultado prim\u00e1rio&#8221;, diz a pasta.<\/p>\n<h3>Governo inclui R$ 2,6 bi para bancar 13\u00ba do Bolsa Fam\u00edlia<\/h3>\n<p>A equipe econ\u00f4mica tamb\u00e9m incluiu na previs\u00e3o or\u00e7ament\u00e1ria de 2019 uma despesa de R$ 2,584 bilh\u00f5es para bancar o 13\u00ba do Bolsa Fam\u00edlia. A estimativa consta na \u00edntegra do Relat\u00f3rio.<\/p>\n<p>O pagamento do 13\u00ba do Bolsa Fam\u00edlia era uma promessa de campanha do presidente Jair Bolsonaro. Com a mudan\u00e7a, o or\u00e7amento do programa social passou de R$ 29,485 bilh\u00f5es para R$ 32,069 bilh\u00f5es neste ano.<\/p>\n<p><br \/>\n<br \/><a href=\"https:\/\/exame.abril.com.br\/economia\/governo-tem-autorizacao-para-bloquear-r-3-bi-em-emendas-impositivas\/\">Fonte do Artigo <\/a><\/p>\n<p>#noticias #news #o #brasil #venezuela #n #jornalismo #a #love #like #bbb #musica #colombia #tv #blog #fofoca #mexico #gay #caracas #saopaulo #instagram #follow #not #cias #famosos #m #brazil #politica #pol #jeansobrinho<\/p>\n","protected":false},"excerpt":{"rendered":"<p>Bras\u00edlia \u2014 Com o corte de despesas no Or\u00e7amento, a equipe econ\u00f4mica tem respaldo legal para bloquear at\u00e9 R$ 2,972 bilh\u00f5es dos cerca de R$ 13,7 bilh\u00f5es em despesas com emendas parlamentares impositivas, cujo pagamento \u00e9 obrigat\u00f3rio, segundo a \u00edntegra do Relat\u00f3rio de Avalia\u00e7\u00e3o de Receitas e Despesas do 1\u00ba bimestre. As emendas s\u00e3o um [&hellip;]<\/p>\n","protected":false},"author":1,"featured_media":12436,"comment_status":"open","ping_status":"open","sticky":false,"template":"","format":"standard","meta":{"footnotes":""},"categories":[339],"tags":[],"class_list":["post-12435","post","type-post","status-publish","format-standard","has-post-thumbnail","hentry","category-negocios"],"_links":{"self":[{"href":"https:\/\/wiy.com.br\/noticias\/wp-json\/wp\/v2\/posts\/12435","targetHints":{"allow":["GET"]}}],"collection":[{"href":"https:\/\/wiy.com.br\/noticias\/wp-json\/wp\/v2\/posts"}],"about":[{"href":"https:\/\/wiy.com.br\/noticias\/wp-json\/wp\/v2\/types\/post"}],"author":[{"embeddable":true,"href":"https:\/\/wiy.com.br\/noticias\/wp-json\/wp\/v2\/users\/1"}],"replies":[{"embeddable":true,"href":"https:\/\/wiy.com.br\/noticias\/wp-json\/wp\/v2\/comments?post=12435"}],"version-history":[{"count":0,"href":"https:\/\/wiy.com.br\/noticias\/wp-json\/wp\/v2\/posts\/12435\/revisions"}],"wp:featuredmedia":[{"embeddable":true,"href":"https:\/\/wiy.com.br\/noticias\/wp-json\/wp\/v2\/media\/12436"}],"wp:attachment":[{"href":"https:\/\/wiy.com.br\/noticias\/wp-json\/wp\/v2\/media?parent=12435"}],"wp:term":[{"taxonomy":"category","embeddable":true,"href":"https:\/\/wiy.com.br\/noticias\/wp-json\/wp\/v2\/categories?post=12435"},{"taxonomy":"post_tag","embeddable":true,"href":"https:\/\/wiy.com.br\/noticias\/wp-json\/wp\/v2\/tags?post=12435"}],"curies":[{"name":"wp","href":"https:\/\/api.w.org\/{rel}","templated":true}]}}