{"id":12377,"date":"2023-02-26T15:35:31","date_gmt":"2023-02-26T18:35:31","guid":{"rendered":"https:\/\/wiy.com.br\/noticias\/homem-e-preso-ao-se-passar-por-pastor-evangelico\/"},"modified":"2019-03-23T01:12:49","modified_gmt":"2019-03-23T04:12:49","slug":"homem-e-preso-ao-se-passar-por-pastor-evangelico","status":"publish","type":"post","link":"https:\/\/wiy.com.br\/noticias\/homem-e-preso-ao-se-passar-por-pastor-evangelico\/","title":{"rendered":"Homem \u00e9 preso ao se passar por pastor evang\u00e9lico"},"content":{"rendered":"<p> <br \/>\n<\/p>\n<div>\n<p>\nRIO \u2014 Um homem, identificado como\u00a0Tiago Cosme de Souza foi preso, na noite desta sexta-feira, ap\u00f3s Policiais Militares o abordarem na comunidade da Chatuba, no Complexo da Penha, e desconfiarem da vers\u00e3o dele de que era um pastor evang\u00e9lico conhecido na internet como &#8220;Profeta Menor &#8211; Pr\u00edncipe da Revela\u00e7\u00f5es&#8221;\u00a0.\n<\/p>\n<p>\nSegundo a Pol\u00edcia Civil, Tiago foi abordado por PMs\u00a0quando caminhava por um dos acessos \u00e0 favela da Chatuba, no Complexo da Penha. Conhecido como &#8220;Profeta Menor &#8211; Pr\u00edncipe da Revela\u00e7\u00f5es&#8221;,\u00a0 como se apresenta em um canal de v\u00eddeos da internet, informou\u00a0aos agentes que se chamava Fabr\u00edcio Alves Sonegheti e que era\u00a0um pastor evang\u00e9lico atuante em diversas comunidades.\n<\/p>\n<p>\nOs policiais o conduziram\u00a0para a 22\u00aa DP (Penha), onde foi verificado que\u00a0n\u00e3o havia qualquer pend\u00eancia em rela\u00e7\u00e3o ao nome informado.\u00a0No entanto, os agentes da Pol\u00edcia Civil n\u00e3o acreditaram na\u00a0hist\u00f3ria contada pelo suspeito.<\/p>\n<aside class=\"article-related-links article-related-links--inside\">\n<\/aside>\n<\/p>\n<p>\nAp\u00f3s a\u00a0troca de informa\u00e7\u00f5es\u00a0entre\u00a0a Pol\u00edcia Civil e a Pol\u00edcia Rodovi\u00e1ria Federal do Esp\u00edrito Santo, os\u00a0agentes\u00a0da 22\u00aa DP descobriram o nome verdadeiro do pastor era Tiago Cosme de Souza,\u00a0um homem que estava\u00a0foragido da Justi\u00e7a.\u00a0Sobre\u00a0ele, havia um\u00a0mandado de pris\u00e3o pendente no\u00a0Esp\u00edrito Santo\u00a0por com\u00e9rcio ilegal de armas e muni\u00e7\u00f5es no estado vizinho ao Rio.\n<\/p>\n<p>\nPara prosseguir com as investiga\u00e7\u00f5es sobre o caso,\u00a0a Pol\u00edcia Civil\u00a0busca descobrir\u00a0o que um foragido da Justi\u00e7a do Esp\u00edrito Santo fazia num dos\u00a0locais de\u00a0crime organizado no Rio.\n<\/p>\n<\/div>\n<p><br \/>\n<br \/><a href=\"https:\/\/oglobo.globo.com\/rio\/homem-preso-ao-se-passar-por-pastor-evangelico-23545166\">Fonte do Artigo <\/a><\/p>\n","protected":false},"excerpt":{"rendered":"<p>RIO \u2014 Um homem, identificado como\u00a0Tiago Cosme de Souza foi preso, na noite desta sexta-feira, ap\u00f3s Policiais Militares o abordarem na comunidade da Chatuba, no Complexo da Penha, e desconfiarem da vers\u00e3o dele de que era um pastor evang\u00e9lico conhecido na internet como &#8220;Profeta Menor &#8211; Pr\u00edncipe da Revela\u00e7\u00f5es&#8221;\u00a0. Segundo a Pol\u00edcia Civil, Tiago foi [&hellip;]<\/p>\n","protected":false},"author":1,"featured_media":0,"comment_status":"open","ping_status":"open","sticky":false,"template":"","format":"standard","meta":{"footnotes":""},"categories":[337],"tags":[],"class_list":["post-12377","post","type-post","status-publish","format-standard","hentry","category-noticias"],"_links":{"self":[{"href":"https:\/\/wiy.com.br\/noticias\/wp-json\/wp\/v2\/posts\/12377","targetHints":{"allow":["GET"]}}],"collection":[{"href":"https:\/\/wiy.com.br\/noticias\/wp-json\/wp\/v2\/posts"}],"about":[{"href":"https:\/\/wiy.com.br\/noticias\/wp-json\/wp\/v2\/types\/post"}],"author":[{"embeddable":true,"href":"https:\/\/wiy.com.br\/noticias\/wp-json\/wp\/v2\/users\/1"}],"replies":[{"embeddable":true,"href":"https:\/\/wiy.com.br\/noticias\/wp-json\/wp\/v2\/comments?post=12377"}],"version-history":[{"count":0,"href":"https:\/\/wiy.com.br\/noticias\/wp-json\/wp\/v2\/posts\/12377\/revisions"}],"wp:attachment":[{"href":"https:\/\/wiy.com.br\/noticias\/wp-json\/wp\/v2\/media?parent=12377"}],"wp:term":[{"taxonomy":"category","embeddable":true,"href":"https:\/\/wiy.com.br\/noticias\/wp-json\/wp\/v2\/categories?post=12377"},{"taxonomy":"post_tag","embeddable":true,"href":"https:\/\/wiy.com.br\/noticias\/wp-json\/wp\/v2\/tags?post=12377"}],"curies":[{"name":"wp","href":"https:\/\/api.w.org\/{rel}","templated":true}]}}