{"id":12337,"date":"2023-02-26T14:56:55","date_gmt":"2023-02-26T17:56:55","guid":{"rendered":"https:\/\/wiy.com.br\/noticias\/corinthians-avisa-que-nao-renovara-contrato-e-walter-estuda-seu-futuro\/"},"modified":"2019-03-22T20:28:39","modified_gmt":"2019-03-22T23:28:39","slug":"corinthians-avisa-que-nao-renovara-contrato-e-walter-estuda-seu-futuro","status":"publish","type":"post","link":"https:\/\/wiy.com.br\/noticias\/corinthians-avisa-que-nao-renovara-contrato-e-walter-estuda-seu-futuro\/","title":{"rendered":"Corinthians avisa que n\u00e3o renovar\u00e1 contrato e Walter estuda seu futuro"},"content":{"rendered":"<p> <br \/>\n<br \/><img title = \"[Tags]\"alt = \"5c956f4e165b7 Corinthians avisa que n\u00e3o renovar\u00e1 contrato e Walter estuda seu futuro\"decoding=\"async\" src=\"http:\/\/www.lance.com.br\/\/files\/\/uploads\/2019\/03\/22\/5c956f4e165b7.jpeg\" \/><\/p>\n<div>\n<p class=\"paragraph\" id=\"p486585-m352-351-353\">Aos 31 anos, o goleiro Walter pensar\u00e1 sobre o futuro de sua carreira nos pr\u00f3ximos dias. O estafe do jogador recebeu do Corinthians uma sinaliza\u00e7\u00e3o negativa em rela\u00e7\u00e3o a uma poss\u00edvel negocia\u00e7\u00e3o. O clube n\u00e3o pretende colocar empecilhos para a sa\u00edda do jogador, cujo v\u00ednculo atual se encerra em dezembro. A informa\u00e7\u00e3o foi publicada primeiro pelo Globoesporte.\u00a0<\/p>\n<p>Walter n\u00e3o pediu para ser negociado e, portanto, ainda n\u00e3o definiu qual ser\u00e1 seu destino. O goleiro, inclusive, at\u00e9 esperava renovar com o Tim\u00e3o, de acordo com pessoas pr\u00f3ximas, mas ouviu do Corinthians que o melhor para sua carreira \u00e9 buscar outros ares.<\/p>\n<p>Reserva imediado de C\u00e1ssio, n\u00e3o est\u00e1 nos planos do Corinthians para 2020, novidade passada ao estafe do goleiro em reuni\u00e3o nesta sexta-feira. Recentemente, o titular renovou seu v\u00ednculo at\u00e9 2022 e completou 400 jogos com a camisa do Tim\u00e3o. Com uma trajet\u00f3ria s\u00f3lida e consolidada no clube, C\u00e1ssio \u00e9 a prioridade absoluta.\u00a0<\/p>\n<p>Walter foi contratado em 2013 e tem 72 jogos pelo Corinthians. Al\u00e9m dele e de C\u00e1ssio, o time profissional conta com os goleiros Ca\u00edque Fran\u00e7a e Filipe, de 23 e 21 anos, respectivamente.\u00a0<\/p>\n<p>Como o contrato de Walter vence no fim do ano, a partir da metade de 2019 ele j\u00e1 estar\u00e1 livre para negociar um pr\u00e9-contrato com outra equipe.\u00a0<\/p>\n<\/div>\n<p><script>(function(d, s, id) {\n    var js, fjs = d.getElementsByTagName(s)[0];\n    if (d.getElementById(id)) return;\n    js = d.createElement(s); js.id = id;\n    js.src = 'https:\/\/connect.facebook.net\/pt_BR\/sdk.js#xfbml=1&version=v2.12&appId=1124817024230602';\n    fjs.parentNode.insertBefore(js, fjs);\n    }(document, 'script', 'facebook-jssdk'));<\/script><br \/>\n<br \/><br \/>\n<br \/><a href=\"http:\/\/www.lance.com.br\/corinthians\/avisa-que-nao-renovara-contrato-walter-estuda-seu-futuro.html\">Link do Artigo <\/a><\/p>\n","protected":false},"excerpt":{"rendered":"<p>Aos 31 anos, o goleiro Walter pensar\u00e1 sobre o futuro de sua carreira nos pr\u00f3ximos dias. O estafe do jogador recebeu do Corinthians uma sinaliza\u00e7\u00e3o negativa em rela\u00e7\u00e3o a uma poss\u00edvel negocia\u00e7\u00e3o. O clube n\u00e3o pretende colocar empecilhos para a sa\u00edda do jogador, cujo v\u00ednculo atual se encerra em dezembro. A informa\u00e7\u00e3o foi publicada primeiro [&hellip;]<\/p>\n","protected":false},"author":1,"featured_media":12338,"comment_status":"open","ping_status":"open","sticky":false,"template":"","format":"standard","meta":{"footnotes":""},"categories":[372],"tags":[],"class_list":["post-12337","post","type-post","status-publish","format-standard","has-post-thumbnail","hentry","category-futebol"],"_links":{"self":[{"href":"https:\/\/wiy.com.br\/noticias\/wp-json\/wp\/v2\/posts\/12337","targetHints":{"allow":["GET"]}}],"collection":[{"href":"https:\/\/wiy.com.br\/noticias\/wp-json\/wp\/v2\/posts"}],"about":[{"href":"https:\/\/wiy.com.br\/noticias\/wp-json\/wp\/v2\/types\/post"}],"author":[{"embeddable":true,"href":"https:\/\/wiy.com.br\/noticias\/wp-json\/wp\/v2\/users\/1"}],"replies":[{"embeddable":true,"href":"https:\/\/wiy.com.br\/noticias\/wp-json\/wp\/v2\/comments?post=12337"}],"version-history":[{"count":0,"href":"https:\/\/wiy.com.br\/noticias\/wp-json\/wp\/v2\/posts\/12337\/revisions"}],"wp:featuredmedia":[{"embeddable":true,"href":"https:\/\/wiy.com.br\/noticias\/wp-json\/wp\/v2\/media\/12338"}],"wp:attachment":[{"href":"https:\/\/wiy.com.br\/noticias\/wp-json\/wp\/v2\/media?parent=12337"}],"wp:term":[{"taxonomy":"category","embeddable":true,"href":"https:\/\/wiy.com.br\/noticias\/wp-json\/wp\/v2\/categories?post=12337"},{"taxonomy":"post_tag","embeddable":true,"href":"https:\/\/wiy.com.br\/noticias\/wp-json\/wp\/v2\/tags?post=12337"}],"curies":[{"name":"wp","href":"https:\/\/api.w.org\/{rel}","templated":true}]}}