{"id":12336,"date":"2023-02-26T15:17:03","date_gmt":"2023-02-26T18:17:03","guid":{"rendered":"https:\/\/wiy.com.br\/noticias\/apos-determinacao-do-stj-joao-de-deus-e-transferido-para-hospital\/"},"modified":"2019-03-22T20:24:13","modified_gmt":"2019-03-22T23:24:13","slug":"apos-determinacao-do-stj-joao-de-deus-e-transferido-para-hospital","status":"publish","type":"post","link":"https:\/\/wiy.com.br\/noticias\/apos-determinacao-do-stj-joao-de-deus-e-transferido-para-hospital\/","title":{"rendered":"Ap\u00f3s determina\u00e7\u00e3o do STJ, Jo\u00e3o de Deus \u00e9 transferido para hospital"},"content":{"rendered":"<p> <br \/>\n<\/p>\n<p>A Diretoria-Geral de Administra\u00e7\u00e3o Penitenci\u00e1ria (DGAP) de<strong><a href=\"https:\/\/exame.abril.com.br\/noticias-sobre\/goias\/\"> Goi\u00e1s<\/a><\/strong> j\u00e1 iniciou o processo de transfer\u00eancia do m\u00e9dium <strong><a href=\"https:\/\/exame.abril.com.br\/noticias-sobre\/joao-de-deus\/\">Jo\u00e3o de Deus<\/a><\/strong> para o Instituto de Neurologia de Goi\u00e2nia. A transfer\u00eancia se d\u00e1 ap\u00f3s determina\u00e7\u00e3o do Superior Tribunal de Justi\u00e7a (STJ) divulgada ontem (21).<\/p>\n<p>De acordo com a decis\u00e3o do ministro Nefi Cordeiro, o m\u00e9dium dever\u00e1 ficar internado durante o per\u00edodo de quatro semanas, sob escolta policial, ou monitoramento por tornozeleira eletr\u00f4nica. Em nota, o DGAP confirma o cumprimento da determina\u00e7\u00e3o, inclusive com a vigil\u00e2ncia a Jo\u00e3o de Deus.<\/p>\n<p>&#8220;[\u2026] j\u00e1 foi dado in\u00edcio ao cumprimento da determina\u00e7\u00e3o do Superior Tribunal de Justi\u00e7a<strong><a href=\"https:\/\/exame.abril.com.br\/noticias-sobre\/stj\/\"> (STJ)<\/a><\/strong> para interna\u00e7\u00e3o do custodiado Jo\u00e3o Teixeira de Farias em unidade hospitalar externa ao Complexo Prisional de Aparecida de Goi\u00e2nia, nos termos da decis\u00e3o do Poder Judici\u00e1rio. A DGAP informa ainda que, durante a interna\u00e7\u00e3o, o custodiado estar\u00e1 sob vigil\u00e2ncia ininterrupta de servidores penitenci\u00e1rios&#8221;, informou o departamento.<\/p>\n<p>A decis\u00e3o do ministro do STJ considerou o argumento da defesa do m\u00e9dium. Os advogados alegaram que Jo\u00e3o de Deus tem problemas de press\u00e3o arterial e um &#8220;aneurisma da aorta abdominal com dissec\u00e7\u00e3o e alto risco de ruptura&#8221;.<\/p>\n<p>Na decis\u00e3o, Nefi Cordeiro entendeu que todo preso tem direito \u00e0 dignidade e \u00e0 sa\u00fade. &#8220;Dever\u00e1 o paciente, como decorr\u00eancia, ser tratado pelo tempo m\u00ednimo indicado como necess\u00e1rio, em princ\u00edpio de quatro semanas, salvo adiantada melhoria em seu estado de sa\u00fade que lhe permita o retorno ao normal tratamento na unidade prisional&#8221;.<\/p>\n<div class=\"widget-news widget-box no-margin no-border\"><span class=\"widget-news-title content-box-title\">Veja tamb\u00e9m<\/span><\/p>\n<ul class=\"widget-news-list\">\n<li class=\"widget-news-item without-thumb with-border\">\n<div class=\"widget-news-info\"><a href=\"http:\/\/exame.abril.com.br\/brasil\">BRASIL<\/a><span class=\"widget-news-item-title\"><a href=\"https:\/\/exame.abril.com.br\/brasil\/mulheres-de-movimentos-populares-ocupam-fazenda-de-joao-de-deus\/\">Mulheres de movimentos populares ocupam fazenda de Jo\u00e3o de Deus<\/a><\/span><span class=\"widget-news-item-date\">13 mar 2019 &#8211; 12h03<\/span><\/div>\n<\/li>\n<\/ul>\n<\/div>\n<p>Jo\u00e3o de Deus foi preso no dia 16 de dezembro do ano passado <a href=\"https:\/\/exame.abril.com.br\/brasil\/policia-indicia-joao-de-deus-por-crime-de-violencia-sexual-mediante-fraude\/\">sob a acusa\u00e7\u00e3o de viola\u00e7\u00e3o sexual mediante fraude e de estupro de vulner\u00e1vel,<\/a> crimes que teriam sido praticados contra centenas de mulheres na institui\u00e7\u00e3o em que atendia pessoas em busca de tratamento espiritual, em Abadi\u00e2nia, Goi\u00e1s.<\/p>\n<p><br \/>\n<br \/><a href=\"https:\/\/exame.abril.com.br\/brasil\/apos-determinacao-do-stj-joao-de-deus-e-transferido-para-hospital\/\">Source link <\/a><\/p>\n","protected":false},"excerpt":{"rendered":"<p>A Diretoria-Geral de Administra\u00e7\u00e3o Penitenci\u00e1ria (DGAP) de Goi\u00e1s j\u00e1 iniciou o processo de transfer\u00eancia do m\u00e9dium Jo\u00e3o de Deus para o Instituto de Neurologia de Goi\u00e2nia. A transfer\u00eancia se d\u00e1 ap\u00f3s determina\u00e7\u00e3o do Superior Tribunal de Justi\u00e7a (STJ) divulgada ontem (21). De acordo com a decis\u00e3o do ministro Nefi Cordeiro, o m\u00e9dium dever\u00e1 ficar internado [&hellip;]<\/p>\n","protected":false},"author":1,"featured_media":12030,"comment_status":"open","ping_status":"open","sticky":false,"template":"","format":"standard","meta":{"footnotes":""},"categories":[337],"tags":[],"class_list":["post-12336","post","type-post","status-publish","format-standard","has-post-thumbnail","hentry","category-noticias"],"_links":{"self":[{"href":"https:\/\/wiy.com.br\/noticias\/wp-json\/wp\/v2\/posts\/12336","targetHints":{"allow":["GET"]}}],"collection":[{"href":"https:\/\/wiy.com.br\/noticias\/wp-json\/wp\/v2\/posts"}],"about":[{"href":"https:\/\/wiy.com.br\/noticias\/wp-json\/wp\/v2\/types\/post"}],"author":[{"embeddable":true,"href":"https:\/\/wiy.com.br\/noticias\/wp-json\/wp\/v2\/users\/1"}],"replies":[{"embeddable":true,"href":"https:\/\/wiy.com.br\/noticias\/wp-json\/wp\/v2\/comments?post=12336"}],"version-history":[{"count":0,"href":"https:\/\/wiy.com.br\/noticias\/wp-json\/wp\/v2\/posts\/12336\/revisions"}],"wp:featuredmedia":[{"embeddable":true,"href":"https:\/\/wiy.com.br\/noticias\/wp-json\/wp\/v2\/media\/12030"}],"wp:attachment":[{"href":"https:\/\/wiy.com.br\/noticias\/wp-json\/wp\/v2\/media?parent=12336"}],"wp:term":[{"taxonomy":"category","embeddable":true,"href":"https:\/\/wiy.com.br\/noticias\/wp-json\/wp\/v2\/categories?post=12336"},{"taxonomy":"post_tag","embeddable":true,"href":"https:\/\/wiy.com.br\/noticias\/wp-json\/wp\/v2\/tags?post=12336"}],"curies":[{"name":"wp","href":"https:\/\/api.w.org\/{rel}","templated":true}]}}