{"id":12198,"date":"2023-02-26T15:50:55","date_gmt":"2023-02-26T18:50:55","guid":{"rendered":"https:\/\/wiy.com.br\/noticias\/russia-critica-intencao-de-trump-reconhecer-soberania-de-israel-sobre-gola\/"},"modified":"2019-03-22T10:51:05","modified_gmt":"2019-03-22T13:51:05","slug":"russia-critica-intencao-de-trump-reconhecer-soberania-de-israel-sobre-gola","status":"publish","type":"post","link":"https:\/\/wiy.com.br\/noticias\/russia-critica-intencao-de-trump-reconhecer-soberania-de-israel-sobre-gola\/","title":{"rendered":"R\u00fassia critica inten\u00e7\u00e3o de Trump reconhecer soberania de Israel sobre Gol\u00e3"},"content":{"rendered":"<p> <br \/>\n<\/p>\n<p>Moscou \u2014 A <strong><a href=\"https:\/\/exame.abril.com.br\/noticias-sobre\/russia\/\">R\u00fassia<\/a><\/strong> criticou nesta sexta-feira a inten\u00e7\u00e3o do presidente dos Estados Unidos, <strong><a href=\"https:\/\/exame.abril.com.br\/noticias-sobre\/donald-trump\">Donald Trump<\/a><\/strong>, de reconhecer a soberania de Israel sobre as Colinas de Gol\u00e3 e advertiu que sua declara\u00e7\u00e3o pode desestabilizar a situa\u00e7\u00e3o na regi\u00e3o.<\/p>\n<p>&#8220;Claro, semelhantes a\u00e7\u00f5es podem desestabilizar significativamente a situa\u00e7\u00e3o no Oriente M\u00e9dio, que por si s\u00f3 j\u00e1 \u00e9 tensa&#8221;, disse o porta-voz do Kremlin, Dmitry Peskov.<\/p>\n<p>A &#8220;ideia&#8221; expressada por Trump &#8220;de forma alguma ajuda a alcan\u00e7ar os objetivos do acerto no Oriente M\u00e9dio, mas sim ao contr\u00e1rio&#8221;, acrescentou.<\/p>\n<p>&#8220;Em todo caso, por enquanto se trata de uma ideia e esperamos que fique nisso&#8221;, ressaltou Peskov.<\/p>\n<div class=\"widget-news widget-box no-margin no-border\"><span class=\"widget-news-title content-box-title\">Veja tamb\u00e9m<\/span><\/p>\n<ul class=\"widget-news-list\">\n<li class=\"widget-news-item without-thumb with-border\">\n<div class=\"widget-news-info\"><a href=\"http:\/\/exame.abril.com.br\/mundo\">MUNDO<\/a><span class=\"widget-news-item-title\"><a href=\"https:\/\/exame.abril.com.br\/mundo\/trump-e-carta-na-manga-de-netanyahu-para-vencer-eleicoes-em-israel\/\">Trump \u00e9 carta na manga de Netanyahu para vencer elei\u00e7\u00f5es em Israel<\/a><\/span><span class=\"widget-news-item-date\">21 mar 2019 &#8211; 15h03<\/span><\/div>\n<\/li>\n<li class=\"widget-news-item without-thumb with-border\">\n<div class=\"widget-news-info\"><a href=\"http:\/\/exame.abril.com.br\/mundo\">MUNDO<\/a><span class=\"widget-news-item-title\"><a href=\"https:\/\/exame.abril.com.br\/mundo\/trump-apoia-reconhecimento-da-soberania-israelense-sobre-colinas-de-gola\/\">Trump apoia soberania de Israel sobre Colinas de Gol\u00e3<\/a><\/span><span class=\"widget-news-item-date\">21 mar 2019 &#8211; 15h03<\/span><\/div>\n<\/li>\n<li class=\"widget-news-item without-thumb with-border\">\n<div class=\"widget-news-info\"><a href=\"http:\/\/exame.abril.com.br\/mundo\">MUNDO<\/a><span class=\"widget-news-item-title\"><a href=\"https:\/\/exame.abril.com.br\/mundo\/trump-recebera-netanyahu-em-25-de-marco-antes-das-eleicoes-em-israel\/\">Trump receber\u00e1 Netanyahu em 25 de mar\u00e7o, antes das elei\u00e7\u00f5es em Israel<\/a><\/span><span class=\"widget-news-item-date\">20 mar 2019 &#8211; 16h03<\/span><\/div>\n<\/li>\n<\/ul>\n<\/div>\n<p>Por sua vez, a porta-voz do Minist\u00e9rio das Rela\u00e7\u00f5es Exteriores da R\u00fassia, Maria Zakharova, rotulou de &#8220;irrespons\u00e1vel&#8221; a declara\u00e7\u00e3o de Trump, que escreveu ontem no Twitter que &#8220;\u00e9 hora de os EUA reconhecerem plenamente a soberania de Israel sobre as Colinas de Gol\u00e3&#8221;.<\/p>\n<p>&#8220;Do meu ponto de vista, a principal tarefa da comunidade internacional consiste em conseguir a estabilidade e avan\u00e7ar pelo caminho que leva \u00e0 paz, e n\u00e3o em suscitar novas guerras e agravar os conflitos j\u00e1 existentes&#8221;, declarou Maria na rede de televis\u00e3o &#8220;Rossiya 24&#8221;.<\/p>\n<p>As Colinas de Gol\u00e3, que pertencem \u00e0 S\u00edria e uma pequena parte delas &#8211; as Fazendas de Chebaa &#8211; \u00e9 reivindicada pelo L\u00edbano, foram ocupadas por Israel nas guerras dos Seis Dias (1967) e de Yom Kipur (1973), e em 1981 foram anexadas por decis\u00e3o do Parlamento de Israel.<\/p>\n<p><br \/>\n<br \/><a href=\"https:\/\/exame.abril.com.br\/mundo\/russia-critica-intencao-de-trump-reconhecer-soberania-de-israel-sobre-gola\/\">Fonte do Artigo <\/a><\/p>\n<p>#noticias #news #o #brasil #venezuela #n #jornalismo #a #love #like #bbb #musica #colombia #tv #blog #fofoca #mexico #gay #caracas #saopaulo #instagram #follow #not #cias #famosos #m #brazil #politica #pol #jeansobrinho<\/p>\n","protected":false},"excerpt":{"rendered":"<p>Moscou \u2014 A R\u00fassia criticou nesta sexta-feira a inten\u00e7\u00e3o do presidente dos Estados Unidos, Donald Trump, de reconhecer a soberania de Israel sobre as Colinas de Gol\u00e3 e advertiu que sua declara\u00e7\u00e3o pode desestabilizar a situa\u00e7\u00e3o na regi\u00e3o. &#8220;Claro, semelhantes a\u00e7\u00f5es podem desestabilizar significativamente a situa\u00e7\u00e3o no Oriente M\u00e9dio, que por si s\u00f3 j\u00e1 \u00e9 [&hellip;]<\/p>\n","protected":false},"author":1,"featured_media":12199,"comment_status":"open","ping_status":"open","sticky":false,"template":"","format":"standard","meta":{"footnotes":""},"categories":[339],"tags":[],"class_list":["post-12198","post","type-post","status-publish","format-standard","has-post-thumbnail","hentry","category-negocios"],"_links":{"self":[{"href":"https:\/\/wiy.com.br\/noticias\/wp-json\/wp\/v2\/posts\/12198","targetHints":{"allow":["GET"]}}],"collection":[{"href":"https:\/\/wiy.com.br\/noticias\/wp-json\/wp\/v2\/posts"}],"about":[{"href":"https:\/\/wiy.com.br\/noticias\/wp-json\/wp\/v2\/types\/post"}],"author":[{"embeddable":true,"href":"https:\/\/wiy.com.br\/noticias\/wp-json\/wp\/v2\/users\/1"}],"replies":[{"embeddable":true,"href":"https:\/\/wiy.com.br\/noticias\/wp-json\/wp\/v2\/comments?post=12198"}],"version-history":[{"count":0,"href":"https:\/\/wiy.com.br\/noticias\/wp-json\/wp\/v2\/posts\/12198\/revisions"}],"wp:featuredmedia":[{"embeddable":true,"href":"https:\/\/wiy.com.br\/noticias\/wp-json\/wp\/v2\/media\/12199"}],"wp:attachment":[{"href":"https:\/\/wiy.com.br\/noticias\/wp-json\/wp\/v2\/media?parent=12198"}],"wp:term":[{"taxonomy":"category","embeddable":true,"href":"https:\/\/wiy.com.br\/noticias\/wp-json\/wp\/v2\/categories?post=12198"},{"taxonomy":"post_tag","embeddable":true,"href":"https:\/\/wiy.com.br\/noticias\/wp-json\/wp\/v2\/tags?post=12198"}],"curies":[{"name":"wp","href":"https:\/\/api.w.org\/{rel}","templated":true}]}}