{"id":12136,"date":"2023-02-26T15:06:01","date_gmt":"2023-02-26T18:06:01","guid":{"rendered":"https:\/\/wiy.com.br\/noticias\/jornal-diz-que-premie-da-nova-zelandia-foi-ameacada-de-morte\/"},"modified":"2019-03-22T06:08:11","modified_gmt":"2019-03-22T09:08:11","slug":"jornal-diz-que-premie-da-nova-zelandia-foi-ameacada-de-morte","status":"publish","type":"post","link":"https:\/\/wiy.com.br\/noticias\/jornal-diz-que-premie-da-nova-zelandia-foi-ameacada-de-morte\/","title":{"rendered":"Jornal diz que premi\u00ea da Nova Zel\u00e2ndia foi amea\u00e7ada de morte"},"content":{"rendered":"<p> <br \/>\n<\/p>\n<p>Sydney \u2014 A primeira-ministra da <strong><a href=\"https:\/\/exame.abril.com.br\/noticias-sobre\/nova-zelandia\/\">Nova Zel\u00e2ndia<\/a><\/strong>, Jacinda Ardern, recebeu uma amea\u00e7a de morte a partir de uma conta nas redes sociais que aparentemente possui mensagens supremacistas e ap\u00f3s o ataque contra duas mesquitas do pa\u00eds.<\/p>\n<p>Um porta-voz da Pol\u00edcia da Nova Zel\u00e2ndia afirmou \u00e0 Ag\u00eancia EFE que &#8220;tem conhecimento de um coment\u00e1rio feito no Twitter e est\u00e1 fazendo as investiga\u00e7\u00f5es&#8221;, sem fornecer mais detalhes.<\/p>\n<p>De acordo com o jornal &#8220;New Zealand Herald&#8221;, a mensagem no Twitter, que ficou nas redes por cerca de 48 horas at\u00e9 a conta ser suspensa na tarde de sexta-feira, 22, foi enviada ao perfil da premi\u00ea e continha uma foto de uma arma junto com a frase: &#8220;voc\u00ea \u00e9 a pr\u00f3xima&#8221;.<\/p>\n<p>Os usu\u00e1rios da plataforma relataram a amea\u00e7a contra Ardern e at\u00e9 alegaram ter armazenado evid\u00eancias da mensagem e solicitaram a pris\u00e3o do emissor do tu\u00edte.<\/p>\n<div class=\"widget-news widget-box no-margin no-border\"><span class=\"widget-news-title content-box-title\">Veja tamb\u00e9m<\/span><\/p>\n<ul class=\"widget-news-list\">\n<li class=\"widget-news-item without-thumb with-border\">\n<div class=\"widget-news-info\"><a href=\"http:\/\/exame.abril.com.br\/mundo\">MUNDO<\/a><span class=\"widget-news-item-title\"><a href=\"https:\/\/exame.abril.com.br\/mundo\/nova-zelandia-proibira-armas-semiautomaticas-apos-atentados\/\">Nova Zel\u00e2ndia pro\u00edbe venda de fuzis de assalto ap\u00f3s atentado<\/a><\/span><span class=\"widget-news-item-date\">21 mar 2019 &#8211; 06h03<\/span><\/div>\n<\/li>\n<li class=\"widget-news-item without-thumb with-border\">\n<div class=\"widget-news-info\"><a href=\"http:\/\/exame.abril.com.br\/mundo\">MUNDO<\/a><span class=\"widget-news-item-title\"><a href=\"https:\/\/exame.abril.com.br\/mundo\/autor-de-massacre-na-nova-zelandia-planejava-terceiro-ataque-diz-policia\/\">Autor de massacre na Nova Zel\u00e2ndia planejava terceiro ataque, diz pol\u00edcia<\/a><\/span><span class=\"widget-news-item-date\">20 mar 2019 &#8211; 13h03<\/span><\/div>\n<\/li>\n<li class=\"widget-news-item without-thumb with-border\">\n<div class=\"widget-news-info\"><a href=\"http:\/\/exame.abril.com.br\/mundo\">MUNDO<\/a><span class=\"widget-news-item-title\"><a href=\"https:\/\/exame.abril.com.br\/mundo\/neozelandeses-entregam-voluntariamente-suas-armas-apos-massacre\/\">Neozelandeses entregam voluntariamente suas armas ap\u00f3s massacre<\/a><\/span><span class=\"widget-news-item-date\">19 mar 2019 &#8211; 09h03<\/span><\/div>\n<\/li>\n<\/ul>\n<\/div>\n<p>O &#8220;Herald&#8221; indicou que a conta desde onde foi realizada a mensagem tinha outras supremacistas e de \u00f3dio, embora a identidade de seu propriet\u00e1rio n\u00e3o tenha sido revelado.<\/p>\n<p>Esta amea\u00e7a de morte acontece uma semana depois do ataque a duas mesquitas em Christchurch, no qual 50 pessoas foram supostamente mortas pelo australiano Brenton Tarrant, um supremacista branco de 28 anos que disparou contra mu\u00e7ulmanos que estavam orando em seus templos.<\/p>\n<p>O ataque foi retransmitido atrav\u00e9s do <strong><a href=\"https:\/\/exame.abril.com.br\/noticias-sobre\/facebook\/\">Facebook<\/a><\/strong> durante 17 minutos pelo agressor, que al\u00e9m disso publicou um manifesto nas redes sociais para que plataformas como <strong><a href=\"https:\/\/exame.abril.com.br\/noticias-sobre\/twitter\/\">Twitter<\/a><\/strong>, <strong><a href=\"https:\/\/exame.abril.com.br\/noticias-sobre\/youtube\/\">YouTube<\/a><\/strong> e outras fossem criticadas por seu papel na divulga\u00e7\u00e3o.<\/p>\n<p>Ap\u00f3s o massacre, Ardern se apresentou para descrever o ataque como &#8220;terrorista&#8221; e conden\u00e1-lo com o lema &#8220;somos um, eles somos n\u00f3s&#8221; e mostrar seu apoio \u00e0 comunidade mu\u00e7ulmana em todos os momentos, assim como anunciou uma reforma da lei de armas para evitar que esses atos aconte\u00e7am novamente.<\/p>\n<p><br \/>\n<br \/><a href=\"https:\/\/exame.abril.com.br\/mundo\/jornal-diz-que-premie-da-nova-zelandia-foi-ameacada-de-morte\/\">Source link <\/a><\/p>\n","protected":false},"excerpt":{"rendered":"<p>Sydney \u2014 A primeira-ministra da Nova Zel\u00e2ndia, Jacinda Ardern, recebeu uma amea\u00e7a de morte a partir de uma conta nas redes sociais que aparentemente possui mensagens supremacistas e ap\u00f3s o ataque contra duas mesquitas do pa\u00eds. Um porta-voz da Pol\u00edcia da Nova Zel\u00e2ndia afirmou \u00e0 Ag\u00eancia EFE que &#8220;tem conhecimento de um coment\u00e1rio feito no [&hellip;]<\/p>\n","protected":false},"author":1,"featured_media":12137,"comment_status":"open","ping_status":"open","sticky":false,"template":"","format":"standard","meta":{"footnotes":""},"categories":[337],"tags":[],"class_list":["post-12136","post","type-post","status-publish","format-standard","has-post-thumbnail","hentry","category-noticias"],"_links":{"self":[{"href":"https:\/\/wiy.com.br\/noticias\/wp-json\/wp\/v2\/posts\/12136","targetHints":{"allow":["GET"]}}],"collection":[{"href":"https:\/\/wiy.com.br\/noticias\/wp-json\/wp\/v2\/posts"}],"about":[{"href":"https:\/\/wiy.com.br\/noticias\/wp-json\/wp\/v2\/types\/post"}],"author":[{"embeddable":true,"href":"https:\/\/wiy.com.br\/noticias\/wp-json\/wp\/v2\/users\/1"}],"replies":[{"embeddable":true,"href":"https:\/\/wiy.com.br\/noticias\/wp-json\/wp\/v2\/comments?post=12136"}],"version-history":[{"count":0,"href":"https:\/\/wiy.com.br\/noticias\/wp-json\/wp\/v2\/posts\/12136\/revisions"}],"wp:featuredmedia":[{"embeddable":true,"href":"https:\/\/wiy.com.br\/noticias\/wp-json\/wp\/v2\/media\/12137"}],"wp:attachment":[{"href":"https:\/\/wiy.com.br\/noticias\/wp-json\/wp\/v2\/media?parent=12136"}],"wp:term":[{"taxonomy":"category","embeddable":true,"href":"https:\/\/wiy.com.br\/noticias\/wp-json\/wp\/v2\/categories?post=12136"},{"taxonomy":"post_tag","embeddable":true,"href":"https:\/\/wiy.com.br\/noticias\/wp-json\/wp\/v2\/tags?post=12136"}],"curies":[{"name":"wp","href":"https:\/\/api.w.org\/{rel}","templated":true}]}}