{"id":11990,"date":"2023-02-26T15:48:24","date_gmt":"2023-02-26T18:48:24","guid":{"rendered":"https:\/\/wiy.com.br\/noticias\/voce-tem-vergonha-de-ser-brasileiro\/"},"modified":"2019-03-21T16:31:49","modified_gmt":"2019-03-21T19:31:49","slug":"voce-tem-vergonha-de-ser-brasileiro","status":"publish","type":"post","link":"https:\/\/wiy.com.br\/noticias\/voce-tem-vergonha-de-ser-brasileiro\/","title":{"rendered":"Voc\u00ea tem vergonha de ser brasileiro?"},"content":{"rendered":"<p> <br \/>\n<\/p>\n<div>\n<p>\nPode ser um m\u00eas. Pode ser um ano ou uma d\u00e9cada. Estar fora n\u00e3o faz o Brasil sair da gente. Nossas belezas e mazelas v\u00e3o na mala de rodinhas e no celular. Nosso sotaque nos acompanha, e junto vai a saudade da fam\u00edlia, vai o jeito criativo e caloroso. Pode estar na Isl\u00e2ndia, em Paris, na Patag\u00f4nia, em Nova York, o brasileiro compartilha freneticamente memes, verdades e mentiras por WhatsApp.\n<\/p>\n<p>\n\u00c9 um choque ver sucessivas pris\u00f5es de ex-presidentes ou ex-governadores por corrup\u00e7\u00e3o na Lava-Jato. A cada trag\u00e9dia criminosa como as de Brumadinho e do Ninho do Urubu, a cada assalto com fuzil, bala perdida, inunda\u00e7\u00e3o na sua esquina, feminic\u00eddio com rostos destro\u00e7ados de mulher&#8230; a cada agress\u00e3o covarde de PMs ou crime da mil\u00edcia sem-vergonha&#8230; a cada \u201cato falho\u201d da fam\u00edlia Bolsonaro que transforma migrantes carentes em \u201cvergonha nossa\u201d, ou a cada besteirol de ministros e secret\u00e1rios ungidos por Deus acima de todos, a gente pensa: tenho vergonha de ser brasileiro?\n<\/p>\n<p>\nGosto de ser brasileira e carioca. Sou daqui, desse mar e dessas montanhas. O Rio de Janeiro, mesmo castigado, \u00e9 deslumbrante. H\u00e1 resist\u00eancia cultural, moral e c\u00edvica em cada canto do pa\u00eds. \u00c9 s\u00f3 olhar para o outro lado do espelho e vamos encontrar talento, alegria e solidariedade. N\u00e3o podemos deixar uma mar\u00e9 de ignor\u00e2ncia b\u00e1sica e cosmovis\u00e3o crist\u00e3 ou um discurso de esfola-e-mata nos subjugar ou derrotar nossa autoestima.\n<\/p>\n<p>\nPor que a gente teima em voltar para o Brasil? Como morei cinco vezes na Europa, ouvi bastante essa pergunta. Desde os anos 1970. Voltar por qu\u00ea, t\u00e1 louca? O Brasil est\u00e1 numa crise imensa! J\u00e1 vivemos temporadas obscuras. E jamais pensei em n\u00e3o voltar. N\u00e3o tenho voca\u00e7\u00e3o para emigrar definitivamente para outro pa\u00eds. Teria uma vida mais sossegada. Mas seria mais triste.\n<\/p>\n<section class=\"block block--advertising\">\n<\/section>\n<p>\nO vento de intoler\u00e2ncia sopra por todo lado. Fran\u00e7a, Holanda, Alemanha, Espanha, Gr\u00e3-Bretanha, Estados Unidos. H\u00e1 terror, \u00e2nsia de separatismo, preconceito, temor da extrema-direita. Falta empatia e sobram muros. Nem falo de China, R\u00fassia e \u00c1frica. Vemos \u00eaxodos de crian\u00e7as famintas. D\u00e9spotas populistas, ditadores.\n<\/p>\n<p>\nNo Brasil, temos chance de contribuir para mudar. O que me envergonha \u00e9 ver meu pa\u00eds expulsando o povo por falta de dois direitos fundamentais: Educa\u00e7\u00e3o e Sa\u00fade. Em quase toda fam\u00edlia que conhe\u00e7o, um casal jovem tenta emigrar porque n\u00e3o consegue manter filhos em escolas particulares e n\u00e3o h\u00e1 rede p\u00fablica de qualidade. Idosos n\u00e3o conseguem um plano de sa\u00fade digno e e acess\u00edvel. Buscam no exterior menos sobressaltos, mais civilidade e retorno para os impostos que pagam.\n<\/p>\n<p>\nEsse foi um ver\u00e3o calorento que culminou num massacre em escola de S\u00e3o Paulo. A overdose no notici\u00e1rio n\u00e3o ajudou. Estamos sensacionalistas demais. Nesse p\u00f3s-carnaval e p\u00f3s-tuite escatol\u00f3gico, n\u00e3o suportei o massacre de v\u00eddeos chocantes e depoimentos lacrimejantes sobre Suzano, que se repetiam<br \/>\n<em>ad nauseam<\/em><br \/>\npor falta de informa\u00e7\u00e3o nova. Desliguei. N\u00e3o d\u00e1 para banalizar o sofrimento ou espetacularizar atos de \u00f3dio. Precisamos de uma cota de boas not\u00edcias, uma inje\u00e7\u00e3o de esperan\u00e7a, arte e cultura. Nesse Brasil brasileiro, a gente esconde o que tem de bom.\n<\/p>\n<\/div>\n<p><br \/>\n<br \/><a href=\"https:\/\/oglobo.globo.com\/cultura\/voce-tem-vergonha-de-ser-brasileiro-23540598\">Fonte do Artigo <\/a><\/p>\n","protected":false},"excerpt":{"rendered":"<p>Pode ser um m\u00eas. Pode ser um ano ou uma d\u00e9cada. Estar fora n\u00e3o faz o Brasil sair da gente. Nossas belezas e mazelas v\u00e3o na mala de rodinhas e no celular. Nosso sotaque nos acompanha, e junto vai a saudade da fam\u00edlia, vai o jeito criativo e caloroso. Pode estar na Isl\u00e2ndia, em Paris, [&hellip;]<\/p>\n","protected":false},"author":1,"featured_media":0,"comment_status":"open","ping_status":"open","sticky":false,"template":"","format":"standard","meta":{"footnotes":""},"categories":[337],"tags":[],"class_list":["post-11990","post","type-post","status-publish","format-standard","hentry","category-noticias"],"_links":{"self":[{"href":"https:\/\/wiy.com.br\/noticias\/wp-json\/wp\/v2\/posts\/11990","targetHints":{"allow":["GET"]}}],"collection":[{"href":"https:\/\/wiy.com.br\/noticias\/wp-json\/wp\/v2\/posts"}],"about":[{"href":"https:\/\/wiy.com.br\/noticias\/wp-json\/wp\/v2\/types\/post"}],"author":[{"embeddable":true,"href":"https:\/\/wiy.com.br\/noticias\/wp-json\/wp\/v2\/users\/1"}],"replies":[{"embeddable":true,"href":"https:\/\/wiy.com.br\/noticias\/wp-json\/wp\/v2\/comments?post=11990"}],"version-history":[{"count":0,"href":"https:\/\/wiy.com.br\/noticias\/wp-json\/wp\/v2\/posts\/11990\/revisions"}],"wp:attachment":[{"href":"https:\/\/wiy.com.br\/noticias\/wp-json\/wp\/v2\/media?parent=11990"}],"wp:term":[{"taxonomy":"category","embeddable":true,"href":"https:\/\/wiy.com.br\/noticias\/wp-json\/wp\/v2\/categories?post=11990"},{"taxonomy":"post_tag","embeddable":true,"href":"https:\/\/wiy.com.br\/noticias\/wp-json\/wp\/v2\/tags?post=11990"}],"curies":[{"name":"wp","href":"https:\/\/api.w.org\/{rel}","templated":true}]}}