{"id":11939,"date":"2023-02-26T15:11:24","date_gmt":"2023-02-26T18:11:24","guid":{"rendered":"https:\/\/wiy.com.br\/noticias\/alonso-diz-que-poderia-retornar-para-a-f1-em-tres-anos-formula-1\/"},"modified":"2019-03-21T12:47:28","modified_gmt":"2019-03-21T15:47:28","slug":"alonso-diz-que-poderia-retornar-para-a-f1-em-tres-anos-formula-1","status":"publish","type":"post","link":"https:\/\/wiy.com.br\/noticias\/alonso-diz-que-poderia-retornar-para-a-f1-em-tres-anos-formula-1\/","title":{"rendered":"Alonso diz que poderia retornar para a F1 em tr\u00eas anos &#8211; F\u00f3rmula 1"},"content":{"rendered":"<p> <br \/>\n<\/p>\n<div>\n<p>Depois de vencer em Sebring, Fernando Alonso deixou claro que n\u00e3o vai se concentrar na F\u00f3rmula 1 neste ano, mas n\u00e3o descartar\u00e1 nada at\u00e9 2020.<\/p>\n<p>O espanhol venceu os 1000 quil\u00f4metros de Sebring na semana passada, com os companheiros de equipe, Sebastien Buemi e Kazuki Nakajima, e anunciou logo ap\u00f3s a corrida que os f\u00f3rmulas, n\u00e3o est\u00e3o interessando muito para ele no momento.<\/p>\n<p>\u201cEu n\u00e3o acompanhei a F\u00f3rmula 1 nos \u00faltimos dias. Eu n\u00e3o sei, e para ser honesto, isso n\u00e3o importa para mim\u201d, disse Alonso \u00e0 filial espanhola do Motorsport.com.<\/p>\n<p>\u201cTenho ficado na margem desde os dias de testes. Claro, estou curioso sobre a hierarquia como qualquer outro f\u00e3, mas a verdade \u00e9 que eu n\u00e3o necessariamente tenho que estar l\u00e1. Estou agora em Sebring e 200.000 pessoas est\u00e3o presentes e eu estou trabalhando nisso.\u201d<\/p>\n<p>O piloto de 37 anos, ainda mant\u00e9m a porta de um poss\u00edvel retorno para a F\u00f3rmula 1,  aberta por um breve per\u00edodo.<\/p>\n<p>\u201cEu n\u00e3o descartei nada antes de 2020. Quando eu anunciei minha sa\u00edda no final de 2018, foi porque eu queria enfrentar outros desafios. Eu n\u00e3o tenho uma bola de cristal para ver o que farei no futuro,\u201d ele comentou.<\/p>\n<p>\u201cSe planos interessantes foram feitos para a F\u00f3rmula 1 at\u00e9 2020, ent\u00e3o existe a possibilidade de eu retornar nos pr\u00f3ximos tr\u00eas anos\u201d, completou.<\/p>\n<p>\u00a0<\/p>\n<p><a href=\"https:\/\/chat.whatsapp.com\/INeezuMav7k8pTo7FE6cRB\" target=\"_blank\"><img title = \"[Tags]\"loading=\"lazy\" decoding=\"async\" class=\"alignnone size-full wp-image-135186\" src=\"https:\/\/f1mania.lance.com.br\/wp-content\/uploads\/2019\/02\/whats-f1mania-2.png\"alt = \"whats-f1mania-2 Alonso diz que poderia retornar para a F1 em tr\u00eas anos - F\u00f3rmula 1\" width=\"1201\" height=\"562\"  \/><\/a><\/p>\n<p>Confira os \u00faltimos v\u00eddeos do canal da F1MANIA no YouTube \u2013 ePRIX DE HONG KONG | Melhores Momentos | F\u00d3RMULA E 2018\/19 \u2013 5\u00aa etapa<\/p>\n<p><iframe loading=\"lazy\" width=\"500\" height=\"281\" src=\"https:\/\/www.youtube.com\/embed\/oi5buOtWCF8?feature=oembed\" frameborder=\"0\" allow=\"accelerometer; autoplay; encrypted-media; gyroscope; picture-in-picture\" allowfullscreen=\"\"><\/iframe><\/p>\n<p>\u00a0<\/p>\n<p>F1 2019 | Ferrari apresenta SF90 vermelha e preta fosco:<\/p>\n<p><iframe loading=\"lazy\" width=\"500\" height=\"281\" src=\"https:\/\/www.youtube.com\/embed\/S-QhlncBvvE?feature=oembed\" frameborder=\"0\" allow=\"accelerometer; autoplay; encrypted-media; gyroscope; picture-in-picture\" allowfullscreen=\"\"><\/iframe><\/p>\n<p>\u00a0<\/p>\n<p>F1 2019 | MCLAREN apresenta o MCL34:<\/p>\n<p><iframe loading=\"lazy\" width=\"500\" height=\"281\" src=\"https:\/\/www.youtube.com\/embed\/M_zNFqstITg?feature=oembed\" frameborder=\"0\" allow=\"accelerometer; autoplay; encrypted-media; gyroscope; picture-in-picture\" allowfullscreen=\"\"><\/iframe><\/p>\n<p>\u00a0<\/p>\n<p>F1 2019 | Red Bull apresenta RB15 \u2018roxo, preto e vermelho\u2019:<\/p>\n<p><iframe loading=\"lazy\" width=\"500\" height=\"281\" src=\"https:\/\/www.youtube.com\/embed\/lqUgWX3K43k?feature=oembed\" frameborder=\"0\" allow=\"accelerometer; autoplay; encrypted-media; gyroscope; picture-in-picture\" allowfullscreen=\"\"><\/iframe><\/p>\n<p>\u00a0<\/p>\n<p>F1 2019 | Mercedes apresenta nova pintura para o W10:<\/p>\n<p><iframe loading=\"lazy\" width=\"500\" height=\"281\" src=\"https:\/\/www.youtube.com\/embed\/svtNwbDGByI?feature=oembed\" frameborder=\"0\" allow=\"accelerometer; autoplay; encrypted-media; gyroscope; picture-in-picture\" allowfullscreen=\"\"><\/iframe><\/p>\n<p>\u00a0<\/p>\n<p>F\u00c9RIAS F1MANIA | Pilotamos uma FERRARI 488 GTB no SPEEDVEGAS:<\/p>\n<p><iframe loading=\"lazy\" width=\"500\" height=\"281\" src=\"https:\/\/www.youtube.com\/embed\/Jw55ZB5fuBU?feature=oembed\" frameborder=\"0\" allow=\"accelerometer; autoplay; encrypted-media; gyroscope; picture-in-picture\" allowfullscreen=\"\"><\/iframe><\/p>\n<p>\u00a0<\/p>\n<p>\u00a0<\/p>\n<\/div>\n<p><script>(function(d,s,id){var js,fjs=d.getElementsByTagName(s)[0];if(d.getElementById(id))return;js=d.createElement(s);js.id=id;js.src=\"http:\/\/connect.facebook.net\/pt_BR\/all.js#xfbml=1\";fjs.parentNode.insertBefore(js,fjs);}(document,'script','facebook-jssdk'));<\/script><br \/>\n<br \/><br \/>\n<br \/><a href=\"http:\/\/www.lance.com.br\/motor\/alonso-diz-que-poderia-retornar-para-tres-anos.html\">Link do Artigo <\/a><\/p>\n","protected":false},"excerpt":{"rendered":"<p>Depois de vencer em Sebring, Fernando Alonso deixou claro que n\u00e3o vai se concentrar na F\u00f3rmula 1 neste ano, mas n\u00e3o descartar\u00e1 nada at\u00e9 2020. O espanhol venceu os 1000 quil\u00f4metros de Sebring na semana passada, com os companheiros de equipe, Sebastien Buemi e Kazuki Nakajima, e anunciou logo ap\u00f3s a corrida que os f\u00f3rmulas, [&hellip;]<\/p>\n","protected":false},"author":1,"featured_media":11940,"comment_status":"open","ping_status":"open","sticky":false,"template":"","format":"standard","meta":{"footnotes":""},"categories":[372],"tags":[],"class_list":["post-11939","post","type-post","status-publish","format-standard","has-post-thumbnail","hentry","category-futebol"],"_links":{"self":[{"href":"https:\/\/wiy.com.br\/noticias\/wp-json\/wp\/v2\/posts\/11939","targetHints":{"allow":["GET"]}}],"collection":[{"href":"https:\/\/wiy.com.br\/noticias\/wp-json\/wp\/v2\/posts"}],"about":[{"href":"https:\/\/wiy.com.br\/noticias\/wp-json\/wp\/v2\/types\/post"}],"author":[{"embeddable":true,"href":"https:\/\/wiy.com.br\/noticias\/wp-json\/wp\/v2\/users\/1"}],"replies":[{"embeddable":true,"href":"https:\/\/wiy.com.br\/noticias\/wp-json\/wp\/v2\/comments?post=11939"}],"version-history":[{"count":0,"href":"https:\/\/wiy.com.br\/noticias\/wp-json\/wp\/v2\/posts\/11939\/revisions"}],"wp:featuredmedia":[{"embeddable":true,"href":"https:\/\/wiy.com.br\/noticias\/wp-json\/wp\/v2\/media\/11940"}],"wp:attachment":[{"href":"https:\/\/wiy.com.br\/noticias\/wp-json\/wp\/v2\/media?parent=11939"}],"wp:term":[{"taxonomy":"category","embeddable":true,"href":"https:\/\/wiy.com.br\/noticias\/wp-json\/wp\/v2\/categories?post=11939"},{"taxonomy":"post_tag","embeddable":true,"href":"https:\/\/wiy.com.br\/noticias\/wp-json\/wp\/v2\/tags?post=11939"}],"curies":[{"name":"wp","href":"https:\/\/api.w.org\/{rel}","templated":true}]}}