{"id":11767,"date":"2023-02-26T15:13:31","date_gmt":"2023-02-26T18:13:31","guid":{"rendered":"https:\/\/wiy.com.br\/noticias\/fla-com-simbolo-do-remo-relembre-outras-camisas-que-usaram-escudos-especiais-segunda-pele\/"},"modified":"2019-03-20T21:29:04","modified_gmt":"2019-03-21T00:29:04","slug":"fla-com-simbolo-do-remo-relembre-outras-camisas-que-usaram-escudos-especiais-segunda-pele","status":"publish","type":"post","link":"https:\/\/wiy.com.br\/noticias\/fla-com-simbolo-do-remo-relembre-outras-camisas-que-usaram-escudos-especiais-segunda-pele\/","title":{"rendered":"Fla com s\u00edmbolo do remo: Relembre outras camisas que usaram escudos especiais | Segunda Pele"},"content":{"rendered":"<p> <br \/>\n<\/p>\n<div>\n<p>Na \u00faltima quarta-feira, a nova camisa 2 do Flamengo, que apresenta o s\u00edmbolo do remo do clube, foi revelada nas redes sociais. O escudo do remo do Flamengo tem data de 1895, sendo mais antigo que o futebol do Rubro-Negro, iniciado em 1912. De tempos em tempos, diversos clubes do Brasil aparecem com escudos especiais ou antigos em suas camisas de jogo. Com mote neste tema, o Blog Segunda Pele recorda outras camisas de times brasileiros que \u201cvoltaram no tempo\u201d em seus s\u00edmbolos. Confira abaixo.<\/p>\n<div id=\"attachment_15390\" style=\"width: 875px\" class=\"wp-caption aligncenter\"><a href=\"http:\/\/blogs.lance.com.br\/segunda-pele\/wp-content\/uploads\/2019\/03\/Camisa-reserva-do-Flamengo-2019-2020-Adidas-1.jpg\"><img title = \"[Tags]\"loading=\"lazy\" decoding=\"async\" class=\"size-full wp-image-15390\" src=\"http:\/\/blogs.lance.com.br\/segunda-pele\/wp-content\/uploads\/2019\/03\/Camisa-reserva-do-Flamengo-2019-2020-Adidas-1.jpg\"alt = \"Camisa-reserva-do-Flamengo-2019-2020-Adidas-1 Fla com s\u00edmbolo do remo: Relembre outras camisas que usaram escudos especiais | Segunda Pele\" width=\"865\" height=\"810\"  \/><\/a><\/p>\n<p class=\"wp-caption-text\">Nova camisa 2 do Flamengo, que ser\u00e1 lan\u00e7ada oficialmente nos pr\u00f3ximos dias (Imagem: Reprodu\u00e7\u00e3o\/Twitter\/@brunomarculino_)<\/p>\n<\/div>\n<p><strong>USO DO S\u00cdMBOLO N\u00c3O \u00c9 IN\u00c9DITO<\/strong><\/p>\n<p>Em 1995, ano do centen\u00e1rio do Flamengo, o clube lan\u00e7ou duas camisas com o s\u00edmbolo do remo. A primeira camisa tinha o desenho conhecido como\u00a0\u201cPapagaio de Vint\u00e9m\u201d, igual ao usado no primeiro jogo do futebol do Fla.<\/p>\n<div id=\"attachment_15409\" style=\"width: 535px\" class=\"wp-caption aligncenter\"><a href=\"http:\/\/blogs.lance.com.br\/segunda-pele\/wp-content\/uploads\/2019\/03\/fla-1995.jpg\"><img title = \"[Tags]\"loading=\"lazy\" decoding=\"async\" class=\"size-full wp-image-15409\" src=\"http:\/\/blogs.lance.com.br\/segunda-pele\/wp-content\/uploads\/2019\/03\/fla-1995.jpg\"alt = \"Camisa-reserva-do-Flamengo-2019-2020-Adidas-1 Fla com s\u00edmbolo do remo: Relembre outras camisas que usaram escudos especiais | Segunda Pele\" width=\"525\" height=\"700\"  \/><\/a><\/p>\n<p class=\"wp-caption-text\">(Imagem: Reprodu\u00e7\u00e3o de internet)<\/p>\n<\/div>\n<p>No mesmo ano, o Flamengo tamb\u00e9m lan\u00e7ou uma camisa com suas cores originais, dos prim\u00f3rdios no remo: azul e ouro, com detalhes em preto e vermelho na bandeira. Somente em 1898 que o Flamengo passou a ser apenas vermelho e preto.<\/p>\n<div id=\"attachment_15410\" style=\"width: 810px\" class=\"wp-caption aligncenter\"><a href=\"http:\/\/blogs.lance.com.br\/segunda-pele\/wp-content\/uploads\/2019\/03\/fla-1995-2.jpg\"><img title = \"[Tags]\"loading=\"lazy\" decoding=\"async\" class=\"size-full wp-image-15410\" src=\"http:\/\/blogs.lance.com.br\/segunda-pele\/wp-content\/uploads\/2019\/03\/fla-1995-2.jpg\"alt = \"Camisa-reserva-do-Flamengo-2019-2020-Adidas-1 Fla com s\u00edmbolo do remo: Relembre outras camisas que usaram escudos especiais | Segunda Pele\" width=\"800\" height=\"542\"  \/><\/a><\/p>\n<p class=\"wp-caption-text\">(Imagem: Reprodu\u00e7\u00e3o de internet)<\/p>\n<\/div>\n<p>Em 2010, o Fla lan\u00e7ou outra camisa em azul e ouro, com o s\u00edmbolo do remo. A pe\u00e7a foi alvo de cr\u00edticas e ganhou de alguns torcedores o apelido de \u201cCamisa do Tabajara\u201d, em refer\u00eancia ao uniforme do time fict\u00edcio do programa \u201cCasseta &amp; Planeta, Urgente!\u201d.<\/p>\n<div id=\"attachment_15412\" style=\"width: 660px\" class=\"wp-caption aligncenter\"><a href=\"http:\/\/blogs.lance.com.br\/segunda-pele\/wp-content\/uploads\/2019\/03\/flamengo2010.jpg\"><img title = \"[Tags]\"loading=\"lazy\" decoding=\"async\" class=\"wp-image-15412 size-full\" src=\"http:\/\/blogs.lance.com.br\/segunda-pele\/wp-content\/uploads\/2019\/03\/flamengo2010.jpg\"alt = \"Camisa-reserva-do-Flamengo-2019-2020-Adidas-1 Fla com s\u00edmbolo do remo: Relembre outras camisas que usaram escudos especiais | Segunda Pele\" width=\"650\" height=\"433\"  \/><\/a><\/p>\n<p class=\"wp-caption-text\">(Imagem: Reprodu\u00e7\u00e3o de internet)<\/p>\n<\/div>\n<p><strong>PALMEIRAS<\/strong><\/p>\n<p>As camisas 1, 2 e 3 lan\u00e7adas na cole\u00e7\u00e3o 2017\/2018 tinham s\u00edmbolo de 1942, quando o clube precisou trocar o nome de Palestra It\u00e1lia para Palmeiras. Foi o primeiro s\u00edmbolo do Alviverde com o nome Palmeiras.<\/p>\n<div id=\"attachment_15414\" style=\"width: 710px\" class=\"wp-caption aligncenter\"><a href=\"http:\/\/blogs.lance.com.br\/segunda-pele\/wp-content\/uploads\/2019\/03\/camisa-do-palmeiras-i-2017-adidas-masculina-img.jpg\"><img title = \"[Tags]\"loading=\"lazy\" decoding=\"async\" class=\"size-full wp-image-15414\" src=\"http:\/\/blogs.lance.com.br\/segunda-pele\/wp-content\/uploads\/2019\/03\/camisa-do-palmeiras-i-2017-adidas-masculina-img.jpg\"alt = \"Camisa-reserva-do-Flamengo-2019-2020-Adidas-1 Fla com s\u00edmbolo do remo: Relembre outras camisas que usaram escudos especiais | Segunda Pele\" width=\"700\" height=\"700\"  \/><\/a><\/p>\n<p class=\"wp-caption-text\">Camisa 1 da cole\u00e7\u00e3o 2017\/2018 (Imagem: Reprodu\u00e7\u00e3o de internet)<\/p>\n<\/div>\n<div id=\"attachment_15415\" style=\"width: 554px\" class=\"wp-caption aligncenter\"><a href=\"http:\/\/blogs.lance.com.br\/segunda-pele\/wp-content\/uploads\/2019\/03\/COL-0131-014_zoom1.jpg\"><img title = \"[Tags]\"loading=\"lazy\" decoding=\"async\" class=\"size-full wp-image-15415\" src=\"http:\/\/blogs.lance.com.br\/segunda-pele\/wp-content\/uploads\/2019\/03\/COL-0131-014_zoom1.jpg\"alt = \"Camisa-reserva-do-Flamengo-2019-2020-Adidas-1 Fla com s\u00edmbolo do remo: Relembre outras camisas que usaram escudos especiais | Segunda Pele\" width=\"544\" height=\"544\"  \/><\/a><\/p>\n<p class=\"wp-caption-text\">Camisa 2 da cole\u00e7\u00e3o 2017\/2018 (Imagem: Reprodu\u00e7\u00e3o de internet)<\/p>\n<\/div>\n<div id=\"attachment_15416\" style=\"width: 554px\" class=\"wp-caption aligncenter\"><a href=\"http:\/\/blogs.lance.com.br\/segunda-pele\/wp-content\/uploads\/2019\/03\/3-6.jpg\"><img title = \"[Tags]\"loading=\"lazy\" decoding=\"async\" class=\"size-full wp-image-15416\" src=\"http:\/\/blogs.lance.com.br\/segunda-pele\/wp-content\/uploads\/2019\/03\/3-6.jpg\"alt = \"Camisa-reserva-do-Flamengo-2019-2020-Adidas-1 Fla com s\u00edmbolo do remo: Relembre outras camisas que usaram escudos especiais | Segunda Pele\" width=\"544\" height=\"544\"  \/><\/a><\/p>\n<p class=\"wp-caption-text\">Camisa 3 da cole\u00e7\u00e3o 2017\/2018 (Imagem: Reprodu\u00e7\u00e3o de internet)<\/p>\n<\/div>\n<p><strong>CRUZEIRO<\/strong><\/p>\n<p>O Cruzeiro tamb\u00e9m j\u00e1 se chamou Palestra It\u00e1lia e o monograma dos anos 20 e 30, quando a Raposa ainda tinha seu primeiro nome, foi usado na camisa 3 de 2011, em verde. A camisa de goleiro da cole\u00e7\u00e3o, na cor branca, tamb\u00e9m recebeu o mesmo s\u00edmbolo.<\/p>\n<p>O monograma faz parte do segundo s\u00edmbolo da hist\u00f3ria do clube.<\/p>\n<div id=\"attachment_15418\" style=\"width: 791px\" class=\"wp-caption aligncenter\"><a href=\"http:\/\/blogs.lance.com.br\/segunda-pele\/wp-content\/uploads\/2019\/03\/cruzeiro_3uniforme2011.jpg\"><img title = \"[Tags]\"loading=\"lazy\" decoding=\"async\" class=\"size-full wp-image-15418\" src=\"http:\/\/blogs.lance.com.br\/segunda-pele\/wp-content\/uploads\/2019\/03\/cruzeiro_3uniforme2011.jpg\"alt = \"Camisa-reserva-do-Flamengo-2019-2020-Adidas-1 Fla com s\u00edmbolo do remo: Relembre outras camisas que usaram escudos especiais | Segunda Pele\" width=\"781\" height=\"454\"  \/><\/a><\/p>\n<p class=\"wp-caption-text\">(Imagem: Reprodu\u00e7\u00e3o de internet)<\/p>\n<\/div>\n<p>Dois anos antes, em 2009, a Raposa lan\u00e7ou camisa 3 com o primeiro s\u00edmbolo do clube no lado direito e o s\u00edmbolo atual no lado esquerdo.<\/p>\n<div id=\"attachment_15419\" style=\"width: 460px\" class=\"wp-caption aligncenter\"><a href=\"http:\/\/blogs.lance.com.br\/segunda-pele\/wp-content\/uploads\/2019\/03\/camisa-3-cruzeiro-0910.jpg\"><img title = \"[Tags]\"loading=\"lazy\" decoding=\"async\" class=\"size-full wp-image-15419\" src=\"http:\/\/blogs.lance.com.br\/segunda-pele\/wp-content\/uploads\/2019\/03\/camisa-3-cruzeiro-0910.jpg\"alt = \"Camisa-reserva-do-Flamengo-2019-2020-Adidas-1 Fla com s\u00edmbolo do remo: Relembre outras camisas que usaram escudos especiais | Segunda Pele\" width=\"450\" height=\"613\"  \/><\/a><\/p>\n<p class=\"wp-caption-text\">(Imagem: Reprodu\u00e7\u00e3o de internet)<\/p>\n<\/div>\n<p><strong>CORINTHIANS<\/strong><\/p>\n<p>A camisa comemorativa do centen\u00e1rio do Corinthians, em 2010, resgatou o primeiro s\u00edmbolo do clube e a cor bege, usada nos primeiros uniformes do Tim\u00e3o.<\/p>\n<div id=\"attachment_15421\" style=\"width: 910px\" class=\"wp-caption aligncenter\"><a href=\"http:\/\/blogs.lance.com.br\/segunda-pele\/wp-content\/uploads\/2019\/03\/camisa-nike-corinthians-centenario-no-9-img.jpg\"><img title = \"[Tags]\"loading=\"lazy\" decoding=\"async\" class=\"size-full wp-image-15421\" src=\"http:\/\/blogs.lance.com.br\/segunda-pele\/wp-content\/uploads\/2019\/03\/camisa-nike-corinthians-centenario-no-9-img.jpg\"alt = \"Camisa-reserva-do-Flamengo-2019-2020-Adidas-1 Fla com s\u00edmbolo do remo: Relembre outras camisas que usaram escudos especiais | Segunda Pele\" width=\"900\" height=\"900\"  \/><\/a><\/p>\n<p class=\"wp-caption-text\">(Imagem: Reprodu\u00e7\u00e3o de internet)<\/p>\n<\/div>\n<p><strong>ATL\u00c9TICO-MG<\/strong><\/p>\n<p>O Galo fez 100 anos em 2008 e os uniformes 1, 2 e 3 daquele ano resgataram o primeiro s\u00edmbolo do clube. A camisa 3 ganhou listras douradas.<\/p>\n<div id=\"attachment_15422\" style=\"width: 685px\" class=\"wp-caption aligncenter\"><a href=\"http:\/\/blogs.lance.com.br\/segunda-pele\/wp-content\/uploads\/2019\/03\/camisa-atletico-mg-centenario.jpg\"><img title = \"[Tags]\"loading=\"lazy\" decoding=\"async\" class=\"size-full wp-image-15422\" src=\"http:\/\/blogs.lance.com.br\/segunda-pele\/wp-content\/uploads\/2019\/03\/camisa-atletico-mg-centenario.jpg\"alt = \"Camisa-reserva-do-Flamengo-2019-2020-Adidas-1 Fla com s\u00edmbolo do remo: Relembre outras camisas que usaram escudos especiais | Segunda Pele\" width=\"675\" height=\"900\"  \/><\/a><\/p>\n<p class=\"wp-caption-text\">(Imagem: Reprodu\u00e7\u00e3o de internet)<\/p>\n<\/div>\n<div id=\"attachment_15428\" style=\"width: 1034px\" class=\"wp-caption aligncenter\"><a href=\"http:\/\/blogs.lance.com.br\/segunda-pele\/wp-content\/uploads\/2019\/03\/atletico-mineiro-special-football-shirt-2008-s_9356_1.jpg\"><img title = \"[Tags]\"loading=\"lazy\" decoding=\"async\" class=\"size-full wp-image-15428\" src=\"http:\/\/blogs.lance.com.br\/segunda-pele\/wp-content\/uploads\/2019\/03\/atletico-mineiro-special-football-shirt-2008-s_9356_1.jpg\"alt = \"Camisa-reserva-do-Flamengo-2019-2020-Adidas-1 Fla com s\u00edmbolo do remo: Relembre outras camisas que usaram escudos especiais | Segunda Pele\" width=\"1024\" height=\"802\"  \/><\/a><\/p>\n<p class=\"wp-caption-text\">(Imagem: Reprodu\u00e7\u00e3o de internet)<\/p>\n<\/div>\n<div id=\"attachment_15423\" style=\"width: 450px\" class=\"wp-caption aligncenter\"><a href=\"http:\/\/blogs.lance.com.br\/segunda-pele\/wp-content\/uploads\/2019\/03\/camisa3-2008.jpg\"><img title = \"[Tags]\"loading=\"lazy\" decoding=\"async\" class=\"size-full wp-image-15423\" src=\"http:\/\/blogs.lance.com.br\/segunda-pele\/wp-content\/uploads\/2019\/03\/camisa3-2008.jpg\"alt = \"Camisa-reserva-do-Flamengo-2019-2020-Adidas-1 Fla com s\u00edmbolo do remo: Relembre outras camisas que usaram escudos especiais | Segunda Pele\" width=\"440\" height=\"504\"  \/><\/a><\/p>\n<p class=\"wp-caption-text\">(Imagem: Reprodu\u00e7\u00e3o de internet)<\/p>\n<\/div>\n<p>No entanto, o mesmo escudo j\u00e1 tinha reaparecido em 1996. Na \u00e9poca, o clube usou o s\u00edmbolo em camisa especial com os anos de suas conquistas do Campeonato Mineiro escritos em linhas horizontais. A pe\u00e7a \u00e9 inspirada em uniforme azul e branco criado em 1994 pelo Manchester United. Ambos os clubes eram vestidos pela Umbro. No caso do United, por\u00e9m, o que estava escrito eram os nomes de jogadores campe\u00f5es pelo clube.<\/p>\n<div id=\"attachment_15424\" style=\"width: 660px\" class=\"wp-caption aligncenter\"><a href=\"http:\/\/blogs.lance.com.br\/segunda-pele\/wp-content\/uploads\/2019\/03\/1996-alttico.jpg\"><img title = \"[Tags]\"loading=\"lazy\" decoding=\"async\" class=\"size-full wp-image-15424\" src=\"http:\/\/blogs.lance.com.br\/segunda-pele\/wp-content\/uploads\/2019\/03\/1996-alttico.jpg\"alt = \"Camisa-reserva-do-Flamengo-2019-2020-Adidas-1 Fla com s\u00edmbolo do remo: Relembre outras camisas que usaram escudos especiais | Segunda Pele\" width=\"650\" height=\"433\"  \/><\/a><\/p>\n<p class=\"wp-caption-text\">(Imagem: Reprodu\u00e7\u00e3o de internet)<\/p>\n<\/div>\n<p><strong>BOTAFOGO<\/strong><\/p>\n<p>No ano do centen\u00e1rio do futebol do clube, em 1904, o Alvinegro lan\u00e7ou camisa com o s\u00edmbolo do\u00a0Botafogo Football Club, que em 1942 fez fus\u00e3o com o\u00a0Club de Regatas Botafogo, dando origem ao\u00a0Botafogo de Futebol e Regatas. A camisa foi usada em amistoso contra o Gr\u00eamio, que tinha completado 100 anos em 2003.<\/p>\n<div id=\"attachment_15430\" style=\"width: 685px\" class=\"wp-caption aligncenter\"><a href=\"http:\/\/blogs.lance.com.br\/segunda-pele\/wp-content\/uploads\/2019\/03\/camisa-botafogo-centenario-kappa.jpg\"><img title = \"[Tags]\"loading=\"lazy\" decoding=\"async\" class=\"size-full wp-image-15430\" src=\"http:\/\/blogs.lance.com.br\/segunda-pele\/wp-content\/uploads\/2019\/03\/camisa-botafogo-centenario-kappa.jpg\"alt = \"Camisa-reserva-do-Flamengo-2019-2020-Adidas-1 Fla com s\u00edmbolo do remo: Relembre outras camisas que usaram escudos especiais | Segunda Pele\" width=\"675\" height=\"900\"  \/><\/a><\/p>\n<p class=\"wp-caption-text\">(Imagem: Reprodu\u00e7\u00e3o de internet)<\/p>\n<\/div>\n<p><strong>GR\u00caMIO<\/strong><\/p>\n<p>O Gr\u00eamio, no amistoso citado acima, tamb\u00e9m jogou com uma camisa retr\u00f4, recordando o primeiro uniforme e o primeiro s\u00edmbolo do clube. Gr\u00eamio e Botafogo tinham a mesma fornecedora de material esportivo, a Kappa.<\/p>\n<div id=\"attachment_15431\" style=\"width: 640px\" class=\"wp-caption aligncenter\"><a href=\"http:\/\/blogs.lance.com.br\/segunda-pele\/wp-content\/uploads\/2019\/03\/Kappa-100-anos-1903-A.jpg\"><img title = \"[Tags]\"loading=\"lazy\" decoding=\"async\" class=\"size-full wp-image-15431\" src=\"http:\/\/blogs.lance.com.br\/segunda-pele\/wp-content\/uploads\/2019\/03\/Kappa-100-anos-1903-A.jpg\"alt = \"Camisa-reserva-do-Flamengo-2019-2020-Adidas-1 Fla com s\u00edmbolo do remo: Relembre outras camisas que usaram escudos especiais | Segunda Pele\" width=\"630\" height=\"630\"  \/><\/a><\/p>\n<p class=\"wp-caption-text\">(Imagem: Reprodu\u00e7\u00e3o de internet)<\/p>\n<\/div>\n<p><strong>FLUMINENSE<\/strong><\/p>\n<p>Em seu anivers\u00e1rio de 110 anos de funda\u00e7\u00e3o, o Fluminense lan\u00e7ou uma camisa especial nas cores cinza e branca. A pe\u00e7a, inspirada nos uniformes do clube em 1903 e 1904, tinha a utiliza\u00e7\u00e3o do primeiro escudo do clube.<\/p>\n<div id=\"attachment_15432\" style=\"width: 852px\" class=\"wp-caption aligncenter\"><a href=\"http:\/\/blogs.lance.com.br\/segunda-pele\/wp-content\/uploads\/2019\/03\/camisa-adidas-fluminense-2012.jpg\"><img title = \"[Tags]\"loading=\"lazy\" decoding=\"async\" class=\"size-full wp-image-15432\" src=\"http:\/\/blogs.lance.com.br\/segunda-pele\/wp-content\/uploads\/2019\/03\/camisa-adidas-fluminense-2012.jpg\"alt = \"Camisa-reserva-do-Flamengo-2019-2020-Adidas-1 Fla com s\u00edmbolo do remo: Relembre outras camisas que usaram escudos especiais | Segunda Pele\" width=\"842\" height=\"702\"  \/><\/a><\/p>\n<p class=\"wp-caption-text\">(Imagem: Reprodu\u00e7\u00e3o de internet)<\/p>\n<\/div>\n<p><strong>VASCO<\/strong><\/p>\n<p>Em 2010, o Vasco lan\u00e7ou uma camisa um s\u00edmbolo cl\u00e1ssico, a Cruz de Cristo. O primeiro escudo do Vasco, criado em 1903, tinha uma Cruz de Cristo na caravela, \u00e0 semelhan\u00e7a do que acontecia nas caravelas da \u00e9poca dos descobrimentos. Alguns anos depois, a Cruz de Cristo foi substitu\u00edda pela Cruz de Malta.<\/p>\n<p>Em 2012, o s\u00edmbolo com a\u00a0Cruz de Cristo voltou a aparecer, desta vez em uma camisa azul.<\/p>\n<div id=\"attachment_15434\" style=\"width: 650px\" class=\"wp-caption aligncenter\"><a href=\"http:\/\/blogs.lance.com.br\/segunda-pele\/wp-content\/uploads\/2019\/03\/outlet-198-camisa-vasco-cavalera-templaria-of-penalty-2010-D_NQ_NP_974521-MLB20799505164_072016-F.jpg\"><img title = \"[Tags]\"loading=\"lazy\" decoding=\"async\" class=\"size-full wp-image-15434\" src=\"http:\/\/blogs.lance.com.br\/segunda-pele\/wp-content\/uploads\/2019\/03\/outlet-198-camisa-vasco-cavalera-templaria-of-penalty-2010-D_NQ_NP_974521-MLB20799505164_072016-F.jpg\"alt = \"Camisa-reserva-do-Flamengo-2019-2020-Adidas-1 Fla com s\u00edmbolo do remo: Relembre outras camisas que usaram escudos especiais | Segunda Pele\" width=\"640\" height=\"480\"  \/><\/a><\/p>\n<p class=\"wp-caption-text\">(Imagem: Reprodu\u00e7\u00e3o de internet)<\/p>\n<\/div>\n<div id=\"attachment_15433\" style=\"width: 660px\" class=\"wp-caption aligncenter\"><a href=\"http:\/\/blogs.lance.com.br\/segunda-pele\/wp-content\/uploads\/2019\/03\/camisa-vasco-penalty-3-2012-juvenil-azul-branco-853090.jpg\"><img title = \"[Tags]\"loading=\"lazy\" decoding=\"async\" class=\"wp-image-15433 size-full\" src=\"http:\/\/blogs.lance.com.br\/segunda-pele\/wp-content\/uploads\/2019\/03\/camisa-vasco-penalty-3-2012-juvenil-azul-branco-853090.jpg\"alt = \"Camisa-reserva-do-Flamengo-2019-2020-Adidas-1 Fla com s\u00edmbolo do remo: Relembre outras camisas que usaram escudos especiais | Segunda Pele\" width=\"650\" height=\"433\"  \/><\/a><\/p>\n<p class=\"wp-caption-text\">(Imagem: Reprodu\u00e7\u00e3o de internet)<\/p>\n<\/div>\n<p><strong>AVA\u00cd<\/strong><\/p>\n<p>A camisa 3 do Ava\u00ed resgatou o primeiro escudo do clube, fundado em 1923. O clube surgiu com o nome de\u00a0Avahy Foot-ball Club.<\/p>\n<div id=\"attachment_15435\" style=\"width: 632px\" class=\"wp-caption aligncenter\"><a href=\"http:\/\/blogs.lance.com.br\/segunda-pele\/wp-content\/uploads\/2019\/03\/camisa-3-2017.jpg\"><img title = \"[Tags]\"loading=\"lazy\" decoding=\"async\" class=\"size-full wp-image-15435\" src=\"http:\/\/blogs.lance.com.br\/segunda-pele\/wp-content\/uploads\/2019\/03\/camisa-3-2017.jpg\"alt = \"Camisa-reserva-do-Flamengo-2019-2020-Adidas-1 Fla com s\u00edmbolo do remo: Relembre outras camisas que usaram escudos especiais | Segunda Pele\" width=\"622\" height=\"350\"  \/><\/a><\/p>\n<p class=\"wp-caption-text\">(Imagem: Reprodu\u00e7\u00e3o de internet)<\/p>\n<\/div>\n<p><strong>SPORT<\/strong><\/p>\n<p>Para celebrar seus 110 anos, o Sport resgatou seu primeiro s\u00edmbolo em camisa especial, que era inspirada nos uniformes do clube nas d\u00e9cadas de 20 e 30.<\/p>\n<div id=\"attachment_15436\" style=\"width: 490px\" class=\"wp-caption aligncenter\"><a href=\"http:\/\/blogs.lance.com.br\/segunda-pele\/wp-content\/uploads\/2019\/03\/sport.jpg\"><img title = \"[Tags]\"loading=\"lazy\" decoding=\"async\" class=\"wp-image-15436 size-full\" src=\"http:\/\/blogs.lance.com.br\/segunda-pele\/wp-content\/uploads\/2019\/03\/sport.jpg\"alt = \"Camisa-reserva-do-Flamengo-2019-2020-Adidas-1 Fla com s\u00edmbolo do remo: Relembre outras camisas que usaram escudos especiais | Segunda Pele\" width=\"480\" height=\"591\"  \/><\/a><\/p>\n<p class=\"wp-caption-text\">(Imagem: Reprodu\u00e7\u00e3o de internet)<\/p>\n<\/div>\n<p><strong>CEAR\u00c1 E FORTALEZA<\/strong><\/p>\n<p>Cear\u00e1 e Fortaleza se enfrentaram com camisas especiais no dia 10 deste m\u00eas. As pe\u00e7as foram lan\u00e7adas por conta de o jogo, v\u00e1lido pelo Campeonato Cearense, ter sido o primeiro do ano de centen\u00e1rio do \u201cCl\u00e1ssico-Rei\u201d. A camisa do Cear\u00e1 celebra, al\u00e9m do centen\u00e1rio do cl\u00e1ssico, os 100 anos do pentacampeonato estadual do clube, conquistado de 1915 a 1919. A pe\u00e7a conta com escudo da \u00e9poca.<\/p>\n<div id=\"attachment_15437\" style=\"width: 650px\" class=\"wp-caption aligncenter\"><a href=\"http:\/\/blogs.lance.com.br\/segunda-pele\/wp-content\/uploads\/2019\/03\/Camisa-retr\u00f4-do-Cear\u00e1-SC-2019-Topper-1.jpg\"><img title = \"[Tags]\"loading=\"lazy\" decoding=\"async\" class=\"wp-image-15437 size-full\" src=\"http:\/\/blogs.lance.com.br\/segunda-pele\/wp-content\/uploads\/2019\/03\/Camisa-retr\u00f4-do-Cear\u00e1-SC-2019-Topper-1.jpg\"alt = \"Camisa-reserva-do-Flamengo-2019-2020-Adidas-1 Fla com s\u00edmbolo do remo: Relembre outras camisas que usaram escudos especiais | Segunda Pele\" width=\"640\" height=\"640\"  \/><\/a><\/p>\n<p class=\"wp-caption-text\">(Imagem: Reprodu\u00e7\u00e3o de internet)<\/p>\n<\/div>\n<p>J\u00e1 camisa do Fortaleza \u00e9 uma releitura de modelo usados nos anos 20, tamb\u00e9m com o s\u00edmbolo da \u00e9poca.<\/p>\n<div id=\"attachment_15440\" style=\"width: 810px\" class=\"wp-caption aligncenter\"><a href=\"http:\/\/blogs.lance.com.br\/segunda-pele\/wp-content\/uploads\/2019\/03\/WhatsApp-Image-2019-03-14-at-10.27.31-1.jpeg\"><img title = \"[Tags]\"loading=\"lazy\" decoding=\"async\" class=\"size-full wp-image-15440\" src=\"http:\/\/blogs.lance.com.br\/segunda-pele\/wp-content\/uploads\/2019\/03\/WhatsApp-Image-2019-03-14-at-10.27.31-1.jpeg\"alt = \"Camisa-reserva-do-Flamengo-2019-2020-Adidas-1 Fla com s\u00edmbolo do remo: Relembre outras camisas que usaram escudos especiais | Segunda Pele\" width=\"800\" height=\"389\"  \/><\/a><\/p>\n<p class=\"wp-caption-text\">(Imagem: Reprodu\u00e7\u00e3o de internet)<\/p>\n<\/div>\n<p><!-- Facebook Comments Plugin for WordPress: http:\/\/peadig.com\/wordpress-plugins\/facebook-comments\/ -->\t\t<\/div>\n<p><script>(function(d, s, id) {\n  var js, fjs = d.getElementsByTagName(s)[0];\n  if (d.getElementById(id)) return;\n  js = d.createElement(s); js.id = id;\n  js.src = \"http:\/\/connect.facebook.net\/pt_BR\/sdk.js#xfbml=1&appId=1124817024230602&version=v2.3\";\n  fjs.parentNode.insertBefore(js, fjs);\n}(document, 'script', 'facebook-jssdk'));<\/script><br \/>\n<br \/><br \/>\n<br \/><a href=\"http:\/\/www.lance.com.br\/futebol-nacional\/fla-com-simbolo-remo-relembre-outras-camisas-que-usaram-escudos-especiais.html\">Link do Artigo <\/a><\/p>\n","protected":false},"excerpt":{"rendered":"<p>Na \u00faltima quarta-feira, a nova camisa 2 do Flamengo, que apresenta o s\u00edmbolo do remo do clube, foi revelada nas redes sociais. O escudo do remo do Flamengo tem data de 1895, sendo mais antigo que o futebol do Rubro-Negro, iniciado em 1912. De tempos em tempos, diversos clubes do Brasil aparecem com escudos especiais [&hellip;]<\/p>\n","protected":false},"author":1,"featured_media":11768,"comment_status":"open","ping_status":"open","sticky":false,"template":"","format":"standard","meta":{"footnotes":""},"categories":[372],"tags":[],"class_list":["post-11767","post","type-post","status-publish","format-standard","has-post-thumbnail","hentry","category-futebol"],"_links":{"self":[{"href":"https:\/\/wiy.com.br\/noticias\/wp-json\/wp\/v2\/posts\/11767","targetHints":{"allow":["GET"]}}],"collection":[{"href":"https:\/\/wiy.com.br\/noticias\/wp-json\/wp\/v2\/posts"}],"about":[{"href":"https:\/\/wiy.com.br\/noticias\/wp-json\/wp\/v2\/types\/post"}],"author":[{"embeddable":true,"href":"https:\/\/wiy.com.br\/noticias\/wp-json\/wp\/v2\/users\/1"}],"replies":[{"embeddable":true,"href":"https:\/\/wiy.com.br\/noticias\/wp-json\/wp\/v2\/comments?post=11767"}],"version-history":[{"count":0,"href":"https:\/\/wiy.com.br\/noticias\/wp-json\/wp\/v2\/posts\/11767\/revisions"}],"wp:featuredmedia":[{"embeddable":true,"href":"https:\/\/wiy.com.br\/noticias\/wp-json\/wp\/v2\/media\/11768"}],"wp:attachment":[{"href":"https:\/\/wiy.com.br\/noticias\/wp-json\/wp\/v2\/media?parent=11767"}],"wp:term":[{"taxonomy":"category","embeddable":true,"href":"https:\/\/wiy.com.br\/noticias\/wp-json\/wp\/v2\/categories?post=11767"},{"taxonomy":"post_tag","embeddable":true,"href":"https:\/\/wiy.com.br\/noticias\/wp-json\/wp\/v2\/tags?post=11767"}],"curies":[{"name":"wp","href":"https:\/\/api.w.org\/{rel}","templated":true}]}}