{"id":11695,"date":"2023-02-26T15:30:29","date_gmt":"2023-02-26T18:30:29","guid":{"rendered":"https:\/\/wiy.com.br\/noticias\/batalha-por-espaco-em-congonhas-secretaria-e-apps-fazem-nova-reuniao\/"},"modified":"2019-03-20T15:51:22","modified_gmt":"2019-03-20T18:51:22","slug":"batalha-por-espaco-em-congonhas-secretaria-e-apps-fazem-nova-reuniao","status":"publish","type":"post","link":"https:\/\/wiy.com.br\/noticias\/batalha-por-espaco-em-congonhas-secretaria-e-apps-fazem-nova-reuniao\/","title":{"rendered":"Batalha por espa\u00e7o em Congonhas: secretaria e apps fazem nova reuni\u00e3o"},"content":{"rendered":"<p> <br \/>\n<\/p>\n<p>Ser\u00e1 realizada na tarde desta quarta-feira (20) nova reuni\u00e3o para ajustar detalhes das mudan\u00e7as no tr\u00e2nsito do Aeroporto de Congonhas. Dessa vez, o encontro ter\u00e1 representantes da Prefeitura, por meio da Secretaria de Mobilidade e Transportes, de empresas de aplicativo de carros particulares e da Infraero. O objetivo \u00e9 discutir a situa\u00e7\u00e3o do andar inferior de desembarque do espa\u00e7o, que teve seu tr\u00e2nsito amplamente intensificado e vem causando demoras no embarque de passageiros.<\/p>\n<p>Com as mudan\u00e7as que entraram em vigor na \u00faltima sexta-feira (15), \u00e9 poss\u00edvel notar um grande contraste na execu\u00e7\u00e3o dos servi\u00e7os de t\u00e1xi e carros de aplicativo. No andar superior, espa\u00e7o que cabe aos t\u00e1xis credenciados, a menor demanda de passageiros permite um fluxo melhor dos ve\u00edculos.<\/p>\n<figure><img title = \"[Tags]\"alt = \"img_2996 Batalha por espa\u00e7o em Congonhas: secretaria e apps fazem nova reuni\u00e3o\"decoding=\"async\" src=\"https:\/\/abrilvejasp.files.wordpress.com\/2019\/03\/img_2996.jpg\" \/><figcaption>No piso superior, movimento de passageiros \u00e9 tranquilo<span class=\"copyright\">Veja SP<\/span><\/figcaption><\/figure>\n<p>No piso inferior, onde carros de aplicativo, autom\u00f3veis de passeio e t\u00e1xis n\u00e3o credenciados devem embarcar seus passageiros, a situa\u00e7\u00e3o \u00e9 ca\u00f3tica no momento. Fontes ligadas a uma das empresas de aplicativo argumentam que, enquanto o piso superior tem tr\u00eas vias de acesso, o inferior s\u00f3 tem uma. Como o fluxo destes ve\u00edculos \u00e9 muito maior, fica insustent\u00e1vel a situa\u00e7\u00e3o.<\/p>\n<p>Diversos colaboradores da Uber, munidos de placas e at\u00e9 megafones, tentam orientar o tr\u00e2nsito no local. O empres\u00e1rio Bruno Xavier afirma que sua motorista foi primeiro ao andar superior e depois precisou dar a volta. Tamb\u00e9m empres\u00e1rio, Daniel Castanheira conta que, das duas vezes que precisou pedir carro desde a mudan\u00e7a, notou desorganiza\u00e7\u00e3o e aumento no tempo de espera.<\/p>\n<p>\u201cA situa\u00e7\u00e3o de embarque no aeroporto de Congonhas est\u00e1 cr\u00edtica desde as mudan\u00e7as implementadas pela Prefeitura na \u00faltima sexta-feira. A Uber est\u00e1 buscando desde o in\u00edcio adaptar a opera\u00e7\u00e3o de modo que prejudique o m\u00ednimo poss\u00edvel os usu\u00e1rios e o tr\u00e2nsito local. Todavia, embora a Prefeitura tenha se reunido com a Uber e a Infraero e acordado mudan\u00e7as na opera\u00e7\u00e3o, as mesmas n\u00e3o foram implementadas nem cumpridas at\u00e9 o presente momento\u201d, afirmou a empresa por meio de nota.<\/p>\n<p>Edson Caram, secret\u00e1rio de Mobilidade e Transportes de S\u00e3o Paulo, disse a VEJA S\u00c3O PAULO que a din\u00e2mica dos aplicativos tem provocado as filas, e o que acontecia no andar de cima, agora passou para o de baixo. \u201cO cliente precisa procurar o carro, conferir a placa, perguntar o nome do motorista&#8230; Isso demanda tempo\u201d, argumentou. Caram refor\u00e7ou ainda a possibilidade da cria\u00e7\u00e3o de um bols\u00e3o para que os ve\u00edculos dos aplicativos aguardem o chamado dos passageiros. \u201cDepende da boa vontade dos apps se acertarem com a Infraero.\u201d<\/p>\n<p><br \/>\n<br \/><a href=\"https:\/\/vejasp.abril.com.br\/cidades\/congonhas-transito-reuniao\/\">Source link <\/a><\/p>\n","protected":false},"excerpt":{"rendered":"<p>Ser\u00e1 realizada na tarde desta quarta-feira (20) nova reuni\u00e3o para ajustar detalhes das mudan\u00e7as no tr\u00e2nsito do Aeroporto de Congonhas. Dessa vez, o encontro ter\u00e1 representantes da Prefeitura, por meio da Secretaria de Mobilidade e Transportes, de empresas de aplicativo de carros particulares e da Infraero. O objetivo \u00e9 discutir a situa\u00e7\u00e3o do andar inferior [&hellip;]<\/p>\n","protected":false},"author":1,"featured_media":11696,"comment_status":"open","ping_status":"open","sticky":false,"template":"","format":"standard","meta":{"footnotes":""},"categories":[7],"tags":[],"class_list":["post-11695","post","type-post","status-publish","format-standard","has-post-thumbnail","hentry","category-economia"],"_links":{"self":[{"href":"https:\/\/wiy.com.br\/noticias\/wp-json\/wp\/v2\/posts\/11695","targetHints":{"allow":["GET"]}}],"collection":[{"href":"https:\/\/wiy.com.br\/noticias\/wp-json\/wp\/v2\/posts"}],"about":[{"href":"https:\/\/wiy.com.br\/noticias\/wp-json\/wp\/v2\/types\/post"}],"author":[{"embeddable":true,"href":"https:\/\/wiy.com.br\/noticias\/wp-json\/wp\/v2\/users\/1"}],"replies":[{"embeddable":true,"href":"https:\/\/wiy.com.br\/noticias\/wp-json\/wp\/v2\/comments?post=11695"}],"version-history":[{"count":0,"href":"https:\/\/wiy.com.br\/noticias\/wp-json\/wp\/v2\/posts\/11695\/revisions"}],"wp:featuredmedia":[{"embeddable":true,"href":"https:\/\/wiy.com.br\/noticias\/wp-json\/wp\/v2\/media\/11696"}],"wp:attachment":[{"href":"https:\/\/wiy.com.br\/noticias\/wp-json\/wp\/v2\/media?parent=11695"}],"wp:term":[{"taxonomy":"category","embeddable":true,"href":"https:\/\/wiy.com.br\/noticias\/wp-json\/wp\/v2\/categories?post=11695"},{"taxonomy":"post_tag","embeddable":true,"href":"https:\/\/wiy.com.br\/noticias\/wp-json\/wp\/v2\/tags?post=11695"}],"curies":[{"name":"wp","href":"https:\/\/api.w.org\/{rel}","templated":true}]}}