{"id":11499,"date":"2023-02-26T15:49:22","date_gmt":"2023-02-26T18:49:22","guid":{"rendered":"https:\/\/wiy.com.br\/noticias\/procon-notifica-empiricus-por-propaganda-de-bettina-2\/"},"modified":"2019-03-19T21:29:04","modified_gmt":"2019-03-20T00:29:04","slug":"procon-notifica-empiricus-por-propaganda-de-bettina-2","status":"publish","type":"post","link":"https:\/\/wiy.com.br\/noticias\/procon-notifica-empiricus-por-propaganda-de-bettina-2\/","title":{"rendered":"Procon notifica Empiricus por propaganda de Bettina"},"content":{"rendered":"<p> <br \/>\n<\/p>\n<p>A Empiricus ter\u00e1 de comprovar ao Procon, nas pr\u00f3ximas 48h, a veracidade do que foi falado por Bettina Rudolph no an\u00fancio que viralizou na \u00faltima semana. A pe\u00e7a publicit\u00e1ria, que ganhou enorme aten\u00e7\u00e3o na internet, aponta para um crescimento de mais de 600% no patrim\u00f4nio da jovem em tr\u00eas anos. Em entrevista a VEJA S\u00c3O PAULO, a mo\u00e7a <a href=\"https:\/\/vejasp.abril.com.br\/cidades\/bettina-1-milhao-entrevista\/\">disse que nunca falou que transformou 1520 reais em 1 milh\u00e3o<\/a>.<\/p>\n<p>Apesar de ainda n\u00e3o ter sido notificada oficialmente, fontes ligadas \u00e0 empresa afirmam que a gest\u00e3o est\u00e1 tranquila em rela\u00e7\u00e3o ao pedido. Como a s\u00e9rie estrelada por Bettina \u00e9 gratuita, n\u00e3o se trata de um produto. Outro ponto que pode ser abordado pela defesa \u00e9 o de que o conte\u00fado ainda nem foi veiculado, portanto \u00e9 imposs\u00edvel que algu\u00e9m tenha sido lesado pelo mesmo. &#8220;Soubemos da exist\u00eancia da suposta notifica\u00e7\u00e3o por meio da imprensa, o que nos causou perplexidade. Os conte\u00fados veiculados n\u00e3o criam nem criaram qualquer tipo de rela\u00e7\u00e3o de consumo, tratando-se apenas de um convite gratuito para saber mais sobre o assunto&#8221; anunciou a companhia atrav\u00e9s de assessoria.<\/p>\n<p>Mas, segundo nota publicada no site do Procon, a entidade &#8220;exige, nos termos do art. 36 do CDC, que a empresa esclare\u00e7a se o v\u00eddeo amplamente veiculado se refere a uma campanha publicit\u00e1ria e, al\u00e9m disso, exige os documentos que comprovem a veracidade do que foi anunciado, com a demonstra\u00e7\u00e3o da evolu\u00e7\u00e3o financeira da atriz\/depoente, no prazo de 48 horas.&#8221;<\/p>\n<p>Felipe Miranda, um dos CEOs da Empiricus, afirmou a VEJA S\u00c3O PAUO que \u00e9 at\u00e9 poss\u00edvel que Bettina sofra um desgaste de imagem com o epis\u00f3dio, mas isso ser\u00e1 compensado pelo n\u00famero de pessoas que ela vai poder influenciar a partir de agora. E enfatiza que \u201co objetivo no final, \u00e9, obviamente, vender pacotes de assinatura da Empiricus\u201d.<\/p>\n<p>Confira na \u00edntegra nota a divulgada pelo Procon:<\/p>\n<p>A Funda\u00e7\u00e3o Procon-SP, vinculada \u00e0 Secretaria da Justi\u00e7a e Cidadania, notifica a empresa Empiricus para que preste esclarecimentos sobre publicidade veiculada amplamente na internet anunciando ganho de mais de 1 milh\u00e3o de reais.<\/p>\n<p>Na publicidade, Bettina, uma jovem de 22 anos relata que come\u00e7ou a investir aos 19 comprando a\u00e7\u00f5es na bolsa de valores e que a aplica\u00e7\u00e3o inicial de R$ 1.520,00 (hum mil quinhentos e vinte reais) em apenas tr\u00eas anos chegou a mais de 1 milh\u00e3o. Ela garante no an\u00fancio, que investindo nas mesmas a\u00e7\u00f5es n\u00e3o tem como ser diferente e que o lucro ser\u00e1 proporcionalmente o mesmo que ela obteve.<\/p>\n<p>O pedido de esclarecimentos exige, nos termos do art. 36 do CDC, que a empresa esclare\u00e7a se o v\u00eddeo amplamente veiculado se refere a uma campanha publicit\u00e1ria e, al\u00e9m disso, exige os documentos que compravam a veracidade do que foi anunciado, com a demonstra\u00e7\u00e3o da evolu\u00e7\u00e3o financeira da atriz\/depoente, no prazo de 48 horas.<\/p>\n<p><br \/>\n<br \/><a href=\"http:\/\/vejasp.abril.com.br\/cidades\/procon-notifica-empiricus-por-propaganda-de-bettina\/\">Source link <\/a><\/p>\n","protected":false},"excerpt":{"rendered":"<p>A Empiricus ter\u00e1 de comprovar ao Procon, nas pr\u00f3ximas 48h, a veracidade do que foi falado por Bettina Rudolph no an\u00fancio que viralizou na \u00faltima semana. A pe\u00e7a publicit\u00e1ria, que ganhou enorme aten\u00e7\u00e3o na internet, aponta para um crescimento de mais de 600% no patrim\u00f4nio da jovem em tr\u00eas anos. Em entrevista a VEJA S\u00c3O [&hellip;]<\/p>\n","protected":false},"author":1,"featured_media":10657,"comment_status":"open","ping_status":"open","sticky":false,"template":"","format":"standard","meta":{"footnotes":""},"categories":[7],"tags":[],"class_list":["post-11499","post","type-post","status-publish","format-standard","has-post-thumbnail","hentry","category-economia"],"_links":{"self":[{"href":"https:\/\/wiy.com.br\/noticias\/wp-json\/wp\/v2\/posts\/11499","targetHints":{"allow":["GET"]}}],"collection":[{"href":"https:\/\/wiy.com.br\/noticias\/wp-json\/wp\/v2\/posts"}],"about":[{"href":"https:\/\/wiy.com.br\/noticias\/wp-json\/wp\/v2\/types\/post"}],"author":[{"embeddable":true,"href":"https:\/\/wiy.com.br\/noticias\/wp-json\/wp\/v2\/users\/1"}],"replies":[{"embeddable":true,"href":"https:\/\/wiy.com.br\/noticias\/wp-json\/wp\/v2\/comments?post=11499"}],"version-history":[{"count":0,"href":"https:\/\/wiy.com.br\/noticias\/wp-json\/wp\/v2\/posts\/11499\/revisions"}],"wp:featuredmedia":[{"embeddable":true,"href":"https:\/\/wiy.com.br\/noticias\/wp-json\/wp\/v2\/media\/10657"}],"wp:attachment":[{"href":"https:\/\/wiy.com.br\/noticias\/wp-json\/wp\/v2\/media?parent=11499"}],"wp:term":[{"taxonomy":"category","embeddable":true,"href":"https:\/\/wiy.com.br\/noticias\/wp-json\/wp\/v2\/categories?post=11499"},{"taxonomy":"post_tag","embeddable":true,"href":"https:\/\/wiy.com.br\/noticias\/wp-json\/wp\/v2\/tags?post=11499"}],"curies":[{"name":"wp","href":"https:\/\/api.w.org\/{rel}","templated":true}]}}