{"id":11497,"date":"2023-02-26T15:10:30","date_gmt":"2023-02-26T18:10:30","guid":{"rendered":"https:\/\/wiy.com.br\/noticias\/vale-ja-soma-r-136-bilhoes-bloqueados-pela-justica\/"},"modified":"2019-03-19T21:05:21","modified_gmt":"2019-03-20T00:05:21","slug":"vale-ja-soma-r-136-bilhoes-bloqueados-pela-justica","status":"publish","type":"post","link":"https:\/\/wiy.com.br\/noticias\/vale-ja-soma-r-136-bilhoes-bloqueados-pela-justica\/","title":{"rendered":"Vale j\u00e1 soma R$ 13,6 bilh\u00f5es bloqueados pela Justi\u00e7a"},"content":{"rendered":"<p> <br \/>\n<\/p>\n<p>A Justi\u00e7a j\u00e1 bloqueou R$ 13,6 bilh\u00f5es da <strong><a href=\"https:\/\/exame.abril.com.br\/noticias-sobre\/vale\/\" target=\"_blank\" rel=\"noopener noreferrer\">Vale<\/a><\/strong> para garantir o ressarcimento dos preju\u00edzos causados com os rompimentos de barragens e as evacua\u00e7\u00f5es de moradores em \u00e1reas consideradas de risco. Na a\u00e7\u00e3o mais recente foi congelado R$ 1 bilh\u00e3o da mineradora para repara\u00e7\u00e3o de danos materiais e morais com a evacua\u00e7\u00e3o no distrito de S\u00e3o Sebasti\u00e3o das \u00c1guas Claras, em Nova Lima, na Regi\u00e3o Metropolitana de Belo Horizonte.<\/p>\n<p>O pedido partiu do Minist\u00e9rio P\u00fablico e da Defensoria P\u00fablica de Minas Gerais. Em seu despacho, na \u00faltima sexta-feira, 15, a ju\u00edza Maria Juliana Albergaria Costa tamb\u00e9m determinou que a Vale garanta a manuten\u00e7\u00e3o dos desabrigados em hot\u00e9is, pousadas e im\u00f3veis locados, arcando com estadia, alimenta\u00e7\u00e3o, medicamentos e transporte.<\/p>\n<p>A decis\u00e3o tamb\u00e9m obriga a empresa a iniciar a remo\u00e7\u00e3o dos bens de uso pessoal e dos ve\u00edculos que ficaram nos im\u00f3veis de quem teve de sair da regi\u00e3o da barragem da Mina Mar Azul. Em caso de descumprimento, est\u00e1 prevista multa di\u00e1ria de R$ 200 mil.<\/p>\n<p>Em outra senten\u00e7a contra a mineradora, do dia 1\u00b0 deste m\u00eas, a companhia teve R$ 50 milh\u00f5es retidos por conta dos preju\u00edzos causados com a evacua\u00e7\u00e3o na barragem da mina de Gongo Soco, em Bar\u00e3o de Cocais, na regi\u00e3o Central de Minas. Em fevereiro, moradores pr\u00f3ximos tamb\u00e9m tiveram de deixar \u00e0s pressas suas casas.<\/p>\n<div class=\"widget-news widget-box no-margin no-border\"><span class=\"widget-news-title content-box-title\">Veja tamb\u00e9m<\/span><\/p>\n<ul class=\"widget-news-list\">\n<li class=\"widget-news-item without-thumb with-border\">\n<div class=\"widget-news-info\"><a href=\"http:\/\/exame.abril.com.br\/brasil\">BRASIL<\/a><span class=\"widget-news-item-title\"><a href=\"https:\/\/exame.abril.com.br\/brasil\/vale-prossegue-com-evacuacoes-e-quase-mil-pessoas-estao-fora-de-casa\/\">Vale prossegue com evacua\u00e7\u00f5es e quase mil pessoas est\u00e3o fora de casa<\/a><\/span><span class=\"widget-news-item-date\">18 mar 2019 &#8211; 19h03<\/span><\/div>\n<\/li>\n<\/ul>\n<\/div>\n<p>De todos os problemas financeiros causados \u00e0 Vale pelas barragens, o maior se refere a a\u00e7\u00f5es relacionadas ao rompimento ocorrido na Mina C\u00f3rrego do Feij\u00e3o, em <strong><a href=\"https:\/\/exame.abril.com.br\/noticias-sobre\/brumadinho\" target=\"_blank\" rel=\"noopener noreferrer\">Brumadinho (MG)<\/a><\/strong>. Em tr\u00eas decis\u00f5es judiciais foram bloqueados valor da ordem de R$ 11 bilh\u00f5es para reparar preju\u00edzos registrados com a trag\u00e9dia de janeiro deste ano, que resultou em mais de 300 mortes.<\/p>\n<h3><strong>Recursos<\/strong><\/h3>\n<p>Procurada pelo jornal O Estado de S. Paulo para comentar o bloqueio de mais de R$ 13 bilh\u00f5es de suas contas, a Vale informou que &#8220;est\u00e1 adotando as medidas cab\u00edveis em rela\u00e7\u00e3o ao assunto&#8221;. Sobre a decis\u00e3o mais recente da Justi\u00e7a, que congela R$ 1 bilh\u00e3o para os prejudicados em Macacos, a companhia diz que &#8220;ainda n\u00e3o foi formalmente notificada da decis\u00e3o e adotar\u00e1 as medidas cab\u00edveis no prazo legal&#8221;.<\/p>\n<p><br \/>\n<br \/><a href=\"https:\/\/exame.abril.com.br\/negocios\/vale-ja-soma-r-136-bilhoes-bloqueados-pela-justica\/\">Fonte do Artigo<\/a><\/p>\n<p>#marketingdigital #marketing #seo #digitalmarketing #socialmedia #socialmediamarketing #business #contentmarketing #onlinemarketing #empreendedorismo #branding #entrepreneur #o #marketingtips #startup #smallbusiness #advertising #entrepreneurship #marketingonline #marketingstrategy #sucesso #success #webdesign #instagram #follow #like #sales #design #socialmediatips <\/p>\n","protected":false},"excerpt":{"rendered":"<p>A Justi\u00e7a j\u00e1 bloqueou R$ 13,6 bilh\u00f5es da Vale para garantir o ressarcimento dos preju\u00edzos causados com os rompimentos de barragens e as evacua\u00e7\u00f5es de moradores em \u00e1reas consideradas de risco. Na a\u00e7\u00e3o mais recente foi congelado R$ 1 bilh\u00e3o da mineradora para repara\u00e7\u00e3o de danos materiais e morais com a evacua\u00e7\u00e3o no distrito de [&hellip;]<\/p>\n","protected":false},"author":1,"featured_media":3622,"comment_status":"open","ping_status":"open","sticky":false,"template":"","format":"standard","meta":{"footnotes":""},"categories":[339],"tags":[],"class_list":["post-11497","post","type-post","status-publish","format-standard","has-post-thumbnail","hentry","category-negocios"],"_links":{"self":[{"href":"https:\/\/wiy.com.br\/noticias\/wp-json\/wp\/v2\/posts\/11497","targetHints":{"allow":["GET"]}}],"collection":[{"href":"https:\/\/wiy.com.br\/noticias\/wp-json\/wp\/v2\/posts"}],"about":[{"href":"https:\/\/wiy.com.br\/noticias\/wp-json\/wp\/v2\/types\/post"}],"author":[{"embeddable":true,"href":"https:\/\/wiy.com.br\/noticias\/wp-json\/wp\/v2\/users\/1"}],"replies":[{"embeddable":true,"href":"https:\/\/wiy.com.br\/noticias\/wp-json\/wp\/v2\/comments?post=11497"}],"version-history":[{"count":0,"href":"https:\/\/wiy.com.br\/noticias\/wp-json\/wp\/v2\/posts\/11497\/revisions"}],"wp:featuredmedia":[{"embeddable":true,"href":"https:\/\/wiy.com.br\/noticias\/wp-json\/wp\/v2\/media\/3622"}],"wp:attachment":[{"href":"https:\/\/wiy.com.br\/noticias\/wp-json\/wp\/v2\/media?parent=11497"}],"wp:term":[{"taxonomy":"category","embeddable":true,"href":"https:\/\/wiy.com.br\/noticias\/wp-json\/wp\/v2\/categories?post=11497"},{"taxonomy":"post_tag","embeddable":true,"href":"https:\/\/wiy.com.br\/noticias\/wp-json\/wp\/v2\/tags?post=11497"}],"curies":[{"name":"wp","href":"https:\/\/api.w.org\/{rel}","templated":true}]}}