{"id":11439,"date":"2023-02-26T14:56:58","date_gmt":"2023-02-26T17:56:58","guid":{"rendered":"https:\/\/wiy.com.br\/noticias\/em-audiencia-da-previdencia-no-senado-base-aliada-tem-atuacao-timida\/"},"modified":"2019-03-19T16:51:46","modified_gmt":"2019-03-19T19:51:46","slug":"em-audiencia-da-previdencia-no-senado-base-aliada-tem-atuacao-timida","status":"publish","type":"post","link":"https:\/\/wiy.com.br\/noticias\/em-audiencia-da-previdencia-no-senado-base-aliada-tem-atuacao-timida\/","title":{"rendered":"Em audi\u00eancia da Previd\u00eancia no Senado, base aliada tem atua\u00e7\u00e3o t\u00edmida"},"content":{"rendered":"<p> <br \/>\n<\/p>\n<p>Bras\u00edlia &#8211; No primeiro debate sobre a <strong><a href=\"https:\/\/exame.abril.com.br\/noticias-sobre\/reforma-da-previdencia\" target=\"_blank\" rel=\"noopener noreferrer\">reforma da Previd\u00eancia<\/a><\/strong> no Senado Federal, a oposi\u00e7\u00e3o teve uma atua\u00e7\u00e3o mais marcante do que os parlamentares da base aliada do <strong><a href=\"https:\/\/exame.abril.com.br\/noticias-sobre\/governo-bolsonaro\" target=\"_blank\" rel=\"noopener noreferrer\">governo Jair Bolsonaro<\/a><\/strong>. Mesmo o l\u00edder do PSL na Casa, <strong><a href=\"https:\/\/exame.abril.com.br\/noticias-sobre\/major-olimpio\" target=\"_blank\" rel=\"noopener noreferrer\">Major Ol\u00edmpio<\/a><\/strong> (SP), teceu cr\u00edticas \u00e0 proposta e deu o recado de que n\u00e3o se pode &#8220;demonizar&#8221; o servi\u00e7o p\u00fablico.<\/p>\n<p>Embora o Senado n\u00e3o seja a primeira parada da proposta, que precisa passar primeiro pela C\u00e2mara dos Deputados, a atua\u00e7\u00e3o t\u00edmida do governo chamou a aten\u00e7\u00e3o dos presentes.<\/p>\n<p>A audi\u00eancia p\u00fablica realizada pela Comiss\u00e3o de Assuntos Econ\u00f4micos (CAE) contou com a presen\u00e7a do diretor-executivo da Institui\u00e7\u00e3o Fiscal Independente (IFI) do Senado, Felipe Salto, do consultor legislativo Pedro Nery, do economista Paulo Tafner e do ex-ministro Ricardo Berzoini, que atuou em diferentes \u00e1reas nas gest\u00f5es petistas.<\/p>\n<p>O requerimento para a realiza\u00e7\u00e3o da audi\u00eancia previa o convite a um representante do governo, mas a equipe econ\u00f4mica n\u00e3o enviou representante. O l\u00edder do governo no Senado, Fernando Bezerra (MDB-PE), assistiu a uma parte dos debates, mas n\u00e3o tomou partido na discuss\u00e3o.<\/p>\n<p>O senador Paulo Paim (PT-RS) ironizou a aus\u00eancia de defesa do governo pela proposta, n\u00e3o s\u00f3 na audi\u00eancia p\u00fablica, mas de modo geral. &#8220;Estou procurando duas pessoas no Brasil que defendam a reforma como ela foi enviada. Porque nem o governo defende&#8221;, disse Paim, voltando-se \u00e0 plateia e buscando volunt\u00e1rios. &#8220;Se tiver dois economistas, do governo ou n\u00e3o, que defendam a reforma como est\u00e1&#8230; pois colocaram uma s\u00e9rie de bodes na sala&#8221;, provocou. &#8220;Do jeito que est\u00e1, proposta n\u00e3o passa de jeito nenhum&#8221;, avisou o senador petista.<\/p>\n<p>Entre os senadores, os principais alvos de cr\u00edticas foram as regras propostas para os benef\u00edcios assistenciais para idosos miser\u00e1veis (o BPC), a aposentadoria rural e o regime de capitaliza\u00e7\u00e3o (segundo o qual o trabalhador contribui para uma conta individual que bancar\u00e1 sua aposentadoria).<\/p>\n<p>Ol\u00edmpio ainda defendeu os policiais, categoria pela qual brigou durante a tramita\u00e7\u00e3o da reforma do ex-presidente Michel Temer. Ele era um dos mais engajados integrantes da comiss\u00e3o especial. &#8220;Minha posi\u00e7\u00e3o \u00e9 de mudar para que tenhamos reforma previdenci\u00e1ria justa e equilibrada. Tenho algumas preocupa\u00e7\u00f5es&#8221;, disse, citando a Comiss\u00e3o Parlamentar de Inqu\u00e9rito (CPI) da Previd\u00eancia que concluiu que n\u00e3o haveria d\u00e9ficit nas contas do INSS &#8211; posi\u00e7\u00e3o refutada pelo governo. S\u00f3 no ano passado, o rombo chegou a R$ 195,2 bilh\u00f5es, sem contar o regime dos servidores p\u00fablicos.<\/p>\n<p>&#8220;Eu vou apoiar a vota\u00e7\u00e3o da Previd\u00eancia, mas n\u00e3o vem com argumento chulo n\u00e3o, nem demonizando o servi\u00e7o p\u00fablico&#8221;, disse Major Ol\u00edmpio, que citou ainda as especificidades da carreira policial.<\/p>\n<div class=\"widget-news widget-box no-margin no-border\"><span class=\"widget-news-title content-box-title\">Veja tamb\u00e9m<\/span><\/p>\n<ul class=\"widget-news-list\">\n<li class=\"widget-news-item without-thumb with-border\">\n<div class=\"widget-news-info\"><a href=\"http:\/\/exame.abril.com.br\/economia\">ECONOMIA<\/a><span class=\"widget-news-item-title\"><a href=\"https:\/\/exame.abril.com.br\/economia\/previdencia-nao-e-solucao-de-todos-os-males-e-passo-inicial-diz-mourao\/\">Previd\u00eancia n\u00e3o \u00e9 solu\u00e7\u00e3o de todos os males, \u00e9 passo inicial, diz Mour\u00e3o<\/a><\/span><span class=\"widget-news-item-date\">19 mar 2019 &#8211; 15h03<\/span><\/div>\n<\/li>\n<li class=\"widget-news-item without-thumb with-border\">\n<div class=\"widget-news-info\"><a href=\"http:\/\/exame.abril.com.br\/economia\">ECONOMIA<\/a><span class=\"widget-news-item-title\"><a href=\"https:\/\/exame.abril.com.br\/economia\/previdencia-dos-militares-deve-gerar-economia-de-r-13-bi-diz-mourao\/\">Previd\u00eancia dos militares deve gerar economia de R$ 13 bi, diz Mour\u00e3o<\/a><\/span><span class=\"widget-news-item-date\">19 mar 2019 &#8211; 13h03<\/span><\/div>\n<\/li>\n<\/ul>\n<\/div>\n<p>O senador Rogerio Carvalho (PT-SP) criticou as mudan\u00e7as no BPC, que pretendem fixar pagamento de R$ 400 ao idoso de baixa renda a partir dos 60 anos, valor que chega a um sal\u00e1rio m\u00ednimo aos 70 anos. Hoje, a regra concede o pagamento de um sal\u00e1rio m\u00ednimo aos 65 anos. &#8220;O que estamos vendo aqui \u00e9 a proposi\u00e7\u00e3o da art\u00e9ria mesent\u00e9rica do Pa\u00eds, \u00e9 matar de fome milhares de brasileiros. N\u00e3o podemos apenas olhar n\u00fameros frios&#8221;, disse.<\/p>\n<p>A senadora Katia Abreu (MDB-TO) defendeu a necessidade da reforma, mas ponderou que ela n\u00e3o \u00e9 a \u00fanica sa\u00edda para a situa\u00e7\u00e3o fiscal do Pa\u00eds. &#8220;Saber que gastamos 14% do PIB com Previd\u00eancia e assist\u00eancia e os outros pa\u00edses gastam 7% do PIB \u00e9 algo descombinado e errado&#8221;, afirmou. &#8220;Alguns gostam de dizer que Previd\u00eancia vai ser \u00faltima bolacha do pacote, \u00faltima coca-cola do deserto, mas sozinha ela n\u00e3o vai fazer nada&#8221;, ponderou. Para ela, a reforma \u00e9 importante, mas \u00e9 preciso encontrar um caminho que n\u00e3o prejudique a popula\u00e7\u00e3o.<\/p>\n<p>O senador Eduardo Braga (MDB-AM) tamb\u00e9m destacou a necessidade de observar as desigualdades regionais durante a discuss\u00e3o, mas defendeu que n\u00e3o se pode &#8220;socializar privil\u00e9gios&#8221;. &#8220;Se tem algu\u00e9m que ganha al\u00e9m do teto, ele tem que pagar proporcionalmente&#8221;, disse, em refer\u00eancia \u00e0 proposta do governo de elevar as al\u00edquotas previdenci\u00e1rias de quem ganha mais.<\/p>\n<p>Integrante da mesa de debates, Berzoini disse ser &#8220;razo\u00e1vel&#8221; ter a regra 85\/95 como exig\u00eancia de acesso \u00e0 aposentadoria (a f\u00f3rmula que combina idade e tempo de contribui\u00e7\u00e3o \u00e9 uma das op\u00e7\u00f5es de transi\u00e7\u00e3o para obter o benef\u00edcio), mas questionou a idade m\u00ednima igual para homens e mulheres do campo. O ex-ministro tamb\u00e9m criticou o regime de capitaliza\u00e7\u00e3o, pois segundo ele a proposta n\u00e3o obriga o empregador a contribuir para as contas dos trabalhadores.<\/p>\n<p>&#8220;Acho do ponto de vista econ\u00f4mico um erro, mas n\u00e3o sou daqueles que acham que enquanto n\u00e3o faz a tribut\u00e1ria faz a previdenci\u00e1ria. Tem que atrelar, trabalhar politicamente, positivamente para juntar o debate fiscal numa agenda s\u00f3. Quer eliminar privil\u00e9gios? Quer privil\u00e9gio maior que lucros e dividendos n\u00e3o pagar Imposto de Renda? Heran\u00e7a no Brasil ser uma das menos tributadas no mundo?&#8221;, questionou. Berzoini tamb\u00e9m reconheceu que &#8220;o Brasil exagerou nas ren\u00fancias fiscais&#8221; e defendeu um pente-fino nos benef\u00edcios.<\/p>\n<p>Em meio \u00e0s cr\u00edticas \u00e0 capitaliza\u00e7\u00e3o, Tafner contestou os senadores que acusaram o governo de querer dar dinheiro para os bancos. &#8220;N\u00e3o \u00e9 dinheiro para banqueiro nenhum, ele (trabalhador) tem controle. Al\u00e9m disso, todo mundo aqui tem dinheiro no banco. Dizer que \u00e9 entregar para sistema financeiro \u00e9 primitivo, n\u00e3o representa o debate de alto n\u00edvel que tivemos aqui&#8221;, disse.<\/p>\n<p><br \/>\n<br \/><a href=\"https:\/\/exame.abril.com.br\/brasil\/em-audiencia-da-previdencia-no-senado-base-aliada-tem-atuacao-timida\/\">Source link <\/a><\/p>\n","protected":false},"excerpt":{"rendered":"<p>Bras\u00edlia &#8211; No primeiro debate sobre a reforma da Previd\u00eancia no Senado Federal, a oposi\u00e7\u00e3o teve uma atua\u00e7\u00e3o mais marcante do que os parlamentares da base aliada do governo Jair Bolsonaro. Mesmo o l\u00edder do PSL na Casa, Major Ol\u00edmpio (SP), teceu cr\u00edticas \u00e0 proposta e deu o recado de que n\u00e3o se pode &#8220;demonizar&#8221; [&hellip;]<\/p>\n","protected":false},"author":1,"featured_media":11440,"comment_status":"open","ping_status":"open","sticky":false,"template":"","format":"standard","meta":{"footnotes":""},"categories":[337],"tags":[],"class_list":["post-11439","post","type-post","status-publish","format-standard","has-post-thumbnail","hentry","category-noticias"],"_links":{"self":[{"href":"https:\/\/wiy.com.br\/noticias\/wp-json\/wp\/v2\/posts\/11439","targetHints":{"allow":["GET"]}}],"collection":[{"href":"https:\/\/wiy.com.br\/noticias\/wp-json\/wp\/v2\/posts"}],"about":[{"href":"https:\/\/wiy.com.br\/noticias\/wp-json\/wp\/v2\/types\/post"}],"author":[{"embeddable":true,"href":"https:\/\/wiy.com.br\/noticias\/wp-json\/wp\/v2\/users\/1"}],"replies":[{"embeddable":true,"href":"https:\/\/wiy.com.br\/noticias\/wp-json\/wp\/v2\/comments?post=11439"}],"version-history":[{"count":0,"href":"https:\/\/wiy.com.br\/noticias\/wp-json\/wp\/v2\/posts\/11439\/revisions"}],"wp:featuredmedia":[{"embeddable":true,"href":"https:\/\/wiy.com.br\/noticias\/wp-json\/wp\/v2\/media\/11440"}],"wp:attachment":[{"href":"https:\/\/wiy.com.br\/noticias\/wp-json\/wp\/v2\/media?parent=11439"}],"wp:term":[{"taxonomy":"category","embeddable":true,"href":"https:\/\/wiy.com.br\/noticias\/wp-json\/wp\/v2\/categories?post=11439"},{"taxonomy":"post_tag","embeddable":true,"href":"https:\/\/wiy.com.br\/noticias\/wp-json\/wp\/v2\/tags?post=11439"}],"curies":[{"name":"wp","href":"https:\/\/api.w.org\/{rel}","templated":true}]}}