{"id":113749,"date":"2026-04-29T20:43:00","date_gmt":"2026-04-29T23:43:00","guid":{"rendered":"https:\/\/wiy.com.br\/noticias\/1o-de-maio-rodizio-municipal-de-veiculos-estara-suspenso-no-feriado\/"},"modified":"2026-04-29T20:43:00","modified_gmt":"2026-04-29T23:43:00","slug":"1o-de-maio-rodizio-municipal-de-veiculos-estara-suspenso-no-feriado","status":"publish","type":"post","link":"https:\/\/wiy.com.br\/noticias\/1o-de-maio-rodizio-municipal-de-veiculos-estara-suspenso-no-feriado\/","title":{"rendered":"1\u00ba de Maio: rod\u00edzio municipal de ve\u00edculos estar\u00e1 suspenso no feriado"},"content":{"rendered":"<p> <br \/>\n<br \/><img title = \"[Tags]\"alt = \"55038372405_bbfdf0f8a9_k 1\u00ba de Maio: rod\u00edzio municipal de ve\u00edculos estar\u00e1 suspenso no feriado\"decoding=\"async\" src=\"https:\/\/vejasp.abril.com.br\/wp-content\/uploads\/2026\/04\/55038372405_bbfdf0f8a9_k.jpg\" \/><\/p>\n<p>Nesta sexta-feira (1), o rod\u00edzio municipal de ve\u00edculos estar\u00e1 suspenso em decorr\u00eancia do feriado do <strong>Dia do Trabalhador<\/strong>. O<span>s servi\u00e7os municipais funcionar\u00e3o em esquema diferenciado, com manuten\u00e7\u00e3o do atendimento em \u00e1reas essenciais, como sa\u00fade, assist\u00eancia social e transporte de 1\u00ba a 3 de maio.<\/span><\/p>\n<h3>Opera\u00e7\u00f5es nas estradas<\/h3>\n<p>Entre esta quinta-feira (30) e segunda-feira (4), a <span>Companhia de Engenharia de Tr\u00e1fego (CET) realiza a Opera\u00e7\u00e3o Estrada, com monitoramento especial da sa\u00edda e retorno de ve\u00edculos \u00e0 capital. A expectativa \u00e9 que 2,5 milh\u00f5es de ve\u00edculos utilizem a malha rodovi\u00e1ria no sentido do litoral e interior durante o feriado prolongado.<\/span><\/p>\n<div class=\"noreadme-audima ads video-ads\">\n<div class=\"abrAD\" data-format=\"intext_video\"><\/div>\n<\/div>\n<p>A opera\u00e7\u00e3o estar\u00e1 em pontos como as marginais Tiet\u00ea e Pinheiros, a Avenida dos Bandeirantes, a Avenida Presidente Tancredo Neves e o trecho urbano da Rodovia Anchieta.<\/p>\n<h3>Servi\u00e7os de sa\u00fade<\/h3>\n<p><span>As Assist\u00eancias M\u00e9dicas Ambulatoriais (AMAs) e as Assist\u00eancias M\u00e9dicas Ambulatoriais\/Unidades B\u00e1sicas de Sa\u00fade (AMAs\/UBSs) Integradas funcionar\u00e3o normalmente. Nas AMAs\/UBSs, a parte da UBS atender\u00e1 exclusivamente para vacina\u00e7\u00e3o.<\/span><\/p>\n<div id=\"embed-web-stories\" class=\"noreadme-audima\">\n<h3>&#8216;Hallyu&#8217;: entenda como a cultura coreana virou sucesso mundial<\/h3>\n<\/div>\n<p>&nbsp;<\/p>\n<div class=\"ads after-text noreadme-audima\">\n    <span class=\"title\">Publicidade<\/span><\/p>\n<div class=\"abrAD\" data-format=\"aftertext\" data-mapping=\"intext\"><\/div>\n<\/div>\n<p><br \/>\n<br \/><a href=\"https:\/\/vejasp.abril.com.br\/cidades\/1o-de-maio-rodizio-municipal-de-veiculos-estara-suspenso-no-feriado\/\">Fonte do Artigo <\/a><br \/>\nTags:<br \/>\n#loterias #loteriascaixa #megasena #resultadoapostas#noticias #noticiario  #noticia #brasil #noticiascolombia #mundo #esporte #colombia #noticiadeld #ltimasnoticias  #noticiario #noticiasregionales #noticiasdepartamentales #noticiashoy #esportes #noticiaahora #elinformantenoticias #noticiasdeboyac  #esporteinterativo #esportivo #diariodosesportes  #noticiero  #jogodefutebol #jogos #loto #apostas<\/p>\n","protected":false},"excerpt":{"rendered":"<p>Nesta sexta-feira (1), o rod\u00edzio municipal de ve\u00edculos estar\u00e1 suspenso em decorr\u00eancia do feriado do Dia do Trabalhador. Os servi\u00e7os municipais funcionar\u00e3o em esquema diferenciado, com manuten\u00e7\u00e3o do atendimento em \u00e1reas essenciais, como sa\u00fade, assist\u00eancia social e transporte de 1\u00ba a 3 de maio. Opera\u00e7\u00f5es nas estradas Entre esta quinta-feira (30) e segunda-feira (4), a [&hellip;]<\/p>\n","protected":false},"author":1,"featured_media":112427,"comment_status":"open","ping_status":"open","sticky":false,"template":"","format":"standard","meta":{"footnotes":""},"categories":[1],"tags":[],"class_list":["post-113749","post","type-post","status-publish","format-standard","has-post-thumbnail","hentry","category-curso-de-copy"],"_links":{"self":[{"href":"https:\/\/wiy.com.br\/noticias\/wp-json\/wp\/v2\/posts\/113749","targetHints":{"allow":["GET"]}}],"collection":[{"href":"https:\/\/wiy.com.br\/noticias\/wp-json\/wp\/v2\/posts"}],"about":[{"href":"https:\/\/wiy.com.br\/noticias\/wp-json\/wp\/v2\/types\/post"}],"author":[{"embeddable":true,"href":"https:\/\/wiy.com.br\/noticias\/wp-json\/wp\/v2\/users\/1"}],"replies":[{"embeddable":true,"href":"https:\/\/wiy.com.br\/noticias\/wp-json\/wp\/v2\/comments?post=113749"}],"version-history":[{"count":0,"href":"https:\/\/wiy.com.br\/noticias\/wp-json\/wp\/v2\/posts\/113749\/revisions"}],"wp:featuredmedia":[{"embeddable":true,"href":"https:\/\/wiy.com.br\/noticias\/wp-json\/wp\/v2\/media\/112427"}],"wp:attachment":[{"href":"https:\/\/wiy.com.br\/noticias\/wp-json\/wp\/v2\/media?parent=113749"}],"wp:term":[{"taxonomy":"category","embeddable":true,"href":"https:\/\/wiy.com.br\/noticias\/wp-json\/wp\/v2\/categories?post=113749"},{"taxonomy":"post_tag","embeddable":true,"href":"https:\/\/wiy.com.br\/noticias\/wp-json\/wp\/v2\/tags?post=113749"}],"curies":[{"name":"wp","href":"https:\/\/api.w.org\/{rel}","templated":true}]}}