{"id":113668,"date":"2026-04-28T17:15:32","date_gmt":"2026-04-28T20:15:32","guid":{"rendered":"https:\/\/wiy.com.br\/noticias\/fios-enterrados-corredor-de-onibus-e-ciclovia-confira-o-projeto-da-nova-mboi-mirim\/"},"modified":"2026-04-28T17:15:32","modified_gmt":"2026-04-28T20:15:32","slug":"fios-enterrados-corredor-de-onibus-e-ciclovia-confira-o-projeto-da-nova-mboi-mirim","status":"publish","type":"post","link":"https:\/\/wiy.com.br\/noticias\/fios-enterrados-corredor-de-onibus-e-ciclovia-confira-o-projeto-da-nova-mboi-mirim\/","title":{"rendered":"Fios enterrados, corredor de \u00f4nibus e ciclovia: confira o projeto da Nova M\u2019Boi Mirim"},"content":{"rendered":"<p> <br \/>\n<br \/><img title = \"[Tags]\"alt = \"Nova_MBoiMirim_Crop.jpg Fios enterrados, corredor de \u00f4nibus e ciclovia: confira o projeto da Nova M\u2019Boi Mirim\"decoding=\"async\" src=\"https:\/\/vejasp.abril.com.br\/wp-content\/uploads\/2026\/04\/Nova_MBoiMirim_Crop.jpg.jpeg\" \/><\/p>\n<section class=\"readme-audima text-token-text-primary w-full focus:outline-none [--shadow-height:45px] has-data-writing-block:pointer-events-none has-data-writing-block:-mt-(--shadow-height) has-data-writing-block:pt-(--shadow-height) [&amp;:has([data-writing-block])&gt;*]:pointer-events-auto [content-visibility:auto] supports-[content-visibility:auto]:[contain-intrinsic-size:auto_100lvh] R6Vx5W_threadScrollVars scroll-mb-[calc(var(--scroll-root-safe-area-inset-bottom,0px)+var(--thread-response-height))] scroll-mt-[calc(var(--header-height)+min(200px,max(70px,20svh)))]\" dir=\"auto\" data-turn-id=\"request-WEB:01a5b6df-7260-46d6-a121-ad1cf5dd50fa-8\" data-testid=\"conversation-turn-18\" data-scroll-anchor=\"false\" data-turn=\"assistant\">\n<div class=\"text-base my-auto mx-auto pb-10 [--thread-content-margin:var(--thread-content-margin-xs,calc(var(--spacing)*4))] @w-sm\/main:[--thread-content-margin:var(--thread-content-margin-sm,calc(var(--spacing)*6))] @w-lg\/main:[--thread-content-margin:var(--thread-content-margin-lg,calc(var(--spacing)*16))] px-(--thread-content-margin)\">\n<div class=\"noreadme-audima ads video-ads\">\n<div class=\"abrAD\" data-format=\"intext_video\"><\/div>\n<\/div>\n<div class=\"[--thread-content-max-width:40rem] @w-lg\/main:[--thread-content-max-width:48rem] mx-auto max-w-(--thread-content-max-width) flex-1 group\/turn-messages focus-visible:outline-hidden relative flex w-full min-w-0 flex-col agent-turn\">\n<div class=\"flex max-w-full flex-col gap-4 grow\">\n<div class=\"min-h-8 text-message relative flex w-full flex-col items-end gap-2 text-start break-words whitespace-normal outline-none keyboard-focused:focus-ring [.text-message+&amp;]:mt-1\" dir=\"auto\" data-message-author-role=\"assistant\" data-message-id=\"85ee13dd-bc23-4863-8cea-04a753526830\" data-message-model-slug=\"gpt-5-3\" data-turn-start-message=\"true\">\n<div class=\"flex w-full flex-col gap-1 empty:hidden\">\n<div class=\"ads post-ads noreadme-audima\">\n    <span class=\"title\">Continua ap\u00f3s a publicidade<\/span><\/p>\n<div class=\"abrAD\" data-format=\"intext\"><\/div>\n<\/div>\n<div class=\"markdown prose dark:prose-invert w-full wrap-break-word light markdown-new-styling\">\n<p data-start=\"0\" data-end=\"504\">Ap\u00f3s finalizar os estudos t\u00e9cnicos, a Prefeitura de S\u00e3o Paulo apresentou o projeto <strong>Nova M\u2019Boi Mirim<\/strong>, um pacote de interven\u00e7\u00f5es que pretende melhorar a mobilidade na zona sul com implanta\u00e7\u00e3o de novas faixas de \u00f4nibus, ciclovias, enterramento de fia\u00e7\u00e3o, e melhorias como cal\u00e7adas, ilumina\u00e7\u00e3o e drenagem. O projeto, que custou R$ 446 milh\u00f5es, tem previs\u00e3o de conclus\u00e3o para 2028.<\/p>\n<p data-start=\"0\" data-end=\"504\">Com 6,3 km, a proposta inclui a implanta\u00e7\u00e3o de corredor central de \u00f4nibus nos trechos 2 e 3, entre a Avenida dos Funcion\u00e1rios P\u00fablicos e o Terminal Jardim \u00c2ngela, priorizando o transporte coletivo nas \u00e1reas de maior demanda. Nesses segmentos, tamb\u00e9m est\u00e3o previstas baias para paradas, Faixa Azul para motocicletas e ciclovia.<\/p>\n<p data-start=\"506\" data-end=\"753\">J\u00e1 o trecho 1, com 1,2 km entre Itapecerica da Serra e a Avenida dos Funcion\u00e1rios P\u00fablicos, est\u00e1 em obras desde 5 de janeiro e deve ser conclu\u00eddo at\u00e9 setembro. Nesse caso, n\u00e3o haver\u00e1 corredor de \u00f4nibus, pois a demanda n\u00e3o justifica o investimento, segundo a Prefeitura.<\/p>\n<div class=\"ads post-ads noreadme-audima\">\n    <span class=\"title\">Continua ap\u00f3s a publicidade<\/span><\/p>\n<div class=\"abrAD\" data-format=\"intext\"><\/div>\n<\/div>\n<p data-start=\"755\" data-end=\"933\">O projeto prev\u00ea ainda o enterramento de fia\u00e7\u00e3o \u2014 iniciativa in\u00e9dita fora do centro expandido \u2014 al\u00e9m de melhorias em drenagem, cal\u00e7adas e ilumina\u00e7\u00e3o em LED ao longo de toda a via.<\/p>\n<p data-start=\"1294\" data-end=\"1596\">Os projetos dos trechos 2 e 3 est\u00e3o em fase final. A execu\u00e7\u00e3o ficar\u00e1 sob responsabilidade da Secretaria Municipal de Infraestrutura Urbana e Obras (SIURB).<\/p>\n<p data-start=\"1598\" data-end=\"1800\">Uma das principais liga\u00e7\u00f5es da zona sul, a Estrada do M\u2019Boi Mirim tem tr\u00e1fego intenso, com circula\u00e7\u00e3o di\u00e1ria entre 41 mil e 69 mil ve\u00edculos, al\u00e9m de cerca de 300 \u00f4nibus por hora e 400 ciclistas por dia.<\/p>\n<\/div>\n<\/div>\n<\/div>\n<\/div>\n<div class=\"z-0 flex min-h-[46px] justify-start\"><\/div>\n<div class=\"ads post-ads noreadme-audima\">\n    <span class=\"title\">Continua ap\u00f3s a publicidade<\/span><\/p>\n<div class=\"abrAD\" data-format=\"intext\"><\/div>\n<\/div>\n<div class=\"mt-3 w-full empty:hidden\">\n<div class=\"text-center\"><\/div>\n<\/div>\n<\/div>\n<\/div>\n<\/section>\n<div class=\"pointer-events-none -mt-px h-px translate-y-[calc(var(--scroll-root-safe-area-inset-bottom)-14*var(--spacing))]\" aria-hidden=\"true\"><\/div>\n<div class=\"ads after-text noreadme-audima\">\n    <span class=\"title\">Publicidade<\/span><\/p>\n<div class=\"abrAD\" data-format=\"aftertext\" data-mapping=\"intext\"><\/div>\n<\/div>\n<p><br \/>\n<br \/><a href=\"https:\/\/vejasp.abril.com.br\/cidades\/fios-enterrados-corredor-de-onibus-e-ciclovia-confira-o-projeto-da-nova-mboi-mirim\/\">Fonte do Artigo <\/a><br \/>\nTags:<br \/>\n#loterias #loteriascaixa #megasena #resultadoapostas#noticias #noticiario  #noticia #brasil #noticiascolombia #mundo #esporte #colombia #noticiadeld #ltimasnoticias  #noticiario #noticiasregionales #noticiasdepartamentales #noticiashoy #esportes #noticiaahora #elinformantenoticias #noticiasdeboyac  #esporteinterativo #esportivo #diariodosesportes  #noticiero  #jogodefutebol #jogos #loto #apostas<\/p>\n","protected":false},"excerpt":{"rendered":"<p>Continua ap\u00f3s a publicidade Ap\u00f3s finalizar os estudos t\u00e9cnicos, a Prefeitura de S\u00e3o Paulo apresentou o projeto Nova M\u2019Boi Mirim, um pacote de interven\u00e7\u00f5es que pretende melhorar a mobilidade na zona sul com implanta\u00e7\u00e3o de novas faixas de \u00f4nibus, ciclovias, enterramento de fia\u00e7\u00e3o, e melhorias como cal\u00e7adas, ilumina\u00e7\u00e3o e drenagem. O projeto, que custou R$ [&hellip;]<\/p>\n","protected":false},"author":1,"featured_media":113669,"comment_status":"open","ping_status":"open","sticky":false,"template":"","format":"standard","meta":{"footnotes":""},"categories":[1],"tags":[],"class_list":["post-113668","post","type-post","status-publish","format-standard","has-post-thumbnail","hentry","category-curso-de-copy"],"_links":{"self":[{"href":"https:\/\/wiy.com.br\/noticias\/wp-json\/wp\/v2\/posts\/113668","targetHints":{"allow":["GET"]}}],"collection":[{"href":"https:\/\/wiy.com.br\/noticias\/wp-json\/wp\/v2\/posts"}],"about":[{"href":"https:\/\/wiy.com.br\/noticias\/wp-json\/wp\/v2\/types\/post"}],"author":[{"embeddable":true,"href":"https:\/\/wiy.com.br\/noticias\/wp-json\/wp\/v2\/users\/1"}],"replies":[{"embeddable":true,"href":"https:\/\/wiy.com.br\/noticias\/wp-json\/wp\/v2\/comments?post=113668"}],"version-history":[{"count":0,"href":"https:\/\/wiy.com.br\/noticias\/wp-json\/wp\/v2\/posts\/113668\/revisions"}],"wp:featuredmedia":[{"embeddable":true,"href":"https:\/\/wiy.com.br\/noticias\/wp-json\/wp\/v2\/media\/113669"}],"wp:attachment":[{"href":"https:\/\/wiy.com.br\/noticias\/wp-json\/wp\/v2\/media?parent=113668"}],"wp:term":[{"taxonomy":"category","embeddable":true,"href":"https:\/\/wiy.com.br\/noticias\/wp-json\/wp\/v2\/categories?post=113668"},{"taxonomy":"post_tag","embeddable":true,"href":"https:\/\/wiy.com.br\/noticias\/wp-json\/wp\/v2\/tags?post=113668"}],"curies":[{"name":"wp","href":"https:\/\/api.w.org\/{rel}","templated":true}]}}