{"id":113662,"date":"2026-04-28T15:13:58","date_gmt":"2026-04-28T18:13:58","guid":{"rendered":"https:\/\/wiy.com.br\/noticias\/morre-silvano-raia-referencia-mundial-em-transplantes-aos-95-anos\/"},"modified":"2026-04-28T15:13:58","modified_gmt":"2026-04-28T18:13:58","slug":"morre-silvano-raia-referencia-mundial-em-transplantes-aos-95-anos","status":"publish","type":"post","link":"https:\/\/wiy.com.br\/noticias\/morre-silvano-raia-referencia-mundial-em-transplantes-aos-95-anos\/","title":{"rendered":"Morre Silvano Raia, refer\u00eancia mundial em transplantes, aos 95 anos"},"content":{"rendered":"<p> <br \/>\n<\/p>\n<p><span>A Academia Nacional de Medicina (ANM) confirmou nesta ter\u00e7a-feira (28) a morte do m\u00e9dico <strong>Silvano Raia<\/strong>, aos 95 anos. Professor em\u00e9rito da Universidade de S\u00e3o Paulo (USP), ele era considerado um dos maiores nomes da medicina mundial, respons\u00e1vel pelo <strong>primeiro transplante de f\u00edgado da Am\u00e9rica Latina<\/strong> realizado no Hospital das Cl\u00ednicas da universidade.<\/span><\/p>\n<p>Raia tamb\u00e9m realizou o primeiro implante de f\u00edgado com doador vivo, em 1988. A t\u00e9cnica conhecida como transplante intervivos possibilitou o tratamento de diversos pacientes, principalmente crian\u00e7as, pelo mundo.<\/p>\n<div class=\"noreadme-audima ads video-ads\">\n<div class=\"abrAD\" data-format=\"intext_video\"><\/div>\n<\/div>\n<p>Segundo a ANM, a morte aconteceu em <span>decorr\u00eancia de problemas pulmonares. &#8220;L\u00edder incontest\u00e1vel da Medicina no Brasil, professor Raia construiu uma trajet\u00f3ria marcada pela excel\u00eancia, inova\u00e7\u00e3o e dedica\u00e7\u00e3o inabal\u00e1vel ao ensino e \u00e0 assist\u00eancia m\u00e9dica. Sua energia singular, sua vis\u00e3o pioneira e sua capacidade de inspirar gera\u00e7\u00f5es de m\u00e9dicos permanecer\u00e3o como um legado vivo entre n\u00f3s&#8221;, declarou o presidente da ANM, Antonio Egidio Nardi.<\/span><\/p>\n<p><span>Eleito para a Academia em 1991, o m\u00e9dico dedicava-se \u00e0s pesquisas em xenotransplantes, t\u00e9cnica que utiliza \u00f3rg\u00e3os de animais geneticamente modificados para transplante em humanos, nos \u00faltimos anos. Em mar\u00e7o deste ano, ele liderou uma iniciativa da USP que resultou na clonagem do primeiro porco do Brasil e da Am\u00e9rica Latina.<\/span><\/p>\n<p><span>&#8220;Sua aus\u00eancia ser\u00e1 profundamente sentida por todos n\u00f3s, mas sua obra e seu esp\u00edrito seguir\u00e3o iluminando os caminhos da Medicina e da Academia Nacional de Medicina.\u201d<\/span><\/p>\n<div class=\"ads post-ads noreadme-audima\">\n    <span class=\"title\">Continua ap\u00f3s a publicidade<\/span><\/p>\n<div class=\"abrAD\" data-format=\"intext\"><\/div>\n<\/div>\n<p><span>O vel\u00f3rio acontece nesta ter\u00e7a-feira, das 15h \u00e0s 20h, na Faculdade de Medicina da Universidade de S\u00e3o Paulo. Ser\u00e1 aberto ao p\u00fablico.<\/span><\/p>\n<h3>Atua\u00e7\u00e3o no SUS<\/h3>\n<p>Em nota, o Minist\u00e9rio da Sa\u00fade reconhece Raia como um s\u00edmbolo da comunidade m\u00e9dica. &#8220;Junto ao Minist\u00e9rio da Sa\u00fade, contribuiu para a estrutura\u00e7\u00e3o e expans\u00e3o da rede de transplantes no \u00e2mbito do<span>\u00a0<\/span>Sistema \u00danico de Sa\u00fade (SUS), apoiando a qualifica\u00e7\u00e3o de equipes, a implanta\u00e7\u00e3o de servi\u00e7os e a amplia\u00e7\u00e3o do acesso da popula\u00e7\u00e3o a procedimentos de alta complexidade em todo o pa\u00eds&#8221;, declaram.<\/p>\n<figure><img title = \"[Tags]\"decoding=\"async\"alt = \"Alguns-registros-do-evento-de-lancamento-de-O-impossivel-e-apenas-o-comeco-com-o-autor-@silva-1 Morre Silvano Raia, refer\u00eancia mundial em transplantes, aos 95 anos\" src=\"https:\/\/vejasp.abril.com.br\/wp-content\/uploads\/2026\/04\/Alguns-registros-do-evento-de-lancamento-de-O-impossivel-e-apenas-o-comeco-com-o-autor-@silva-1.jpg\" \/><figcaption>Silvano Raia, no lan\u00e7amento de \u201cO imposs\u00edvel \u00e9 apenas o come\u00e7o\u201d<span class=\"copyright\">Roberta S. Recoder\/Instagram<\/span><\/figcaption><\/figure>\n<div class=\"ads after-text noreadme-audima\">\n    <span class=\"title\">Publicidade<\/span><\/p>\n<div class=\"abrAD\" data-format=\"aftertext\" data-mapping=\"intext\"><\/div>\n<\/div>\n<p><br \/>\n<br \/><a href=\"https:\/\/vejasp.abril.com.br\/cidades\/morre-silvano-raia-referencia-mundial-em-transplantes-aos-95-anos\/\">Fonte do Artigo <\/a><br \/>\nTags:<br \/>\n#loterias #loteriascaixa #megasena #resultadoapostas#noticias #noticiario  #noticia #brasil #noticiascolombia #mundo #esporte #colombia #noticiadeld #ltimasnoticias  #noticiario #noticiasregionales #noticiasdepartamentales #noticiashoy #esportes #noticiaahora #elinformantenoticias #noticiasdeboyac  #esporteinterativo #esportivo #diariodosesportes  #noticiero  #jogodefutebol #jogos #loto #apostas<\/p>\n","protected":false},"excerpt":{"rendered":"<p>A Academia Nacional de Medicina (ANM) confirmou nesta ter\u00e7a-feira (28) a morte do m\u00e9dico Silvano Raia, aos 95 anos. Professor em\u00e9rito da Universidade de S\u00e3o Paulo (USP), ele era considerado um dos maiores nomes da medicina mundial, respons\u00e1vel pelo primeiro transplante de f\u00edgado da Am\u00e9rica Latina realizado no Hospital das Cl\u00ednicas da universidade. Raia tamb\u00e9m [&hellip;]<\/p>\n","protected":false},"author":1,"featured_media":113663,"comment_status":"open","ping_status":"open","sticky":false,"template":"","format":"standard","meta":{"footnotes":""},"categories":[1],"tags":[],"class_list":["post-113662","post","type-post","status-publish","format-standard","has-post-thumbnail","hentry","category-curso-de-copy"],"_links":{"self":[{"href":"https:\/\/wiy.com.br\/noticias\/wp-json\/wp\/v2\/posts\/113662","targetHints":{"allow":["GET"]}}],"collection":[{"href":"https:\/\/wiy.com.br\/noticias\/wp-json\/wp\/v2\/posts"}],"about":[{"href":"https:\/\/wiy.com.br\/noticias\/wp-json\/wp\/v2\/types\/post"}],"author":[{"embeddable":true,"href":"https:\/\/wiy.com.br\/noticias\/wp-json\/wp\/v2\/users\/1"}],"replies":[{"embeddable":true,"href":"https:\/\/wiy.com.br\/noticias\/wp-json\/wp\/v2\/comments?post=113662"}],"version-history":[{"count":0,"href":"https:\/\/wiy.com.br\/noticias\/wp-json\/wp\/v2\/posts\/113662\/revisions"}],"wp:featuredmedia":[{"embeddable":true,"href":"https:\/\/wiy.com.br\/noticias\/wp-json\/wp\/v2\/media\/113663"}],"wp:attachment":[{"href":"https:\/\/wiy.com.br\/noticias\/wp-json\/wp\/v2\/media?parent=113662"}],"wp:term":[{"taxonomy":"category","embeddable":true,"href":"https:\/\/wiy.com.br\/noticias\/wp-json\/wp\/v2\/categories?post=113662"},{"taxonomy":"post_tag","embeddable":true,"href":"https:\/\/wiy.com.br\/noticias\/wp-json\/wp\/v2\/tags?post=113662"}],"curies":[{"name":"wp","href":"https:\/\/api.w.org\/{rel}","templated":true}]}}