{"id":11359,"date":"2023-02-26T15:02:03","date_gmt":"2023-02-26T18:02:03","guid":{"rendered":"https:\/\/wiy.com.br\/noticias\/javier-pastore-tem-situacao-analisada-pelo-river-para-substituir-quintero\/"},"modified":"2019-03-19T10:44:19","modified_gmt":"2019-03-19T13:44:19","slug":"javier-pastore-tem-situacao-analisada-pelo-river-para-substituir-quintero","status":"publish","type":"post","link":"https:\/\/wiy.com.br\/noticias\/javier-pastore-tem-situacao-analisada-pelo-river-para-substituir-quintero\/","title":{"rendered":"Javier Pastore tem situa\u00e7\u00e3o analisada pelo River para substituir Quintero"},"content":{"rendered":"<p> <br \/>\n<br \/><img title = \"[Tags]\"alt = \"5b97cd7b39314 Javier Pastore tem situa\u00e7\u00e3o analisada pelo River para substituir Quintero\"decoding=\"async\" src=\"http:\/\/www.lance.com.br\/\/files\/\/uploads\/2018\/09\/11\/5b97cd7b39314.jpeg\" \/><\/p>\n<div>\n<p class=\"paragraph\" id=\"pnull-m69-68-70\">Os planos do River Plate para encontrar uma alternativa a contus\u00e3o do meia colombiano Juan Fernando Quintero s\u00e3o bastante ambiciosos pelo menos de acordo com o que foi noticiado na \u00faltima segunda-feira (18) em um programa da TV argentina.<\/p>\n<p>No\u00a0Halcones y Palomas, atra\u00e7\u00e3o da emissora TNT Sports, o jornalista Maximiliano Grillo disse que o nome de Javier Pastore, atualmente na Roma (It\u00e1lia), foi estudado para retornar ao pa\u00eds e ser encaixado como pe\u00e7a de reposi\u00e7\u00e3o a s\u00e9ria les\u00e3o de Quintero.<\/p>\n<p>Todavia, outro integrante da atra\u00e7\u00e3o, Mart\u00edn Costa, revelou que conversou com pessoas que seriam pr\u00f3ximas ao atleta e informou que, nesse momento, a possibilidade seria invi\u00e1vel pelo atual cen\u00e1rio do v\u00ednculo de Pastore junto ao clube italiano.<\/p>\n<p>&#8220;Ganha 8 milh\u00f5es de euros (R$ 34,5 milh\u00f5es) por ano e tem ainda mais quatro anos de contrato na Europa. Isso os dirigentes do River j\u00e1 sabem e n\u00e3o v\u00e3o o chamar&#8221;, avaliou Mart\u00edn.<\/p>\n<p>Para a posi\u00e7\u00e3o, nesse momento o River Plate, al\u00e9m do vers\u00e1til Camilo Mayada que tamb\u00e9m joga na lateral-direita, tem nomes essencialmente de jovens jogadores que podem desempenhar a fun\u00e7\u00e3o: Jorge Carrascal, Nicol\u00e1s de la Cruz e Cristian Ferreira.<\/p>\n<\/div>\n<p><script>(function(d, s, id) {\n    var js, fjs = d.getElementsByTagName(s)[0];\n    if (d.getElementById(id)) return;\n    js = d.createElement(s); js.id = id;\n    js.src = 'https:\/\/connect.facebook.net\/pt_BR\/sdk.js#xfbml=1&version=v2.12&appId=1124817024230602';\n    fjs.parentNode.insertBefore(js, fjs);\n    }(document, 'script', 'facebook-jssdk'));<\/script><br \/>\n<br \/><br \/>\n<br \/><a href=\"http:\/\/www.lance.com.br\/futebol-internacional\/javier-pastore-tem-situacao-analisada-pelo-river-para-substituir-quintero.html\">Link do Artigo <\/a><\/p>\n","protected":false},"excerpt":{"rendered":"<p>Os planos do River Plate para encontrar uma alternativa a contus\u00e3o do meia colombiano Juan Fernando Quintero s\u00e3o bastante ambiciosos pelo menos de acordo com o que foi noticiado na \u00faltima segunda-feira (18) em um programa da TV argentina. No\u00a0Halcones y Palomas, atra\u00e7\u00e3o da emissora TNT Sports, o jornalista Maximiliano Grillo disse que o nome [&hellip;]<\/p>\n","protected":false},"author":1,"featured_media":11360,"comment_status":"open","ping_status":"open","sticky":false,"template":"","format":"standard","meta":{"footnotes":""},"categories":[372],"tags":[],"class_list":["post-11359","post","type-post","status-publish","format-standard","has-post-thumbnail","hentry","category-futebol"],"_links":{"self":[{"href":"https:\/\/wiy.com.br\/noticias\/wp-json\/wp\/v2\/posts\/11359","targetHints":{"allow":["GET"]}}],"collection":[{"href":"https:\/\/wiy.com.br\/noticias\/wp-json\/wp\/v2\/posts"}],"about":[{"href":"https:\/\/wiy.com.br\/noticias\/wp-json\/wp\/v2\/types\/post"}],"author":[{"embeddable":true,"href":"https:\/\/wiy.com.br\/noticias\/wp-json\/wp\/v2\/users\/1"}],"replies":[{"embeddable":true,"href":"https:\/\/wiy.com.br\/noticias\/wp-json\/wp\/v2\/comments?post=11359"}],"version-history":[{"count":0,"href":"https:\/\/wiy.com.br\/noticias\/wp-json\/wp\/v2\/posts\/11359\/revisions"}],"wp:featuredmedia":[{"embeddable":true,"href":"https:\/\/wiy.com.br\/noticias\/wp-json\/wp\/v2\/media\/11360"}],"wp:attachment":[{"href":"https:\/\/wiy.com.br\/noticias\/wp-json\/wp\/v2\/media?parent=11359"}],"wp:term":[{"taxonomy":"category","embeddable":true,"href":"https:\/\/wiy.com.br\/noticias\/wp-json\/wp\/v2\/categories?post=11359"},{"taxonomy":"post_tag","embeddable":true,"href":"https:\/\/wiy.com.br\/noticias\/wp-json\/wp\/v2\/tags?post=11359"}],"curies":[{"name":"wp","href":"https:\/\/api.w.org\/{rel}","templated":true}]}}