{"id":11326,"date":"2023-02-26T15:15:00","date_gmt":"2023-02-26T18:15:00","guid":{"rendered":"https:\/\/wiy.com.br\/noticias\/policia-faz-operacao-na-cidade-de-deus-rj-moradores-relatam-tiroteios\/"},"modified":"2019-03-19T08:41:31","modified_gmt":"2019-03-19T11:41:31","slug":"policia-faz-operacao-na-cidade-de-deus-rj-moradores-relatam-tiroteios","status":"publish","type":"post","link":"https:\/\/wiy.com.br\/noticias\/policia-faz-operacao-na-cidade-de-deus-rj-moradores-relatam-tiroteios\/","title":{"rendered":"Pol\u00edcia faz opera\u00e7\u00e3o na Cidade de Deus (RJ); moradores relatam tiroteios"},"content":{"rendered":"<p> <br \/>\n<\/p>\n<p>S\u00e3o Paulo \u2014 Policiais fazem nesta ter\u00e7a-feira, 19, uma opera\u00e7\u00e3o na <strong><a href=\"https:\/\/exame.abril.com.br\/noticias-sobre\/cidade-de-deus\/\">Cidade de Deus<\/a><\/strong>, localizada na zona oeste do <strong><a href=\"https:\/\/veja.abril.com.br\/noticias-sobre\/rio-de-janeiro\/\">Rio de Janeiro<\/a><\/strong>. De acordo com o aplicativo Onde Tem Tiroteio (OTT), a a\u00e7\u00e3o, que conta com o aux\u00edlio de um helic\u00f3ptero, abrange as \u00e1reas de Ap\u00eas, Karat\u00ea e outras.<\/p>\n<p>Nas redes sociais, moradores da regi\u00e3o falam em uma intensa troca de tiros na a\u00e7\u00e3o. &#8220;Muita troca de tiros entre policiais com aux\u00edlios de helic\u00f3ptero e bandidos acontecendo nas localidades do Ap\u00eas, Karat\u00ea e outras. Cuidado pra quem passa no local&#8221;, escreveu um usu\u00e1rio do Twitter.<\/p>\n<p><br \/>\n<br \/><a href=\"https:\/\/exame.abril.com.br\/brasil\/policia-faz-operacao-na-cidade-de-deus-rj-moradores-relatam-tiroteios\/\">Source link <\/a><\/p>\n","protected":false},"excerpt":{"rendered":"<p>S\u00e3o Paulo \u2014 Policiais fazem nesta ter\u00e7a-feira, 19, uma opera\u00e7\u00e3o na Cidade de Deus, localizada na zona oeste do Rio de Janeiro. De acordo com o aplicativo Onde Tem Tiroteio (OTT), a a\u00e7\u00e3o, que conta com o aux\u00edlio de um helic\u00f3ptero, abrange as \u00e1reas de Ap\u00eas, Karat\u00ea e outras. Nas redes sociais, moradores da regi\u00e3o [&hellip;]<\/p>\n","protected":false},"author":1,"featured_media":11327,"comment_status":"open","ping_status":"open","sticky":false,"template":"","format":"standard","meta":{"footnotes":""},"categories":[337],"tags":[],"class_list":["post-11326","post","type-post","status-publish","format-standard","has-post-thumbnail","hentry","category-noticias"],"_links":{"self":[{"href":"https:\/\/wiy.com.br\/noticias\/wp-json\/wp\/v2\/posts\/11326","targetHints":{"allow":["GET"]}}],"collection":[{"href":"https:\/\/wiy.com.br\/noticias\/wp-json\/wp\/v2\/posts"}],"about":[{"href":"https:\/\/wiy.com.br\/noticias\/wp-json\/wp\/v2\/types\/post"}],"author":[{"embeddable":true,"href":"https:\/\/wiy.com.br\/noticias\/wp-json\/wp\/v2\/users\/1"}],"replies":[{"embeddable":true,"href":"https:\/\/wiy.com.br\/noticias\/wp-json\/wp\/v2\/comments?post=11326"}],"version-history":[{"count":0,"href":"https:\/\/wiy.com.br\/noticias\/wp-json\/wp\/v2\/posts\/11326\/revisions"}],"wp:featuredmedia":[{"embeddable":true,"href":"https:\/\/wiy.com.br\/noticias\/wp-json\/wp\/v2\/media\/11327"}],"wp:attachment":[{"href":"https:\/\/wiy.com.br\/noticias\/wp-json\/wp\/v2\/media?parent=11326"}],"wp:term":[{"taxonomy":"category","embeddable":true,"href":"https:\/\/wiy.com.br\/noticias\/wp-json\/wp\/v2\/categories?post=11326"},{"taxonomy":"post_tag","embeddable":true,"href":"https:\/\/wiy.com.br\/noticias\/wp-json\/wp\/v2\/tags?post=11326"}],"curies":[{"name":"wp","href":"https:\/\/api.w.org\/{rel}","templated":true}]}}