{"id":113251,"date":"2026-04-22T15:43:29","date_gmt":"2026-04-22T18:43:29","guid":{"rendered":"https:\/\/wiy.com.br\/noticias\/quem-era-a-empresaria-que-morreu-apos-tres-procedimentos-esteticos\/"},"modified":"2026-04-22T15:43:29","modified_gmt":"2026-04-22T18:43:29","slug":"quem-era-a-empresaria-que-morreu-apos-tres-procedimentos-esteticos","status":"publish","type":"post","link":"https:\/\/wiy.com.br\/noticias\/quem-era-a-empresaria-que-morreu-apos-tres-procedimentos-esteticos\/","title":{"rendered":"Quem era a empres\u00e1ria que morreu ap\u00f3s tr\u00eas procedimentos est\u00e9ticos"},"content":{"rendered":"<p> <br \/>\n<br \/><img title = \"[Tags]\"alt = \"SaveClip.App_671165120_18585620089041853_4762061844847789194_n-1 Quem era a empres\u00e1ria que morreu ap\u00f3s tr\u00eas procedimentos est\u00e9ticos\"decoding=\"async\" src=\"https:\/\/vejasp.abril.com.br\/wp-content\/uploads\/2026\/04\/SaveClip.App_671165120_18585620089041853_4762061844847789194_n-1.jpg\" \/><\/p>\n<p>A empres\u00e1ria Bianca Naufel Saliba, de 43 anos, morreu na noite da \u00faltima segunda-feira (20) ap\u00f3s passar por tr\u00eas procedimentos est\u00e9ticos em um hospital na Vila Mariana, na zona sul.<\/p>\n<p>Nascida em S\u00e3o Jos\u00e9 do Rio Pardo, em S\u00e3o Paulo, Bianca comandava a empresa Posto Pot\u00eancia, grupo de postos de gasolina na cidade do interior. Ela deixa o marido e tr\u00eas filhos.<\/p>\n<div class=\"noreadme-audima ads video-ads\">\n<div class=\"abrAD\" data-format=\"intext_video\"><\/div>\n<\/div>\n<h3>Entenda o caso<\/h3>\n<p>A empres\u00e1ria foi internada para a realiza\u00e7\u00e3o de tr\u00eas cirurgias est\u00e9ticas que\u00a0 <strong data-sfc-root=\"c\" data-sfc-cb=\"\">\u2014 <\/strong>lipoescultura, abdominoplastia e mastopexia <strong data-sfc-root=\"c\" data-sfc-cb=\"\">\u2014 <\/strong>que duraram dez horas no total.<\/p>\n<p>Ap\u00f3s acordar da anestesia, apresentou um quadro s\u00fabito, segundo a <strong>Secretaria de Seguran\u00e7a P\u00fablica de S\u00e3o Paulo<\/strong> (SSP-SP). Foram realizadas manobras de reanima\u00e7\u00e3o, mas ela n\u00e3o resistiu.<\/p>\n<p>O caso foi registrado como morte suspeita no 16\u00baDP (Vila Clementino) e foram solicitados exames ao Instituto M\u00e9dico Legal (IML).<\/p>\n<div class=\"ads after-text noreadme-audima\">\n    <span class=\"title\">Publicidade<\/span><\/p>\n<div class=\"abrAD\" data-format=\"aftertext\" data-mapping=\"intext\"><\/div>\n<\/div>\n<p><br \/>\n<br \/><a href=\"https:\/\/vejasp.abril.com.br\/cidades\/quem-era-a-empresaria-que-morreu-apos-tres-procedimentos-esteticos\/\">Fonte do Artigo <\/a><br \/>\nTags:<br \/>\n#loterias #loteriascaixa #megasena #resultadoapostas#noticias #noticiario  #noticia #brasil #noticiascolombia #mundo #esporte #colombia #noticiadeld #ltimasnoticias  #noticiario #noticiasregionales #noticiasdepartamentales #noticiashoy #esportes #noticiaahora #elinformantenoticias #noticiasdeboyac  #esporteinterativo #esportivo #diariodosesportes  #noticiero  #jogodefutebol #jogos #loto #apostas<\/p>\n","protected":false},"excerpt":{"rendered":"<p>A empres\u00e1ria Bianca Naufel Saliba, de 43 anos, morreu na noite da \u00faltima segunda-feira (20) ap\u00f3s passar por tr\u00eas procedimentos est\u00e9ticos em um hospital na Vila Mariana, na zona sul. Nascida em S\u00e3o Jos\u00e9 do Rio Pardo, em S\u00e3o Paulo, Bianca comandava a empresa Posto Pot\u00eancia, grupo de postos de gasolina na cidade do interior. [&hellip;]<\/p>\n","protected":false},"author":1,"featured_media":113252,"comment_status":"open","ping_status":"open","sticky":false,"template":"","format":"standard","meta":{"footnotes":""},"categories":[1],"tags":[],"class_list":["post-113251","post","type-post","status-publish","format-standard","has-post-thumbnail","hentry","category-curso-de-copy"],"_links":{"self":[{"href":"https:\/\/wiy.com.br\/noticias\/wp-json\/wp\/v2\/posts\/113251","targetHints":{"allow":["GET"]}}],"collection":[{"href":"https:\/\/wiy.com.br\/noticias\/wp-json\/wp\/v2\/posts"}],"about":[{"href":"https:\/\/wiy.com.br\/noticias\/wp-json\/wp\/v2\/types\/post"}],"author":[{"embeddable":true,"href":"https:\/\/wiy.com.br\/noticias\/wp-json\/wp\/v2\/users\/1"}],"replies":[{"embeddable":true,"href":"https:\/\/wiy.com.br\/noticias\/wp-json\/wp\/v2\/comments?post=113251"}],"version-history":[{"count":0,"href":"https:\/\/wiy.com.br\/noticias\/wp-json\/wp\/v2\/posts\/113251\/revisions"}],"wp:featuredmedia":[{"embeddable":true,"href":"https:\/\/wiy.com.br\/noticias\/wp-json\/wp\/v2\/media\/113252"}],"wp:attachment":[{"href":"https:\/\/wiy.com.br\/noticias\/wp-json\/wp\/v2\/media?parent=113251"}],"wp:term":[{"taxonomy":"category","embeddable":true,"href":"https:\/\/wiy.com.br\/noticias\/wp-json\/wp\/v2\/categories?post=113251"},{"taxonomy":"post_tag","embeddable":true,"href":"https:\/\/wiy.com.br\/noticias\/wp-json\/wp\/v2\/tags?post=113251"}],"curies":[{"name":"wp","href":"https:\/\/api.w.org\/{rel}","templated":true}]}}