{"id":113087,"date":"2026-04-20T10:08:58","date_gmt":"2026-04-20T13:08:58","guid":{"rendered":"https:\/\/wiy.com.br\/noticias\/conselho-da-europa-questiona-proibicoes-generalizadas-de-redes-sociais-para-menores\/"},"modified":"2026-04-20T10:09:27","modified_gmt":"2026-04-20T13:09:27","slug":"conselho-da-europa-questiona-proibicoes-generalizadas-de-redes-sociais-para-menores","status":"publish","type":"post","link":"https:\/\/wiy.com.br\/noticias\/conselho-da-europa-questiona-proibicoes-generalizadas-de-redes-sociais-para-menores\/","title":{"rendered":"Conselho da Europa questiona proibi\u00e7\u00f5es generalizadas de redes sociais para menores"},"content":{"rendered":"<p> <br \/>\n<\/p>\n<p>O Conselho da Europa divulgou recomenda\u00e7\u00f5es que contestam as proibi\u00e7\u00f5es generalizadas de redes sociais para crian\u00e7as e adolescentes, defendendo uma abordagem mais equilibrada. As diretrizes, adotadas em 8 de abril, alertam que medidas de seguran\u00e7a online devem proteger os menores sem comprometer sua liberdade de express\u00e3o ou acesso digital essencial.<\/p>\n<p>Pol\u00edticos em diversos pa\u00edses est\u00e3o adotando rapidamente restri\u00e7\u00f5es et\u00e1rias para redes sociais. Alguns Estados-Membros da Uni\u00e3o Europeia, como a Gr\u00e9cia, j\u00e1 aprovaram limita\u00e7\u00f5es relacionadas \u00e0 idade que entrar\u00e3o em vigor no pr\u00f3ximo ano, enquanto outros pa\u00edses consideram medidas similares.<\/p>\n<p>Experi\u00eancias do Reino Unido e Austr\u00e1lia demonstram que restri\u00e7\u00f5es excessivas frequentemente levam crian\u00e7as a contornar as regras, empurrando-as para ambientes online menos seguros e marginais. Apesar disso, formuladores de pol\u00edticas australianos n\u00e3o admitem que a estrat\u00e9gia n\u00e3o est\u00e1 funcionando e optam por pressionar outros pa\u00edses a seguir seus passos.<\/p>\n<h2 class=\"wp-block-heading\" id=\"h-cientistas-alertam-para-consequencias-nao-intencionais\">Cientistas alertam para consequ\u00eancias n\u00e3o intencionais<\/h2>\n<p>Um grupo de cientistas de todo o mundo expressou preocupa\u00e7\u00f5es sobre decis\u00f5es apressadas de proibi\u00e7\u00f5es de redes sociais baseadas em idade. A organiza\u00e7\u00e3o Save the Children argumentou em sua declara\u00e7\u00e3o de 2025 que proibi\u00e7\u00f5es generalizadas podem ter \u201cs\u00e9rias consequ\u00eancias n\u00e3o intencionais para crian\u00e7as\u201d, impedindo-as de encontrar informa\u00e7\u00f5es \u00fateis e apoio online, especialmente importante para crian\u00e7as marginalizadas que n\u00e3o t\u00eam rede de seguran\u00e7a social offline.<\/p>\n<div class=\"wp-block-image\">\n<figure class=\"aligncenter size-large\"><figcaption class=\"wp-element-caption\">Imagem: Art_Photo\/Shutterstock<\/figcaption><\/figure>\n<\/div>\n<p>As recomenda\u00e7\u00f5es do Conselho da Europa incluem pedidos para aprimorar obriga\u00e7\u00f5es existentes ou introduzir novas nas plataformas. No entanto, o CoE tamb\u00e9m insta formuladores de pol\u00edticas da UE a garantir que a\u00e7\u00f5es destinadas a proteger europeus online n\u00e3o diminuam seu direito \u00e0 liberdade de express\u00e3o, prejudiquem outros tratados da UE ou resultem em medidas excessivas.<\/p>\n<h2 class=\"wp-block-heading\" id=\"h-liberdade-de-expressao-como-prioridade\">Liberdade de express\u00e3o como prioridade<\/h2>\n<p>Os artigos 12 e 18 das recomenda\u00e7\u00f5es estabelecem claramente que, embora a liberdade de express\u00e3o possa perturbar, ofender ou chocar partes da popula\u00e7\u00e3o, isso n\u00e3o justifica a ado\u00e7\u00e3o de medidas que a restrinjam. Vis\u00f5es que desafiam o status quo s\u00e3o consideradas ben\u00e9ficas para sociedades democr\u00e1ticas.<\/p>\n<p><strong>Leia mais:<\/strong><\/p>\n<ul>\n<li>Presidente da Fran\u00e7a pede que jovens fiquem menos no celular<\/li>\n<li>Eurosky: Europa lan\u00e7a ecossistema de rede social para rivalizar com Big Techs<\/li>\n<li>O adolescente de 15 anos que est\u00e1 lutando contra a proibi\u00e7\u00e3o de redes sociais na Austr\u00e1lia<\/li>\n<\/ul>\n<p>O artigo 18 afirma que nem todos os riscos online requerem medidas restritivas que possam diminuir o direito \u00e0 liberdade de express\u00e3o. Os artigos 38, 44, 54 e 55 pedem aos Estados-Membros da UE para n\u00e3o pressionar excessivamente intermedi\u00e1rios da internet e criadores de conte\u00fado, pois isso pode \u201ccompeli-los a agir como censores do discurso em nome das autoridades estatais\u201d.<\/p>\n<blockquote class=\"wp-block-quote is-layout-flow wp-block-quote-is-layout-flow\">\n<p>Intermedi\u00e1rios da internet n\u00e3o devem ser responsabilizados por conte\u00fado de terceiros que \u201celes meramente d\u00e3o acesso ou que transmitem ou armazenam\u201d, a menos que evitem tomar medidas proativas ap\u00f3s tomar conhecimento de que o conte\u00fado \u00e9 ilegal.<\/p>\n<\/blockquote>\n<h2 class=\"wp-block-heading\" id=\"h-alternativas-alem-das-proibicoes\">Alternativas al\u00e9m das proibi\u00e7\u00f5es<\/h2>\n<p>As recomenda\u00e7\u00f5es concluem logicamente que, para garantir seguran\u00e7a online, uma combina\u00e7\u00e3o de medidas proativas (tanto online quanto offline) \u00e9 essencial. Os usu\u00e1rios devem ser n\u00e3o apenas protegidos, mas tamb\u00e9m capacitados para se protegerem.<\/p>\n<p>O artigo 21 estabelece que medidas relacionadas ao espa\u00e7o online devem complementar e construir sobre \u201ca\u00e7\u00f5es mais amplas tomadas no reino offline\u201d. Estados-Membros da UE precisam de uma estrat\u00e9gia abrangente e coordenada que aborde as causas subjacentes do abuso online, sejam enraizadas em condi\u00e7\u00f5es sociais ou desigualdades.<\/p>\n<div class=\"wp-block-image\">\n<figure class=\"aligncenter size-large\"><img title = \"[Tags]\"loading=\"lazy\" decoding=\"async\" width=\"1024\" height=\"682\" src=\"https:\/\/olhardigital.com.br\/wp-content\/uploads\/2026\/03\/crianca_celular-1-1024x682.jpg\"alt = \"crianca_celular-1-1024x682 Conselho da Europa questiona proibi\u00e7\u00f5es generalizadas de redes sociais para menores\" class=\"wp-image-1281270\" \/><figcaption class=\"wp-element-caption\">(Imagem: tomeqs\/Shutterstock) &#8211; Imagem: tomeqs\/Shutterstock<\/figcaption><\/figure>\n<\/div>\n<p>Exemplos sugeridos incluem iniciativas educacionais para promover cidadania digital, alfabetiza\u00e7\u00e3o midi\u00e1tica e informacional fortalecida, e \u201ciniciativas de empoderamento comunit\u00e1rio\u201d. O ambiente online deve ser seguro, confi\u00e1vel e pluralista, permanecendo livre de \u201cinterfer\u00eancia injustificada\u201d e garantindo \u201cautonomia maximizada\u201d para usu\u00e1rios.<\/p>\n<h2 class=\"wp-block-heading\" id=\"h-restricoes-etarias-apenas-para-conteudo-ja-ilegal-offline\">Restri\u00e7\u00f5es et\u00e1rias apenas para conte\u00fado j\u00e1 ilegal offline<\/h2>\n<p>O artigo 24 reitera a ambi\u00e7\u00e3o mais ampla da UE de avaliar, abordar e mitigar riscos que afetam crian\u00e7as, mantendo a vis\u00e3o de que plataformas devem fazer mais. Simultaneamente, estabelece que quaisquer medidas devem levar em conta idade das crian\u00e7as, situa\u00e7\u00f5es de vulnerabilidade e capacidades em evolu\u00e7\u00e3o, al\u00e9m de manter seu direito \u00e0 liberdade de express\u00e3o.<\/p>\n<p>Os artigos 75 e 76 apresentam a parte mais interessante das recomenda\u00e7\u00f5es. O CoE estabelece que plataformas devem ter ferramentas para mitigar riscos a crian\u00e7as online, sendo regularmente atualizadas. Contudo, medidas como verifica\u00e7\u00e3o de idade devem ser usadas principalmente para proteger crian\u00e7as de produtos, servi\u00e7os e conte\u00fado j\u00e1 legalmente restritos a elas offline, n\u00e3o para \u201cproteg\u00ea-las\u201d de estar online.<\/p>\n<p>Tais ferramentas devem concernir principalmente plataformas que \u201cpredominantemente fornecem servi\u00e7os ou conte\u00fado legalmente restrito para proteger crian\u00e7as\u201d. Esta abordagem n\u00e3o exclui a possibilidade de introdu\u00e7\u00e3o de ferramentas de verifica\u00e7\u00e3o de idade em toda a UE, mas claramente estabelece que devem ser usadas apenas para proteger crian\u00e7as de coisas \u00e0s quais n\u00e3o deveriam ter acesso tanto online quanto offline.<\/p>\n<p><em>Fonte: <a href=\"http:\/\/www.euronews.com\/next\/2026\/04\/20\/empowering-children-online-the-council-of-europe-is-skeptical-of-blanket-social-media-bans\" target=\"_blank\" rel=\"noreferrer noopener\">euronews.com<\/a><\/em><\/p>\n<p>O post Conselho da Europa questiona proibi\u00e7\u00f5es generalizadas de redes sociais para menores apareceu primeiro em Olhar Digital.<\/p>\n<p><br \/>\n<br \/><a href=\"https:\/\/olhardigital.com.br\/2026\/04\/20\/internet-e-redes-sociais\/conselho-da-europa-questiona-proibicoes-generalizadas-de-redes-sociais-para-menores\/\">Fonte do Artigo <\/a><br \/>\nTags:<\/p>\n<p><a title=\"Gestor de Tr\u00e1fego\" href=\"https:\/\/www.gestor-de-trafego.com\/\" target=\"_blank\"><strong>Gestor de Tr\u00e1fego<\/strong><\/a><\/p>\n<p><a href=\"https:\/\/wiy.com.br\/noticias\/categoria\/tecnologia\/\">#tecnologia<\/a> <a href=\"https:\/\/wiy.com.br\/noticias\/categoria\/tecnologia\/\">#tecnologias<\/a> <a href=\"https:\/\/wiy.com.br\/noticias\/categoria\/tecnologia\/\">#technology<\/a> <a href=\"https:\/\/wiy.com.br\/noticias\/categoria\/tecnologia\/\">#tecnolog<\/a> <a href=\"https:\/\/wiy.com.br\/noticias\/categoria\/tecnologia\/\">#iphone<\/a> <a href=\"https:\/\/wiy.com.br\/noticias\/categoria\/tecnologia\/\">#informatica<\/a> <a href=\"https:\/\/wiy.com.br\/noticias\/categoria\/tecnologia\/\">#tech<\/a> <a href=\"https:\/\/wiy.com.br\/noticias\/categoria\/tecnologia\/\">#design<\/a> <a href=\"https:\/\/wiy.com.br\/noticias\/categoria\/tecnologia\/\">#samsung<\/a> <a href=\"https:\/\/wiy.com.br\/noticias\/categoria\/tecnologia\/\">#internet<\/a> <a href=\"https:\/\/wiy.com.br\/noticias\/categoria\/tecnologia\/\">#apple<\/a> <a href=\"https:\/\/wiy.com.br\/noticias\/categoria\/tecnologia\/\">#smartphone<\/a> <a href=\"https:\/\/wiy.com.br\/noticias\/categoria\/tecnologia\/\">#seguranca<\/a> <a href=\"https:\/\/wiy.com.br\/noticias\/categoria\/tecnologia\/\">#venezuela<\/a> <a href=\"https:\/\/wiy.com.br\/noticias\/categoria\/tecnologia\/\">#celular<\/a> <a href=\"https:\/\/wiy.com.br\/noticias\/categoria\/tecnologia\/\">#celulares<\/a> <a href=\"https:\/\/wiy.com.br\/noticias\/categoria\/tecnologia\/\">#inovar<\/a> <a href=\"https:\/\/wiy.com.br\/noticias\/categoria\/tecnologia\/\">#qualidade<\/a> <a href=\"https:\/\/wiy.com.br\/noticias\/categoria\/tecnologia\/\">#software<\/a> <a href=\"https:\/\/wiy.com.br\/noticias\/categoria\/tecnologia\/\">#empresas<\/a> <a href=\"https:\/\/wiy.com.br\/noticias\/categoria\/tecnologia\/\">#cursos<\/a> <a href=\"https:\/\/wiy.com.br\/noticias\/categoria\/tecnologia\/\">#engenharia<\/a> <a href=\"https:\/\/wiy.com.br\/noticias\/categoria\/tecnologia\/\">#industria<\/a> <a href=\"https:\/\/wiy.com.br\/noticias\/categoria\/tecnologia\/\">#marketing<\/a> <a href=\"https:\/\/wiy.com.br\/noticias\/categoria\/tecnologia\/\">#ti<\/a> <a href=\"https:\/\/wiy.com.br\/noticias\/categoria\/tecnologia\/\">#tecnoblog<\/a> <a href=\"https:\/\/wiy.com.br\/noticias\/categoria\/tecnologia\/\">#veja<\/a> <a href=\"https:\/\/wiy.com.br\/noticias\/categoria\/tecnologia\/\">#olhardigital<\/a> <a href=\"https:\/\/wiy.com.br\/noticias\/categoria\/tecnologia\/\">#mundodigital<\/a> <a href=\"https:\/\/wiy.com.br\/noticias\/categoria\/tecnologia\/\">#inteligenciaartificial<\/a> <a href=\"https:\/\/wiy.com.br\/criacao-de-sites\/\">#criar site<\/a> <a href=\"https:\/\/wiy.com.br\/criacao-de-sites\/\">#criar site curitiba<\/a> <a href=\"https:\/\/wiy.com.br\/criacao-de-sites\/\">#wiysolutions<\/a><\/p>\n<p><a \n#Conselho #Europa #questiona #proibi\u00e7\u00f5es #generalizadas #redes #sociais #para #menores\n<\/p>\n","protected":false},"excerpt":{"rendered":"<p>O Conselho da Europa divulgou recomenda\u00e7\u00f5es que contestam as proibi\u00e7\u00f5es generalizadas de redes sociais para crian\u00e7as e adolescentes, defendendo uma abordagem mais equilibrada. As diretrizes, adotadas em 8 de abril, alertam que medidas de seguran\u00e7a online devem proteger os menores sem comprometer sua liberdade de express\u00e3o ou acesso digital essencial. Pol\u00edticos em diversos pa\u00edses est\u00e3o [&hellip;]<\/p>\n","protected":false},"author":1,"featured_media":113088,"comment_status":"open","ping_status":"open","sticky":false,"template":"","format":"standard","meta":{"footnotes":""},"categories":[5],"tags":[],"class_list":["post-113087","post","type-post","status-publish","format-standard","has-post-thumbnail","hentry","category-tecnologia"],"_links":{"self":[{"href":"https:\/\/wiy.com.br\/noticias\/wp-json\/wp\/v2\/posts\/113087","targetHints":{"allow":["GET"]}}],"collection":[{"href":"https:\/\/wiy.com.br\/noticias\/wp-json\/wp\/v2\/posts"}],"about":[{"href":"https:\/\/wiy.com.br\/noticias\/wp-json\/wp\/v2\/types\/post"}],"author":[{"embeddable":true,"href":"https:\/\/wiy.com.br\/noticias\/wp-json\/wp\/v2\/users\/1"}],"replies":[{"embeddable":true,"href":"https:\/\/wiy.com.br\/noticias\/wp-json\/wp\/v2\/comments?post=113087"}],"version-history":[{"count":1,"href":"https:\/\/wiy.com.br\/noticias\/wp-json\/wp\/v2\/posts\/113087\/revisions"}],"predecessor-version":[{"id":113089,"href":"https:\/\/wiy.com.br\/noticias\/wp-json\/wp\/v2\/posts\/113087\/revisions\/113089"}],"wp:featuredmedia":[{"embeddable":true,"href":"https:\/\/wiy.com.br\/noticias\/wp-json\/wp\/v2\/media\/113088"}],"wp:attachment":[{"href":"https:\/\/wiy.com.br\/noticias\/wp-json\/wp\/v2\/media?parent=113087"}],"wp:term":[{"taxonomy":"category","embeddable":true,"href":"https:\/\/wiy.com.br\/noticias\/wp-json\/wp\/v2\/categories?post=113087"},{"taxonomy":"post_tag","embeddable":true,"href":"https:\/\/wiy.com.br\/noticias\/wp-json\/wp\/v2\/tags?post=113087"}],"curies":[{"name":"wp","href":"https:\/\/api.w.org\/{rel}","templated":true}]}}