{"id":113048,"date":"2026-04-19T18:52:35","date_gmt":"2026-04-19T21:52:35","guid":{"rendered":"https:\/\/wiy.com.br\/noticias\/o-retorno-de-the-last-of-us-ja-tem-data-de-estreia-e-com-foco-na-abby\/"},"modified":"2026-04-19T18:52:53","modified_gmt":"2026-04-19T21:52:53","slug":"o-retorno-de-the-last-of-us-ja-tem-data-de-estreia-e-com-foco-na-abby","status":"publish","type":"post","link":"https:\/\/wiy.com.br\/noticias\/o-retorno-de-the-last-of-us-ja-tem-data-de-estreia-e-com-foco-na-abby\/","title":{"rendered":"O retorno de The Last of Us j\u00e1 tem data de estr\u00e9ia e com foco na Abby"},"content":{"rendered":"<p> <br \/>\n<\/p>\n<p>O universo p\u00f3s-apocal\u00edptico da HBO est\u00e1 prestes a se expandir com a confirma\u00e7\u00e3o de que <strong>The Last of Us 3\u00aa temporada<\/strong> j\u00e1 iniciou sua produ\u00e7\u00e3o oficial. Com as filmagens ocorrendo no Canad\u00e1 desde mar\u00e7o de 2026, os f\u00e3s aguardam ansiosamente pela continua\u00e7\u00e3o da saga de vingan\u00e7a. A nova fase promete focar na complexidade de Abby, trazendo novos rostos e dilemas morais intensos para a tela.<\/p>\n<h2 class=\"wp-block-heading\" id=\"h-o-que-esperar-da-producao-de-the-last-of-us-3\u00aa-temporada\">O que esperar da produ\u00e7\u00e3o de The Last of Us 3\u00aa temporada?<\/h2>\n<p>De acordo com o <a href=\"https:\/\/www.gamespot.com\/articles\/the-last-of-us-season-3-release-date-trailer-cast-story\/1100-6534454\/\">relato o<\/a><a href=\"https:\/\/www.gamespot.com\/articles\/the-last-of-us-season-3-release-date-trailer-cast-story\/1100-6534454\/\" target=\"_blank\" rel=\"noreferrer noopener\">f<\/a><a href=\"https:\/\/www.gamespot.com\/articles\/the-last-of-us-season-3-release-date-trailer-cast-story\/1100-6534454\/\">icial do Gamespot<\/a>, a HBO acelerou os preparativos para o novo ciclo narrativo da obra, garantindo que a escala cinematogr\u00e1fica seja mantida. A escolha do Canad\u00e1 como base de opera\u00e7\u00f5es reflete a necessidade de cen\u00e1rios vastos e g\u00e9lidos que marcaram a jornada emocional dos personagens no material original.<\/p>\n<p>O foco central desta etapa ser\u00e1 o aprofundamento das consequ\u00eancias deixadas pelos eventos anteriores, explorando novos territ\u00f3rios geogr\u00e1ficos e psicol\u00f3gicos. A equipe t\u00e9cnica j\u00e1 trabalha na ambienta\u00e7\u00e3o de cen\u00e1rios ic\u00f4nicos que devem surpreender tanto os jogadores de longa data quanto os espectadores que acompanham apenas a s\u00e9rie televisiva.<\/p>\n<div style=\"padding-left: 20px\">\n<div style=\"position: relative;border-left: 2px dashed #2d6a4f;padding: 0 0 25px 30px\">\n<div style=\"position: absolute;left: -11px;top: 0;width: 20px;height: 20px;background: #2d6a4f;border-radius: 50%\"><\/div>\n<p>    <span style=\"font-size: 1.1em\">\ud83c\udfa5 <strong>Mar\u00e7o de 2026:<\/strong> In\u00edcio das filmagens oficiais em loca\u00e7\u00f5es estrat\u00e9gicas no Canad\u00e1 para maior fidelidade visual.<\/span>\n  <\/div>\n<div style=\"position: relative;border-left: 2px dashed #2d6a4f;padding: 0 0 25px 30px\">\n<div style=\"position: absolute;left: -11px;top: 0;width: 20px;height: 20px;background: #2d6a4f;border-radius: 50%\"><\/div>\n<p>    <span style=\"font-size: 1.1em\">\ud83c\udf9e\ufe0f <strong>Segundo Semestre 2026:<\/strong> Processo intensivo de p\u00f3s-produ\u00e7\u00e3o, edi\u00e7\u00e3o e inclus\u00e3o de efeitos especiais de \u00faltima gera\u00e7\u00e3o.<\/span>\n  <\/div>\n<div style=\"position: relative;padding: 0 0 0 30px\">\n<div style=\"position: absolute;left: -11px;top: 0;width: 20px;height: 20px;background: #2d6a4f;border-radius: 50%\"><\/div>\n<p>    <span style=\"font-size: 1.1em\">\ud83d\udcfa <strong>In\u00edcio de 2027:<\/strong> Previs\u00e3o de estreia global exclusiva no cat\u00e1logo da Max e nos canais de TV da HBO.<\/span>\n  <\/div>\n<\/div>\n<h2 class=\"wp-block-heading\" id=\"h-quem-sao-os-novos-nomes-no-elenco-da-serie\">Quem s\u00e3o os novos nomes no elenco da s\u00e9rie?<\/h2>\n<p>Uma das maiores surpresas para os f\u00e3s foi a inclus\u00e3o de Patrick Wilson no elenco, um ator conhecido por sua versatilidade em dramas e produ\u00e7\u00f5es de suspense. Embora seu papel ainda esteja sob sigilo, especula-se que ele interpretar\u00e1 uma figura chave na rede de sobreviventes que cruza o caminho dos protagonistas.<\/p>\n<p>Al\u00e9m das novas adi\u00e7\u00f5es, o retorno de rostos familiares garante a continuidade da qu\u00edmica que elevou a s\u00e9rie ao status de fen\u00f4meno cultural. A integra\u00e7\u00e3o entre o elenco original e os novos talentos \u00e9 vista como o pilar fundamental para sustentar a narrativa densa que a terceira temporada se prop\u00f5e a entregar.<\/p>\n<ul>\n<li>Patrick Wilson em um papel de destaque ainda n\u00e3o revelado.<\/li>\n<li>Kaitlyn Dever retornando para expandir a jornada de Abby.<\/li>\n<li>Bella Ramsey confirmada no papel central como Ellie.<\/li>\n<li>Novos atores coadjuvantes escalados para o arco de Seattle.<\/li>\n<\/ul>\n<figure class=\"wp-block-image size-large\"><figcaption class=\"wp-element-caption\">Ator Patrick Wilson integra elenco da nova fase com papel importante sob sigilo total &#8211; HBO Max \/ Divulga\u00e7\u00e3o<\/figcaption><\/figure>\n<h2 class=\"wp-block-heading\" id=\"h-como-sera-o-cronograma-de-lancamento-de-the-last-of-us-3\u00aa-temporada\">Como ser\u00e1 o cronograma de lan\u00e7amento de The Last of Us 3\u00aa temporada?<\/h2>\n<p>O planejamento da Warner Bros. Discovery indica que o processo de grava\u00e7\u00e3o deve se estender por grande parte do ano de 2026, devido \u00e0 complexidade das cenas. A inten\u00e7\u00e3o \u00e9 entregar um produto final que fa\u00e7a jus \u00e0 espera do p\u00fablico, evitando press\u00f5es que possam comprometer a qualidade visual e narrativa.<\/p>\n<p>Com a estreia prevista para o primeiro trimestre de 2027, o intervalo de tempo entre as temporadas segue o padr\u00e3o de grandes produ\u00e7\u00f5es premium da emissora. Abaixo, detalhamos os marcos principais que guiar\u00e3o o desenvolvimento desta nova etapa at\u00e9 que ela chegue \u00e0s telas dos assinantes em todo o mundo.<\/p>\n<div>\n<table style=\"width: 100%;border: 2px solid #2d6a4f;border-radius: 12px;border-collapse: separate;overflow: hidden\">\n<thead>\n<tr style=\"background-color: #1b4332;color: #ffffff\">\n<th style=\"padding: 15px;text-align: left;border-bottom: 2px solid #2d6a4f\">Etapa da Produ\u00e7\u00e3o<\/th>\n<th style=\"padding: 15px;text-align: left;border-bottom: 2px solid #2d6a4f\">Data Estimada<\/th>\n<th style=\"padding: 15px;text-align: left;border-bottom: 2px solid #2d6a4f\">Status Atual<\/th>\n<\/tr>\n<\/thead>\n<tbody>\n<tr>\n<td style=\"padding: 12px;border-bottom: 1px solid #2d6a4f\">Grava\u00e7\u00f5es Principais<\/td>\n<td style=\"padding: 12px;border-bottom: 1px solid #2d6a4f\">Mar\u00e7o de 2026<\/td>\n<td style=\"padding: 12px;border-bottom: 1px solid #2d6a4f\">Em andamento<\/td>\n<\/tr>\n<tr>\n<td style=\"padding: 12px;border-bottom: 1px solid #2d6a4f\">P\u00f3s-Produ\u00e7\u00e3o Digital<\/td>\n<td style=\"padding: 12px;border-bottom: 1px solid #2d6a4f\">Julho de 2026<\/td>\n<td style=\"padding: 12px;border-bottom: 1px solid #2d6a4f\">Agendado<\/td>\n<\/tr>\n<tr>\n<td style=\"padding: 12px\">Lan\u00e7amento no Max<\/td>\n<td style=\"padding: 12px\">In\u00edcio de 2027<\/td>\n<td style=\"padding: 12px\">Confirmado<\/td>\n<\/tr>\n<\/tbody>\n<\/table>\n<\/div>\n<h2 class=\"wp-block-heading\" id=\"h-quais-os-principais-temas-abordados-no-novo-ano\">Quais os principais temas abordados no novo ano?<\/h2>\n<p>A narrativa promete mergulhar nos temas de perd\u00e3o e na impossibilidade de escapar do pr\u00f3prio passado, mantendo o tom sombrio caracter\u00edstico da franquia. A dualidade entre a busca por justi\u00e7a e a espiral de viol\u00eancia continuar\u00e1 a ser o motor que impulsiona as decis\u00f5es dos personagens mais importantes da s\u00e9rie.<\/p>\n<p>Espera-se tamb\u00e9m uma explora\u00e7\u00e3o mais profunda sobre a humanidade daqueles que outrora foram vistos apenas como antagonistas. Ao desafiar as percep\u00e7\u00f5es do espectador sobre o certo e o errado, a trama busca criar uma conex\u00e3o emocional ainda mais forte com os dilemas enfrentados pelos sobreviventes.<\/p>\n<h2 class=\"wp-block-heading\" id=\"h-onde-a-historia-de-abby-se-encaixa-nos-novos-episodios\">Onde a hist\u00f3ria de Abby se encaixa nos novos epis\u00f3dios?<\/h2>\n<p>O foco na Abby sugere que veremos uma perspectiva muito mais \u00edntima de suas motiva\u00e7\u00f5es e dos traumas que moldaram sua personalidade r\u00edgida. A produ\u00e7\u00e3o deve alternar entre o presente e flashbacks que elucidam como ela se tornou uma das figuras mais polarizadoras e complexas deste universo.<\/p>\n<p>Essa abordagem permite que o p\u00fablico entenda as camadas por tr\u00e1s da personagem, transformando a experi\u00eancia em algo que vai al\u00e9m da simples sobreviv\u00eancia. A jornada dela n\u00e3o \u00e9 apenas sobre for\u00e7a f\u00edsica, mas sobre a busca por um prop\u00f3sito em um mundo que parece ter perdido toda a sua ess\u00eancia moral.<\/p>\n<p><strong>Leia mais:<\/strong><\/p>\n<ul>\n<li><strong>The Last of Us<\/strong>: terceira temporada da s\u00e9rie s\u00f3 chega em 2027<\/li>\n<li><strong>The Last of Us<\/strong>: veja o resumo da primeira temporada &#8230; &#8211; Olhar Digital<\/li>\n<li>Tudo o que sabemos da 2\u00aa temporada de&nbsp;<strong>The Last of Us<\/strong><\/li>\n<\/ul>\n<p>O post O retorno de The Last of Us j\u00e1 tem data de estr\u00e9ia e com foco na Abby apareceu primeiro em Olhar Digital.<\/p>\n<p><br \/>\n<br \/><a href=\"https:\/\/olhardigital.com.br\/2026\/04\/19\/curiosidades\/o-retorno-de-the-last-of-us-ja-tem-data-de-estreia-e-com-foco-na-abby\/\">Fonte do Artigo <\/a><br \/>\nTags:<\/p>\n<p><a title=\"Gestor de Tr\u00e1fego\" href=\"https:\/\/www.gestor-de-trafego.com\/\" target=\"_blank\"><strong>Gestor de Tr\u00e1fego<\/strong><\/a><\/p>\n<p><a href=\"https:\/\/wiy.com.br\/noticias\/categoria\/tecnologia\/\">#tecnologia<\/a> <a href=\"https:\/\/wiy.com.br\/noticias\/categoria\/tecnologia\/\">#tecnologias<\/a> <a href=\"https:\/\/wiy.com.br\/noticias\/categoria\/tecnologia\/\">#technology<\/a> <a href=\"https:\/\/wiy.com.br\/noticias\/categoria\/tecnologia\/\">#tecnolog<\/a> <a href=\"https:\/\/wiy.com.br\/noticias\/categoria\/tecnologia\/\">#iphone<\/a> <a href=\"https:\/\/wiy.com.br\/noticias\/categoria\/tecnologia\/\">#informatica<\/a> <a href=\"https:\/\/wiy.com.br\/noticias\/categoria\/tecnologia\/\">#tech<\/a> <a href=\"https:\/\/wiy.com.br\/noticias\/categoria\/tecnologia\/\">#design<\/a> <a href=\"https:\/\/wiy.com.br\/noticias\/categoria\/tecnologia\/\">#samsung<\/a> <a href=\"https:\/\/wiy.com.br\/noticias\/categoria\/tecnologia\/\">#internet<\/a> <a href=\"https:\/\/wiy.com.br\/noticias\/categoria\/tecnologia\/\">#apple<\/a> <a href=\"https:\/\/wiy.com.br\/noticias\/categoria\/tecnologia\/\">#smartphone<\/a> <a href=\"https:\/\/wiy.com.br\/noticias\/categoria\/tecnologia\/\">#seguranca<\/a> <a href=\"https:\/\/wiy.com.br\/noticias\/categoria\/tecnologia\/\">#venezuela<\/a> <a href=\"https:\/\/wiy.com.br\/noticias\/categoria\/tecnologia\/\">#celular<\/a> <a href=\"https:\/\/wiy.com.br\/noticias\/categoria\/tecnologia\/\">#celulares<\/a> <a href=\"https:\/\/wiy.com.br\/noticias\/categoria\/tecnologia\/\">#inovar<\/a> <a href=\"https:\/\/wiy.com.br\/noticias\/categoria\/tecnologia\/\">#qualidade<\/a> <a href=\"https:\/\/wiy.com.br\/noticias\/categoria\/tecnologia\/\">#software<\/a> <a href=\"https:\/\/wiy.com.br\/noticias\/categoria\/tecnologia\/\">#empresas<\/a> <a href=\"https:\/\/wiy.com.br\/noticias\/categoria\/tecnologia\/\">#cursos<\/a> <a href=\"https:\/\/wiy.com.br\/noticias\/categoria\/tecnologia\/\">#engenharia<\/a> <a href=\"https:\/\/wiy.com.br\/noticias\/categoria\/tecnologia\/\">#industria<\/a> <a href=\"https:\/\/wiy.com.br\/noticias\/categoria\/tecnologia\/\">#marketing<\/a> <a href=\"https:\/\/wiy.com.br\/noticias\/categoria\/tecnologia\/\">#ti<\/a> <a href=\"https:\/\/wiy.com.br\/noticias\/categoria\/tecnologia\/\">#tecnoblog<\/a> <a href=\"https:\/\/wiy.com.br\/noticias\/categoria\/tecnologia\/\">#veja<\/a> <a href=\"https:\/\/wiy.com.br\/noticias\/categoria\/tecnologia\/\">#olhardigital<\/a> <a href=\"https:\/\/wiy.com.br\/noticias\/categoria\/tecnologia\/\">#mundodigital<\/a> <a href=\"https:\/\/wiy.com.br\/noticias\/categoria\/tecnologia\/\">#inteligenciaartificial<\/a> <a href=\"https:\/\/wiy.com.br\/criacao-de-sites\/\">#criar site<\/a> <a href=\"https:\/\/wiy.com.br\/criacao-de-sites\/\">#criar site curitiba<\/a> <a href=\"https:\/\/wiy.com.br\/criacao-de-sites\/\">#wiysolutions<\/a><\/p>\n<p><a \n#retorno #j\u00e1 #tem #data #estr\u00e9ia #foco #Abby\n<\/p>\n","protected":false},"excerpt":{"rendered":"<p>O universo p\u00f3s-apocal\u00edptico da HBO est\u00e1 prestes a se expandir com a confirma\u00e7\u00e3o de que The Last of Us 3\u00aa temporada j\u00e1 iniciou sua produ\u00e7\u00e3o oficial. Com as filmagens ocorrendo no Canad\u00e1 desde mar\u00e7o de 2026, os f\u00e3s aguardam ansiosamente pela continua\u00e7\u00e3o da saga de vingan\u00e7a. A nova fase promete focar na complexidade de Abby, [&hellip;]<\/p>\n","protected":false},"author":1,"featured_media":113049,"comment_status":"open","ping_status":"open","sticky":false,"template":"","format":"standard","meta":{"footnotes":""},"categories":[5],"tags":[],"class_list":["post-113048","post","type-post","status-publish","format-standard","has-post-thumbnail","hentry","category-tecnologia"],"_links":{"self":[{"href":"https:\/\/wiy.com.br\/noticias\/wp-json\/wp\/v2\/posts\/113048","targetHints":{"allow":["GET"]}}],"collection":[{"href":"https:\/\/wiy.com.br\/noticias\/wp-json\/wp\/v2\/posts"}],"about":[{"href":"https:\/\/wiy.com.br\/noticias\/wp-json\/wp\/v2\/types\/post"}],"author":[{"embeddable":true,"href":"https:\/\/wiy.com.br\/noticias\/wp-json\/wp\/v2\/users\/1"}],"replies":[{"embeddable":true,"href":"https:\/\/wiy.com.br\/noticias\/wp-json\/wp\/v2\/comments?post=113048"}],"version-history":[{"count":1,"href":"https:\/\/wiy.com.br\/noticias\/wp-json\/wp\/v2\/posts\/113048\/revisions"}],"predecessor-version":[{"id":113050,"href":"https:\/\/wiy.com.br\/noticias\/wp-json\/wp\/v2\/posts\/113048\/revisions\/113050"}],"wp:featuredmedia":[{"embeddable":true,"href":"https:\/\/wiy.com.br\/noticias\/wp-json\/wp\/v2\/media\/113049"}],"wp:attachment":[{"href":"https:\/\/wiy.com.br\/noticias\/wp-json\/wp\/v2\/media?parent=113048"}],"wp:term":[{"taxonomy":"category","embeddable":true,"href":"https:\/\/wiy.com.br\/noticias\/wp-json\/wp\/v2\/categories?post=113048"},{"taxonomy":"post_tag","embeddable":true,"href":"https:\/\/wiy.com.br\/noticias\/wp-json\/wp\/v2\/tags?post=113048"}],"curies":[{"name":"wp","href":"https:\/\/api.w.org\/{rel}","templated":true}]}}