{"id":112617,"date":"2026-04-13T09:48:28","date_gmt":"2026-04-13T12:48:28","guid":{"rendered":"https:\/\/wiy.com.br\/noticias\/sem-previsao-de-chuva-sao-paulo-tera-semana-de-sol-e-calor\/"},"modified":"2026-04-13T09:48:28","modified_gmt":"2026-04-13T12:48:28","slug":"sem-previsao-de-chuva-sao-paulo-tera-semana-de-sol-e-calor","status":"publish","type":"post","link":"https:\/\/wiy.com.br\/noticias\/sem-previsao-de-chuva-sao-paulo-tera-semana-de-sol-e-calor\/","title":{"rendered":"Sem previs\u00e3o de chuva, S\u00e3o Paulo ter\u00e1 semana de sol e calor"},"content":{"rendered":"<p> <br \/>\n<br \/><img title = \"[Tags]\"alt = \"3tres-consultoria-e-criacao-_8V24zLBf4A-unsplash Sem previs\u00e3o de chuva, S\u00e3o Paulo ter\u00e1 semana de sol e calor\"decoding=\"async\" src=\"https:\/\/vejasp.abril.com.br\/wp-content\/uploads\/2026\/04\/3tres-consultoria-e-criacao-_8V24zLBf4A-unsplash.jpg\" \/><\/p>\n<p>A semana dever\u00e1 seguir com a presen\u00e7a de uma massa de ar seco, o que vai garantir <strong>sol e tempo est\u00e1vel<\/strong> na Capital paulista. A temperatura permanece em eleva\u00e7\u00e3o com expectativa de calor durante as tardes.<\/p>\n<p>A manh\u00e3 desta <strong>segunda-feira (13)<\/strong> apresenta predom\u00ednio de sol e r\u00e1pida eleva\u00e7\u00e3o da temperatura na Capital paulista.\u00a0De acordo com as esta\u00e7\u00f5es meteorol\u00f3gicas autom\u00e1ticas do CGE da Prefeitura de S\u00e3o Paulo, a m\u00e9dia da temperatura m\u00ednima registrada na madrugada foi de 16,7\u00b0C.<\/p>\n<div class=\"noreadme-audima ads video-ads\">\n<div class=\"abrAD\" data-format=\"intext_video\"><\/div>\n<\/div>\n<p>Hoje ser\u00e1 mais um dia ensolarado com poucas nuvens e term\u00f4metros em eleva\u00e7\u00e3o.\u00a0No fim da tarde, a entrada da brisa mar\u00edtima favorece o aumento da nebulosidade e a queda da temperatura, por\u00e9m\u00a0n\u00e3o h\u00e1 previs\u00e3o de chuva.\u00a0A m\u00e1xima alcan\u00e7a os 27\u00b0C e os menores \u00edndices de umidade se aproximam dos 35% no meio da tarde.<\/p>\n<h3>Tend\u00eancia para os pr\u00f3ximos dias<\/h3>\n<p>A <strong>ter\u00e7a-feira (14)<\/strong> ser\u00e1 ensolarada e com term\u00f4metros em eleva\u00e7\u00e3o. No fim da tarde, a entrada da brisa mar\u00edtima favorece o aumento de nuvens e a queda da temperatura.\u00a0M\u00ednima de 17\u00b0C e m\u00e1xima de 27\u00b0C. Os menores percentuais de umidade se aproximam dos 35%.<\/p>\n<p>Na <strong>quarta-feira (15)<\/strong>, o cen\u00e1rio se repete com mais um dia de tempo firme e grande amplitude t\u00e9rmica.\u00a0Os term\u00f4metros oscilam entre a m\u00ednima de 16\u00b0C na madrugada e a m\u00e1xima de 28\u00b0C \u00e0 tarde. Os menores \u00edndices de umidade se aproximam dos 30%.<\/p>\n<div class=\"ads post-ads noreadme-audima\">\n    <span class=\"title\">Continua ap\u00f3s a publicidade<\/span><\/p>\n<div class=\"abrAD\" data-format=\"intext\"><\/div>\n<\/div>\n<p><strong>Quinta (16)<\/strong>, os term\u00f4metros ir\u00e3o de 16\u00b0C a 27\u00b0C, em um dia parcialmente nublado e com previs\u00e3o de chuva de 10%.<\/p>\n<p><strong>Sexta (17)<\/strong>, os term\u00f4metros devem ir de 17\u00b0C a 28\u00b0C, com o dia parcialmente ensolarado e sem previs\u00e3o de chuva, at\u00e9 o momento.<\/p>\n<div class=\"ads after-text noreadme-audima\">\n    <span class=\"title\">Publicidade<\/span><\/p>\n<div class=\"abrAD\" data-format=\"aftertext\" data-mapping=\"intext\"><\/div>\n<\/div>\n<p><br \/>\n<br \/><a href=\"https:\/\/vejasp.abril.com.br\/cidades\/sem-previsao-de-chuva-sao-paulo-tera-semana-de-sol-e-calor\/\">Fonte do Artigo <\/a><br \/>\nTags:<br \/>\n#loterias #loteriascaixa #megasena #resultadoapostas#noticias #noticiario  #noticia #brasil #noticiascolombia #mundo #esporte #colombia #noticiadeld #ltimasnoticias  #noticiario #noticiasregionales #noticiasdepartamentales #noticiashoy #esportes #noticiaahora #elinformantenoticias #noticiasdeboyac  #esporteinterativo #esportivo #diariodosesportes  #noticiero  #jogodefutebol #jogos #loto #apostas<\/p>\n","protected":false},"excerpt":{"rendered":"<p>A semana dever\u00e1 seguir com a presen\u00e7a de uma massa de ar seco, o que vai garantir sol e tempo est\u00e1vel na Capital paulista. A temperatura permanece em eleva\u00e7\u00e3o com expectativa de calor durante as tardes. A manh\u00e3 desta segunda-feira (13) apresenta predom\u00ednio de sol e r\u00e1pida eleva\u00e7\u00e3o da temperatura na Capital paulista.\u00a0De acordo com [&hellip;]<\/p>\n","protected":false},"author":1,"featured_media":112618,"comment_status":"open","ping_status":"open","sticky":false,"template":"","format":"standard","meta":{"footnotes":""},"categories":[1],"tags":[],"class_list":["post-112617","post","type-post","status-publish","format-standard","has-post-thumbnail","hentry","category-curso-de-copy"],"_links":{"self":[{"href":"https:\/\/wiy.com.br\/noticias\/wp-json\/wp\/v2\/posts\/112617","targetHints":{"allow":["GET"]}}],"collection":[{"href":"https:\/\/wiy.com.br\/noticias\/wp-json\/wp\/v2\/posts"}],"about":[{"href":"https:\/\/wiy.com.br\/noticias\/wp-json\/wp\/v2\/types\/post"}],"author":[{"embeddable":true,"href":"https:\/\/wiy.com.br\/noticias\/wp-json\/wp\/v2\/users\/1"}],"replies":[{"embeddable":true,"href":"https:\/\/wiy.com.br\/noticias\/wp-json\/wp\/v2\/comments?post=112617"}],"version-history":[{"count":0,"href":"https:\/\/wiy.com.br\/noticias\/wp-json\/wp\/v2\/posts\/112617\/revisions"}],"wp:featuredmedia":[{"embeddable":true,"href":"https:\/\/wiy.com.br\/noticias\/wp-json\/wp\/v2\/media\/112618"}],"wp:attachment":[{"href":"https:\/\/wiy.com.br\/noticias\/wp-json\/wp\/v2\/media?parent=112617"}],"wp:term":[{"taxonomy":"category","embeddable":true,"href":"https:\/\/wiy.com.br\/noticias\/wp-json\/wp\/v2\/categories?post=112617"},{"taxonomy":"post_tag","embeddable":true,"href":"https:\/\/wiy.com.br\/noticias\/wp-json\/wp\/v2\/tags?post=112617"}],"curies":[{"name":"wp","href":"https:\/\/api.w.org\/{rel}","templated":true}]}}