{"id":112468,"date":"2026-04-11T02:17:10","date_gmt":"2026-04-11T05:17:10","guid":{"rendered":"https:\/\/wiy.com.br\/noticias\/artemis-2-saiba-o-que-acontece-com-os-astronautas-apos-chegarem-na-terra\/"},"modified":"2026-04-11T02:17:24","modified_gmt":"2026-04-11T05:17:24","slug":"artemis-2-saiba-o-que-acontece-com-os-astronautas-apos-chegarem-na-terra","status":"publish","type":"post","link":"https:\/\/wiy.com.br\/noticias\/artemis-2-saiba-o-que-acontece-com-os-astronautas-apos-chegarem-na-terra\/","title":{"rendered":"Artemis 2: saiba o que acontece com os astronautas ap\u00f3s chegarem na Terra"},"content":{"rendered":"<p> <br \/>\n<\/p>\n<p>A readapta\u00e7\u00e3o \u00e0 gravidade terrestre ap\u00f3s uma miss\u00e3o espacial <strong>nem sempre<\/strong> \u00e9 simples para os astronautas.<\/p>\n<p>Em entrevista \u00e0 <em><a href=\"https:\/\/edition.cnn.com\/2026\/04\/10\/science\/live-news\/artemis-2-splashdown-astronauts-return?t=1775880721119\" target=\"_blank\" rel=\"noreferrer noopener\">CNN Internacional<\/a><\/em>, <strong>Jason Norcross<\/strong>, cientista-chefe do elemento de Sa\u00fade Humana e Contramedidas do Programa de Pesquisa Humana (HRP, na sigla em ingl\u00eas) da NASA, afirmou que alguns tripulantes enfrentam epis\u00f3dios intensos de <strong>enjoo<\/strong> de adapta\u00e7\u00e3o espacial, o que pode <strong>dificultar<\/strong> o retorno \u00e0s condi\u00e7\u00f5es normais na Terra.<\/p>\n<p>Apesar desse desafio, a situa\u00e7\u00e3o da tripula\u00e7\u00e3o da miss\u00e3o Artemis 2 tende a ser <strong>menos preocupante<\/strong>. Isso porque os astronautas permaneceram no espa\u00e7o por apenas <strong>dez dias<\/strong>, o que deve facilitar a recupera\u00e7\u00e3o e a retomada das atividades no ambiente terrestre.<\/p>\n<p>Al\u00e9m disso, <strong>Christina Kock, Reid Wiseman, Victor Glover e Jeremy Hansen<\/strong> sa\u00edram dos helic\u00f3pteros que os resgataram andando, dispensando o uso de cadeiras de rodas.<\/p>\n<p>Ainda assim, a NASA pretende coletar <strong>dados detalhados<\/strong> sobre as <strong>capacidades f\u00edsicas<\/strong> dos tripulantes imediatamente ap\u00f3s o retorno. O objetivo \u00e9 entender melhor <strong>o que os astronautas conseguem \u2014 ou n\u00e3o \u2014 fazer<\/strong> logo ap\u00f3s miss\u00f5es desse tipo.<\/p>\n<\/p>\n<div class=\"wp-block-image\">\n<figure class=\"aligncenter size-full\"><figcaption class=\"wp-element-caption\">Astronautas sa\u00edram bem dispostos da c\u00e1psula e dispensando uso de cadeira de rodas &#8211; Imagem: NASA<\/figcaption><\/figure>\n<\/div>\n<h2 class=\"wp-block-heading\" id=\"h-como-a-nasa-estuda-os-corpos-dos-astronautas-ao-voltarem-da-artemis-2\">Como a NASA estuda os corpos dos astronautas ao voltarem da Artemis 2?<\/h2>\n<ul>\n<li>Para isso, a ag\u00eancia desenvolveu um teste espec\u00edfico que foi aplicado pouco depois do pouso na \u00e1gua;<\/li>\n<li>A equipe liderada por Norcross elaborou uma s\u00e9rie de avalia\u00e7\u00f5es p\u00f3s-voo que foram realizadas em conjunto com os exames de sa\u00fade da tripula\u00e7\u00e3o;<\/li>\n<li>Entre <strong>uma e quatro horas<\/strong> ap\u00f3s o retorno \u00e0 Terra, os astronautas participam de uma prova curta que inclui <strong>subir uma escada<\/strong> e simular uma <strong>sa\u00edda de emerg\u00eancia<\/strong> de uma c\u00e1psula espacial;<\/li>\n<li>Embora se trate apenas de um experimento, os dados obtidos ajudar\u00e3o a NASA a compreender melhor os limites f\u00edsicos dos astronautas nesse momento cr\u00edtico.<\/li>\n<\/ul>\n<p><strong>Leia mais:<\/strong><\/p>\n<ul>\n<li>Artemis 2: cientistas ficam surpresos com impactos de micrometeoros na Lua<\/li>\n<li>O elo entre Apollo e Artemis: como uma \u00f3rbita em forma de 8 est\u00e1 levando a humanidade de volta \u00e0 Lua<\/li>\n<li>\u201cBeleza e escurid\u00e3o\u201d, astronautas da Artemis 2 contam como \u00e9 o espa\u00e7o profundo<\/li>\n<\/ul>\n<h2 class=\"wp-block-heading\" id=\"h-teste-tambem-e-realizado-antes-do-lancamento\">Teste tamb\u00e9m \u00e9 realizado antes do lan\u00e7amento<\/h2>\n<p>Antes do lan\u00e7amento, a tripula\u00e7\u00e3o j\u00e1 havia realizado o mesmo teste, completando o percurso em cerca de <strong>um minuto<\/strong>. De acordo com Norcross, outros astronautas que passaram por estadias de v\u00e1rios meses na Esta\u00e7\u00e3o Espacial Internacional (ISS, na sigla em ingl\u00eas) tamb\u00e9m conseguiram concluir a avalia\u00e7\u00e3o ap\u00f3s o retorno, geralmente em aproximadamente <strong>90 segundos<\/strong>.<\/p>\n<p>As informa\u00e7\u00f5es coletadas com esses testes devem contribuir para aprimorar o planejamento de futuras miss\u00f5es espaciais, especialmente no que diz respeito \u00e0 <strong>seguran\u00e7a e \u00e0 capacidade de resposta<\/strong> dos astronautas logo ap\u00f3s o retorno \u00e0 Terra.<\/p>\n<p><em>Quer saber mais sobre a jornada da NASA rumo \u00e0 Lua? Confira nossa cobertura especial sobre a Artemis 2.<\/em><\/p>\n<p>O post Artemis 2: saiba o que acontece com os astronautas ap\u00f3s chegarem na Terra apareceu primeiro em Olhar Digital.<\/p>\n<p><br \/>\n<br \/><a href=\"https:\/\/olhardigital.com.br\/2026\/04\/11\/ciencia-e-espaco\/artemis-2-saiba-o-que-acontece-com-os-astronautas-apos-chegarem-na-terra\/\">Fonte do Artigo <\/a><br \/>\nTags:<\/p>\n<p><a title=\"Gestor de Tr\u00e1fego\" href=\"https:\/\/www.gestor-de-trafego.com\/\" target=\"_blank\"><strong>Gestor de Tr\u00e1fego<\/strong><\/a><\/p>\n<p><a href=\"https:\/\/wiy.com.br\/noticias\/categoria\/tecnologia\/\">#tecnologia<\/a> <a href=\"https:\/\/wiy.com.br\/noticias\/categoria\/tecnologia\/\">#tecnologias<\/a> <a href=\"https:\/\/wiy.com.br\/noticias\/categoria\/tecnologia\/\">#technology<\/a> <a href=\"https:\/\/wiy.com.br\/noticias\/categoria\/tecnologia\/\">#tecnolog<\/a> <a href=\"https:\/\/wiy.com.br\/noticias\/categoria\/tecnologia\/\">#iphone<\/a> <a href=\"https:\/\/wiy.com.br\/noticias\/categoria\/tecnologia\/\">#informatica<\/a> <a href=\"https:\/\/wiy.com.br\/noticias\/categoria\/tecnologia\/\">#tech<\/a> <a href=\"https:\/\/wiy.com.br\/noticias\/categoria\/tecnologia\/\">#design<\/a> <a href=\"https:\/\/wiy.com.br\/noticias\/categoria\/tecnologia\/\">#samsung<\/a> <a href=\"https:\/\/wiy.com.br\/noticias\/categoria\/tecnologia\/\">#internet<\/a> <a href=\"https:\/\/wiy.com.br\/noticias\/categoria\/tecnologia\/\">#apple<\/a> <a href=\"https:\/\/wiy.com.br\/noticias\/categoria\/tecnologia\/\">#smartphone<\/a> <a href=\"https:\/\/wiy.com.br\/noticias\/categoria\/tecnologia\/\">#seguranca<\/a> <a href=\"https:\/\/wiy.com.br\/noticias\/categoria\/tecnologia\/\">#venezuela<\/a> <a href=\"https:\/\/wiy.com.br\/noticias\/categoria\/tecnologia\/\">#celular<\/a> <a href=\"https:\/\/wiy.com.br\/noticias\/categoria\/tecnologia\/\">#celulares<\/a> <a href=\"https:\/\/wiy.com.br\/noticias\/categoria\/tecnologia\/\">#inovar<\/a> <a href=\"https:\/\/wiy.com.br\/noticias\/categoria\/tecnologia\/\">#qualidade<\/a> <a href=\"https:\/\/wiy.com.br\/noticias\/categoria\/tecnologia\/\">#software<\/a> <a href=\"https:\/\/wiy.com.br\/noticias\/categoria\/tecnologia\/\">#empresas<\/a> <a href=\"https:\/\/wiy.com.br\/noticias\/categoria\/tecnologia\/\">#cursos<\/a> <a href=\"https:\/\/wiy.com.br\/noticias\/categoria\/tecnologia\/\">#engenharia<\/a> <a href=\"https:\/\/wiy.com.br\/noticias\/categoria\/tecnologia\/\">#industria<\/a> <a href=\"https:\/\/wiy.com.br\/noticias\/categoria\/tecnologia\/\">#marketing<\/a> <a href=\"https:\/\/wiy.com.br\/noticias\/categoria\/tecnologia\/\">#ti<\/a> <a href=\"https:\/\/wiy.com.br\/noticias\/categoria\/tecnologia\/\">#tecnoblog<\/a> <a href=\"https:\/\/wiy.com.br\/noticias\/categoria\/tecnologia\/\">#veja<\/a> <a href=\"https:\/\/wiy.com.br\/noticias\/categoria\/tecnologia\/\">#olhardigital<\/a> <a href=\"https:\/\/wiy.com.br\/noticias\/categoria\/tecnologia\/\">#mundodigital<\/a> <a href=\"https:\/\/wiy.com.br\/noticias\/categoria\/tecnologia\/\">#inteligenciaartificial<\/a> <a href=\"https:\/\/wiy.com.br\/criacao-de-sites\/\">#criar site<\/a> <a href=\"https:\/\/wiy.com.br\/criacao-de-sites\/\">#criar site curitiba<\/a> <a href=\"https:\/\/wiy.com.br\/criacao-de-sites\/\">#wiysolutions<\/a><\/p>\n<p><a \n#Artemis #saiba #acontece #astronautas #ap\u00f3s #chegarem #Terra\n<\/p>\n","protected":false},"excerpt":{"rendered":"<p>A readapta\u00e7\u00e3o \u00e0 gravidade terrestre ap\u00f3s uma miss\u00e3o espacial nem sempre \u00e9 simples para os astronautas. Em entrevista \u00e0 CNN Internacional, Jason Norcross, cientista-chefe do elemento de Sa\u00fade Humana e Contramedidas do Programa de Pesquisa Humana (HRP, na sigla em ingl\u00eas) da NASA, afirmou que alguns tripulantes enfrentam epis\u00f3dios intensos de enjoo de adapta\u00e7\u00e3o espacial, [&hellip;]<\/p>\n","protected":false},"author":1,"featured_media":112469,"comment_status":"open","ping_status":"open","sticky":false,"template":"","format":"standard","meta":{"footnotes":""},"categories":[5],"tags":[],"class_list":["post-112468","post","type-post","status-publish","format-standard","has-post-thumbnail","hentry","category-tecnologia"],"_links":{"self":[{"href":"https:\/\/wiy.com.br\/noticias\/wp-json\/wp\/v2\/posts\/112468","targetHints":{"allow":["GET"]}}],"collection":[{"href":"https:\/\/wiy.com.br\/noticias\/wp-json\/wp\/v2\/posts"}],"about":[{"href":"https:\/\/wiy.com.br\/noticias\/wp-json\/wp\/v2\/types\/post"}],"author":[{"embeddable":true,"href":"https:\/\/wiy.com.br\/noticias\/wp-json\/wp\/v2\/users\/1"}],"replies":[{"embeddable":true,"href":"https:\/\/wiy.com.br\/noticias\/wp-json\/wp\/v2\/comments?post=112468"}],"version-history":[{"count":1,"href":"https:\/\/wiy.com.br\/noticias\/wp-json\/wp\/v2\/posts\/112468\/revisions"}],"predecessor-version":[{"id":112470,"href":"https:\/\/wiy.com.br\/noticias\/wp-json\/wp\/v2\/posts\/112468\/revisions\/112470"}],"wp:featuredmedia":[{"embeddable":true,"href":"https:\/\/wiy.com.br\/noticias\/wp-json\/wp\/v2\/media\/112469"}],"wp:attachment":[{"href":"https:\/\/wiy.com.br\/noticias\/wp-json\/wp\/v2\/media?parent=112468"}],"wp:term":[{"taxonomy":"category","embeddable":true,"href":"https:\/\/wiy.com.br\/noticias\/wp-json\/wp\/v2\/categories?post=112468"},{"taxonomy":"post_tag","embeddable":true,"href":"https:\/\/wiy.com.br\/noticias\/wp-json\/wp\/v2\/tags?post=112468"}],"curies":[{"name":"wp","href":"https:\/\/api.w.org\/{rel}","templated":true}]}}