{"id":112357,"date":"2026-04-09T10:35:09","date_gmt":"2026-04-09T13:35:09","guid":{"rendered":"https:\/\/wiy.com.br\/noticias\/cinema-lancamentos-de-filmes-da-semana-9-de-abril\/"},"modified":"2026-04-09T10:35:09","modified_gmt":"2026-04-09T13:35:09","slug":"cinema-lancamentos-de-filmes-da-semana-9-de-abril","status":"publish","type":"post","link":"https:\/\/wiy.com.br\/noticias\/cinema-lancamentos-de-filmes-da-semana-9-de-abril\/","title":{"rendered":"Cinema: lan\u00e7amentos de filmes da semana (9 de abril)"},"content":{"rendered":"<p> <br \/>\n<\/p>\n<p>Tens\u00e3o pol\u00edtica e feridas familiares marcam as estreias desta semana no cinema. Enquanto produ\u00e7\u00f5es nacionais e estrangeiras revisitam os bastidores do poder, trazendo figuras como Juscelino Kubitschek e Vladimir Putin para o centro do debate sobre conspira\u00e7\u00f5es, diretores veteranos entregam an\u00e1lises melanc\u00f3licas sobre o luto.<\/p>\n<p>O restante do card\u00e1pio tamb\u00e9m traz terror em adapta\u00e7\u00e3o de games e encerramento de trilogia de persegui\u00e7\u00e3o. H\u00e1 espa\u00e7o ainda para produ\u00e7\u00f5es premiadas do cinema nacional e para uma com\u00e9dia religiosa mexicana. No geral, as estreias equilibram o peso de veteranos de Hollywood com produ\u00e7\u00f5es independentes que exploram do misticismo ao crime organizado.<\/p>\n<p>(Veja hor\u00e1rios no cinema mais pr\u00f3ximo em plataformas como <a href=\"https:\/\/www.ingresso.com\" target=\"_blank\" rel=\"noreferrer noopener\">Ingresso.com<\/a> e <a href=\"https:\/\/www.adorocinema.com\/programacao\/\" target=\"_blank\" rel=\"noreferrer noopener\">Adoro Cinema<\/a>)<\/p>\n<h2 class=\"wp-block-heading\" id=\"h-filmes-que-chegam-ao-cinema-nesta-semana-9-de-abril\">Filmes que chegam ao cinema nesta semana (9 de abril)<\/h2>\n<p>Confira trailers e sinopses dos&nbsp;<strong>filmes que chegam \u00e0s telonas nesta quinta-feira (09)<\/strong> no Brasil:<\/p>\n<h3 class=\"wp-block-heading\" id=\"h-os-estranhos-capitulo-final\">Os Estranhos: Cap\u00edtulo Final<\/h3>\n<ul>\n<li><em>Terror | Estados Unidos<\/em><\/li>\n<li><strong>Dire\u00e7\u00e3o:<\/strong>&nbsp;Renny Harlin<\/li>\n<li>O longa encerra a trilogia de <em>reboot<\/em> da franquia de terror. A sobrevivente <strong>Maya<\/strong> (<strong>Madelaine Petsch<\/strong>) volta a ser alvo do trio de assassinos mascarados, mas a persegui\u00e7\u00e3o agora tem um objetivo perturbador: o l\u00edder dos invasores quer transform\u00e1-la num novo membro do bando. O filme foca no limite da resist\u00eancia f\u00edsica e psicol\u00f3gica da protagonista para tentar p\u00f4r fim ao ciclo de viol\u00eancia e tortura.<\/li>\n<\/ul>\n<figure class=\"wp-block-embed is-type-video is-provider-youtube wp-block-embed-youtube wp-embed-aspect-16-9 wp-has-aspect-ratio\">\n<div class=\"wp-block-embed__wrapper\">\n<\/div>\n<\/figure>\n<h3 class=\"wp-block-heading\" id=\"h-the-mortuary-assistant\">The Mortuary Assistant<\/h3>\n<ul>\n<li><em>Terror | Estados Unidos<\/em><\/li>\n<li><strong>Dire\u00e7\u00e3o:<\/strong>&nbsp;Jeremiah Kipp<\/li>\n<li>O ambiente ass\u00e9ptico de um necrot\u00e9rio se torna o cen\u00e1rio do terror baseado no jogo de sucesso. A trama foca em <strong>Rebecca Owens<\/strong> (<strong>Willa Holland<\/strong>), jovem tanatopraxista que v\u00ea sua rotina profissional ser interrompida por manifesta\u00e7\u00f5es demon\u00edacas vindas dos pr\u00f3prios cad\u00e1veres sob seus cuidados. Diferente da din\u00e2mica das telas de jogo, a personagem enfrenta uma amea\u00e7a letal e precisa lutar pela sobreviv\u00eancia enquanto for\u00e7as sobrenaturais tentam domin\u00e1-la durante o expediente noturno no River Fields.<\/li>\n<\/ul>\n<figure class=\"wp-block-embed is-type-video is-provider-youtube wp-block-embed-youtube wp-embed-aspect-16-9 wp-has-aspect-ratio\">\n<div class=\"wp-block-embed__wrapper\">\n<\/div>\n<\/figure>\n<h3 class=\"wp-block-heading\" id=\"h-o-mago-do-kremlin\">O Mago do Kremlin<\/h3>\n<ul>\n<li><em>Suspense | Fran\u00e7a<\/em><\/li>\n<li><strong>Dire\u00e7\u00e3o:<\/strong>&nbsp;Olivier Assayas | <strong>Roteiro:<\/strong> Olivier Assayas e Emmanuel Carr\u00e8re<\/li>\n<li>A adapta\u00e7\u00e3o do livro de Giuliano da Empoli explora os bastidores da pol\u00edtica russa desde o colapso da Uni\u00e3o Sovi\u00e9tica. O foco recai sobre <strong>Vadim Baranov<\/strong> (<strong>Paul Dano<\/strong>), cineasta que assume o papel de mentor de comunica\u00e7\u00e3o de <strong>Vladimir Putin<\/strong> (<strong>Jude Law<\/strong>). Por meio da constru\u00e7\u00e3o de um aparato de desinforma\u00e7\u00e3o que trata a gest\u00e3o do pa\u00eds como espet\u00e1culo midi\u00e1tico, o consultor molda a imagem p\u00fablica que mant\u00e9m o l\u00edder no poder por d\u00e9cadas, enquanto lida com o desgaste \u00e9tico de operar no centro da engrenagem estatal.<\/li>\n<\/ul>\n<figure class=\"wp-block-embed is-type-video is-provider-youtube wp-block-embed-youtube wp-embed-aspect-16-9 wp-has-aspect-ratio\">\n<div class=\"wp-block-embed__wrapper\">\n<\/div>\n<\/figure>\n<h3 class=\"wp-block-heading\" id=\"h-pai-mae-irma-irmao\">Pai M\u00e3e Irm\u00e3 Irm\u00e3o<\/h3>\n<ul>\n<li><em>Drama | Com\u00e9dia | Alemanha, Estados Unidos, Fran\u00e7a, Irlanda e It\u00e1lia<\/em><\/li>\n<li><strong>Dire\u00e7\u00e3o e roteiro:<\/strong>&nbsp;Jim Jarmusch<\/li>\n<li>O filme traz uma trilogia de hist\u00f3rias sobre luto e distanciamento familiar. O primeiro segmento acompanha os irm\u00e3os interpretados por <strong>Mayim Bialik<\/strong> e <strong>Adam Driver<\/strong> numa visita ao pai (<strong>Tom Waits<\/strong>) no interior dos Estados Unidos. Na sequ\u00eancia, em Dublin, as filhas vividas por <strong>Vicky Krieps<\/strong> e <strong>Cate Blanchett<\/strong> tentam romper a frieza da m\u00e3e (<strong>Charlotte Rampling<\/strong>). J\u00e1 o cap\u00edtulo final foca num casal de g\u00eameos (<strong>Indya Moore<\/strong> e <strong>Luka Sabbat<\/strong>) que se reencontra em Paris para lidar com os pertences dos pais mortos num acidente.<\/li>\n<\/ul>\n<figure class=\"wp-block-embed is-type-video is-provider-youtube wp-block-embed-youtube wp-embed-aspect-16-9 wp-has-aspect-ratio\">\n<div class=\"wp-block-embed__wrapper\">\n<\/div>\n<\/figure>\n<h3 class=\"wp-block-heading\" id=\"h-a-conspiracao-condor\">A Conspira\u00e7\u00e3o Condor<\/h3>\n<ul>\n<li><em>Drama | Suspense | Brasil<\/em><\/li>\n<li><strong>Dire\u00e7\u00e3o:<\/strong>&nbsp;Andr\u00e9 Sturm | <strong>Roteiro:<\/strong> Andr\u00e9 Sturm e Victor Bonini<\/li>\n<li>As mortes suspeitas de Juscelino Kubitschek e Jo\u00e3o Goulart em 1976 servem de ponto de partida para este thriller pol\u00edtico. Na trama, a jornalista <strong>Silvana<\/strong> (<strong>Mel Lisboa<\/strong>) rejeita a tese de coincid\u00eancia e decide investigar se os \u00f3bitos foram, na verdade, assassinatos planejados pelo regime militar. Acompanhada por um colega de reda\u00e7\u00e3o (<strong>Dan Stulbach<\/strong>), a rep\u00f3rter confronta o sistema de repress\u00e3o da \u00e9poca numa busca por respostas que coloca sua pr\u00f3pria seguran\u00e7a em risco.<\/li>\n<\/ul>\n<figure class=\"wp-block-embed is-type-video is-provider-youtube wp-block-embed-youtube wp-embed-aspect-16-9 wp-has-aspect-ratio\">\n<div class=\"wp-block-embed__wrapper\">\n<\/div>\n<\/figure>\n<h3 class=\"wp-block-heading\" id=\"h-cinco-tipos-de-medo\">Cinco Tipos de Medo<\/h3>\n<ul>\n<li><em>A\u00e7\u00e3o | Brasil<\/em><\/li>\n<li><strong>Dire\u00e7\u00e3o e roteiro:<\/strong>&nbsp;Bruno Bini<\/li>\n<li>Vencedor do Festival de Gramado, o thriller <em>Cinco Tipos de Medo<\/em> narra o perigoso tri\u00e2ngulo amoroso entre o m\u00fasico <strong>Murilo<\/strong> (<strong>Jo\u00e3o Vitor Silva<\/strong>), a enfermeira <strong>Marlene<\/strong> (<strong>Bella Campos<\/strong>) e o traficante <strong>Sapinho<\/strong> (<strong>Xam\u00e3<\/strong>). Ambientada em Cuiab\u00e1, a trama exp\u00f5e o conflito entre o desejo do casal e o controle violento exercido pelo criminoso sobre a comunidade onde vivem. A tens\u00e3o escala com a persegui\u00e7\u00e3o da policial <strong>Luciana<\/strong> (<strong>B\u00e1rbara Colen<\/strong>), que busca vingan\u00e7a pessoal contra o bando.<\/li>\n<\/ul>\n<figure class=\"wp-block-embed is-type-video is-provider-youtube wp-block-embed-youtube wp-embed-aspect-16-9 wp-has-aspect-ratio\">\n<div class=\"wp-block-embed__wrapper\">\n<\/div>\n<\/figure>\n<h3 class=\"wp-block-heading\" id=\"h-a-mulher-que-chora\">A Mulher que Chora<\/h3>\n<ul>\n<li><em>Drama | Brasil<\/em><\/li>\n<li><strong>Dire\u00e7\u00e3o e roteiro:<\/strong>&nbsp;George Walker Torres<\/li>\n<li>A solid\u00e3o infantil e o misticismo latino-americano conduzem a trama do filme. Na hist\u00f3ria, o pequeno <strong>Miguel<\/strong> (<strong>Zayan Medeiros<\/strong>) lida com o distanciamento da m\u00e3e, <strong>Elena<\/strong> (<strong>Julia Stockler<\/strong>), aproximando-se da empregada dom\u00e9stica venezuelana <strong>Carmen<\/strong> (<strong>Samantha Castillo<\/strong>). Ao ouvir lendas sobre um fantasma que chora por seus filhos, o menino passa a confundir o folclore com as ang\u00fastias reais das mulheres ao seu redor.<\/li>\n<\/ul>\n<figure class=\"wp-block-embed is-type-video is-provider-youtube wp-block-embed-youtube wp-embed-aspect-16-9 wp-has-aspect-ratio\">\n<div class=\"wp-block-embed__wrapper\">\n<\/div>\n<\/figure>\n<p><strong>Leia mais:<\/strong><\/p>\n<ul>\n<li>Amazon Prime Video: lan\u00e7amentos da semana (6 a 12 de abril)<\/li>\n<li>Disney+: lan\u00e7amentos da semana (6 a 12 de abril)<\/li>\n<li>HBO Max: lan\u00e7amentos da semana (6 a 12 de abril)<\/li>\n<li>Netflix: lan\u00e7amentos da semana (6 a 12 de abril)<\/li>\n<\/ul>\n<h3 class=\"wp-block-heading\" id=\"h-a-familia-da-fe\">A Fam\u00edlia da F\u00e9<\/h3>\n<ul>\n<li><em>Com\u00e9dia | M\u00e9xico<\/em><\/li>\n<li><strong>Dire\u00e7\u00e3o:<\/strong>&nbsp;Julio Rom\u00e1n<\/li>\n<li>A com\u00e9dia mexicana acompanha a rotina de uma fam\u00edlia dedicada \u00e0 administra\u00e7\u00e3o de uma igreja evang\u00e9lica. O filme utiliza o formato de com\u00e9dia de confus\u00f5es para ilustrar o choque entre os valores dos protagonistas e as pessoas que n\u00e3o compartilham de sua cren\u00e7a, focando em temas como reden\u00e7\u00e3o e uni\u00e3o.<\/li>\n<\/ul>\n<figure class=\"wp-block-embed is-type-video is-provider-youtube wp-block-embed-youtube wp-embed-aspect-16-9 wp-has-aspect-ratio\">\n<div class=\"wp-block-embed__wrapper\">\n<\/div>\n<\/figure>\n<p>O post Cinema: lan\u00e7amentos de filmes da semana (9 de abril) apareceu primeiro em Olhar Digital.<\/p>\n<p><br \/>\n<br \/><a href=\"https:\/\/olhardigital.com.br\/2026\/04\/09\/cinema-e-streaming\/cinema-lancamentos-de-filmes-da-semana-9-de-abril\/\">Fonte do Artigo <\/a><br \/>\nTags:<\/p>\n<p><a title=\"Gestor de Tr\u00e1fego\" href=\"https:\/\/www.gestor-de-trafego.com\/\" target=\"_blank\"><strong>Gestor de Tr\u00e1fego<\/strong><\/a><\/p>\n<p><a href=\"https:\/\/wiy.com.br\/noticias\/categoria\/tecnologia\/\">#tecnologia<\/a> <a href=\"https:\/\/wiy.com.br\/noticias\/categoria\/tecnologia\/\">#tecnologias<\/a> <a href=\"https:\/\/wiy.com.br\/noticias\/categoria\/tecnologia\/\">#technology<\/a> <a href=\"https:\/\/wiy.com.br\/noticias\/categoria\/tecnologia\/\">#tecnolog<\/a> <a href=\"https:\/\/wiy.com.br\/noticias\/categoria\/tecnologia\/\">#iphone<\/a> <a href=\"https:\/\/wiy.com.br\/noticias\/categoria\/tecnologia\/\">#informatica<\/a> <a href=\"https:\/\/wiy.com.br\/noticias\/categoria\/tecnologia\/\">#tech<\/a> <a href=\"https:\/\/wiy.com.br\/noticias\/categoria\/tecnologia\/\">#design<\/a> <a href=\"https:\/\/wiy.com.br\/noticias\/categoria\/tecnologia\/\">#samsung<\/a> <a href=\"https:\/\/wiy.com.br\/noticias\/categoria\/tecnologia\/\">#internet<\/a> <a href=\"https:\/\/wiy.com.br\/noticias\/categoria\/tecnologia\/\">#apple<\/a> <a href=\"https:\/\/wiy.com.br\/noticias\/categoria\/tecnologia\/\">#smartphone<\/a> <a href=\"https:\/\/wiy.com.br\/noticias\/categoria\/tecnologia\/\">#seguranca<\/a> <a href=\"https:\/\/wiy.com.br\/noticias\/categoria\/tecnologia\/\">#venezuela<\/a> <a href=\"https:\/\/wiy.com.br\/noticias\/categoria\/tecnologia\/\">#celular<\/a> <a href=\"https:\/\/wiy.com.br\/noticias\/categoria\/tecnologia\/\">#celulares<\/a> <a href=\"https:\/\/wiy.com.br\/noticias\/categoria\/tecnologia\/\">#inovar<\/a> <a href=\"https:\/\/wiy.com.br\/noticias\/categoria\/tecnologia\/\">#qualidade<\/a> <a href=\"https:\/\/wiy.com.br\/noticias\/categoria\/tecnologia\/\">#software<\/a> <a href=\"https:\/\/wiy.com.br\/noticias\/categoria\/tecnologia\/\">#empresas<\/a> <a href=\"https:\/\/wiy.com.br\/noticias\/categoria\/tecnologia\/\">#cursos<\/a> <a href=\"https:\/\/wiy.com.br\/noticias\/categoria\/tecnologia\/\">#engenharia<\/a> <a href=\"https:\/\/wiy.com.br\/noticias\/categoria\/tecnologia\/\">#industria<\/a> <a href=\"https:\/\/wiy.com.br\/noticias\/categoria\/tecnologia\/\">#marketing<\/a> <a href=\"https:\/\/wiy.com.br\/noticias\/categoria\/tecnologia\/\">#ti<\/a> <a href=\"https:\/\/wiy.com.br\/noticias\/categoria\/tecnologia\/\">#tecnoblog<\/a> <a href=\"https:\/\/wiy.com.br\/noticias\/categoria\/tecnologia\/\">#veja<\/a> <a href=\"https:\/\/wiy.com.br\/noticias\/categoria\/tecnologia\/\">#olhardigital<\/a> <a href=\"https:\/\/wiy.com.br\/noticias\/categoria\/tecnologia\/\">#mundodigital<\/a> <a href=\"https:\/\/wiy.com.br\/noticias\/categoria\/tecnologia\/\">#inteligenciaartificial<\/a> <a href=\"https:\/\/wiy.com.br\/criacao-de-sites\/\">#criar site<\/a> <a href=\"https:\/\/wiy.com.br\/criacao-de-sites\/\">#criar site curitiba<\/a> <a href=\"https:\/\/wiy.com.br\/criacao-de-sites\/\">#wiysolutions<\/a><\/p>\n<p><a \n#Cinema #lan\u00e7amentos #filmes #semana #abril\n<\/p>\n","protected":false},"excerpt":{"rendered":"<p>Tens\u00e3o pol\u00edtica e feridas familiares marcam as estreias desta semana no cinema. Enquanto produ\u00e7\u00f5es nacionais e estrangeiras revisitam os bastidores do poder, trazendo figuras como Juscelino Kubitschek e Vladimir Putin para o centro do debate sobre conspira\u00e7\u00f5es, diretores veteranos entregam an\u00e1lises melanc\u00f3licas sobre o luto. O restante do card\u00e1pio tamb\u00e9m traz terror em adapta\u00e7\u00e3o de [&hellip;]<\/p>\n","protected":false},"author":1,"featured_media":0,"comment_status":"open","ping_status":"open","sticky":false,"template":"","format":"standard","meta":{"footnotes":""},"categories":[5],"tags":[],"class_list":["post-112357","post","type-post","status-publish","format-standard","hentry","category-tecnologia"],"_links":{"self":[{"href":"https:\/\/wiy.com.br\/noticias\/wp-json\/wp\/v2\/posts\/112357","targetHints":{"allow":["GET"]}}],"collection":[{"href":"https:\/\/wiy.com.br\/noticias\/wp-json\/wp\/v2\/posts"}],"about":[{"href":"https:\/\/wiy.com.br\/noticias\/wp-json\/wp\/v2\/types\/post"}],"author":[{"embeddable":true,"href":"https:\/\/wiy.com.br\/noticias\/wp-json\/wp\/v2\/users\/1"}],"replies":[{"embeddable":true,"href":"https:\/\/wiy.com.br\/noticias\/wp-json\/wp\/v2\/comments?post=112357"}],"version-history":[{"count":0,"href":"https:\/\/wiy.com.br\/noticias\/wp-json\/wp\/v2\/posts\/112357\/revisions"}],"wp:attachment":[{"href":"https:\/\/wiy.com.br\/noticias\/wp-json\/wp\/v2\/media?parent=112357"}],"wp:term":[{"taxonomy":"category","embeddable":true,"href":"https:\/\/wiy.com.br\/noticias\/wp-json\/wp\/v2\/categories?post=112357"},{"taxonomy":"post_tag","embeddable":true,"href":"https:\/\/wiy.com.br\/noticias\/wp-json\/wp\/v2\/tags?post=112357"}],"curies":[{"name":"wp","href":"https:\/\/api.w.org\/{rel}","templated":true}]}}