{"id":112194,"date":"2026-04-07T00:27:25","date_gmt":"2026-04-07T03:27:25","guid":{"rendered":"https:\/\/wiy.com.br\/noticias\/artemis-2-saiba-como-foi-o-sexto-dia-da-missao-rumo-a-lua\/"},"modified":"2026-04-07T00:27:57","modified_gmt":"2026-04-07T03:27:57","slug":"artemis-2-saiba-como-foi-o-sexto-dia-da-missao-rumo-a-lua","status":"publish","type":"post","link":"https:\/\/wiy.com.br\/noticias\/artemis-2-saiba-como-foi-o-sexto-dia-da-missao-rumo-a-lua\/","title":{"rendered":"Artemis 2: saiba como foi o sexto dia da miss\u00e3o rumo \u00e0 Lua"},"content":{"rendered":"<p> <br \/>\n<\/p>\n<p>Nesta segunda-feira (6), a miss\u00e3o Artemis 2, da NASA, chegou ao seu sexto dia e alcan\u00e7ou muitos marcos importantes. Houve recordes quebrados e at\u00e9 o vislumbre de um eclipse solar total e exclusivo.<\/p>\n<p>A tripula\u00e7\u00e3o foi despertada na manh\u00e3 desta sgeunda-feira (6) com uma\u00a0mensagem especial\u00a0gravada pelo astronauta veterano da NASA Jim Lovell, falecido no ano passado. Ele participou das miss\u00f5es Apollo 8, a primeira a atingir o lado oculto da Lua, e tamb\u00e9m da 13, antiga recordista de dist\u00e2ncia da Terra.<\/p>\n<p>Durante o dia, a miss\u00e3o Artemis 2 superou o recorde de cerca de 400 mil km de dist\u00e2ncia da Terra atingido em 1970 pela miss\u00e3o Apollo 13. Isso aconteceu \u00e0s 14h56 (pelo hor\u00e1rio de Bras\u00edlia). Cerca de 10 minutos mais tarde, os astronautas da NASA Reid Wiseman, Victor Glover e Christina Koch, e Jeremy Hansen, da Ag\u00eancia Espacial Canadense (CSA), iniciaram oficialmente suas observa\u00e7\u00f5es lunares, com dura\u00e7\u00e3o de aproximadamente sete horas.<\/p>\n<p>Poucos minutos ap\u00f3s a aproxima\u00e7\u00e3o da Lua, Koch compartilhou suas primeiras impress\u00f5es da miss\u00e3o. \u201cUm dos relatos da tripula\u00e7\u00e3o nas janelas \u00e9 que, neste momento, conseguimos ver a Lua e a Terra ao mesmo tempo\u201d, disse ela. \u201c\u00c9 interessante, porque a Terra parece muito mais brilhante. Portanto, a pr\u00f3pria Terra parece ter um albedo muito maior do que a Lua.\u201d<\/p>\n<p>Albedo \u00e9 o brilho de uma superf\u00edcie, medindo quanto da luz solar \u00e9 refletida. Koch explicou que essa diferen\u00e7a n\u00e3o se deve ao tamanho aparente dos astros. \u201cAcreditamos que isso seja independente do foco dos nossos olhos, porque, obviamente, a Terra \u00e9 muito menor que a Lua em nossa vis\u00e3o. Como estamos vendo ambas no mesmo campo de vis\u00e3o, acreditamos que isso pode ser inferido como resultado de que a Terra, como um todo, possui um albedo maior.\u201d<\/p>\n<p>O l\u00edder da Artemis 2, Jeremy Hansen, aproveitou para fazer uma homenagem p\u00f3stuma, dedicando uma das crateras lunares \u00e0 esposa de um dos membros, que morreu de c\u00e2ncer em 2020. \u201cO nome dela era Carroll, esposa de Reid, m\u00e3e de Katie e Ellie\u201d, disse o comandante enquanto os astronautas a bordo enxugavam as l\u00e1grimas.<\/p>\n<p>A cratera Carroll, rec\u00e9m-dedicada, pode ser encontrada perto da cratera Glushko, \u201clogo a noroeste desta, na mesma latitude da Terra\u201d, disse Hansen, acrescentando que \u201c\u00e9 um ponto brilhante na Lua\u201d, vis\u00edvel da Terra. As filhas e a fam\u00edlia de Wiseman estavam presentes na sala de controle da miss\u00e3o durante a passagem pela Lua.<\/p>\n<p>Entre 19h43 e 20h25 (hor\u00e1rios de Bras\u00edlia), a equipe em solo perdeu comunica\u00e7\u00e3o com a equipe, mas isso j\u00e1 era esperado, pois a c\u00e1psula estava passando atr\u00e1s da Lua nesta segunda-feira (6), o que bloqueia os sinais de r\u00e1dio necess\u00e1rios para manter o contato com a Terra.<\/p>\n<p>Conforme previsto, a interrup\u00e7\u00e3o das comunica\u00e7\u00f5es durou cerca de 40 minutos. Durante esse per\u00edodo, a sonda Orion fez a maior aproxima\u00e7\u00e3o da Lua, passando a uma altitude estimada de 6.546 km, o que,\u00a0<a href=\"https:\/\/www.nasa.gov\/blogs\/missions\/2026\/04\/06\/artemis-ii-flight-day-6-lunar-flyby-updates\/\" target=\"_blank\" rel=\"noreferrer noopener\">segundo a NASA<\/a>, aconteceu \u00e0s 20h.<\/p>\n<p>Apenas dois minutos depois, \u00e0s 20h02, os astronautas alcan\u00e7aram o ponto mais longe da Terra em toda a miss\u00e3o, a 406.800 km \u2013 a maior dist\u00e2ncia do planeta j\u00e1 atingida por qualquer ser humano.<\/p>\n<p>Para fechar o dia com chave de ouro, os quatro astronautas acompanharam, durante quase uma hora, um eclipse solar total. O evento foi diferente do comum, pois o fen\u00f4meno n\u00e3o p\u00f4de ser visto da Terra e foi muito mais longo do que os eclipses tradicionais.<\/p>\n<p>O eclipse come\u00e7ou \u00e0s\u00a0<strong>21h35<\/strong>\u00a0e terminou \u00e0s\u00a0<strong>22h32<\/strong>\u00a0(hor\u00e1rios de Bras\u00edlia), cerca de\u00a0<strong>90 minutos<\/strong>\u00a0ap\u00f3s a espa\u00e7onave Orion atingir sua\u00a0<strong>maior dist\u00e2ncia da Terra<\/strong>.<\/p>\n<p>A equipe da Artemis 2 aproveitou o eclipse para fazer mais an\u00e1lises sobre a topografia da superf\u00edcie lunar e observar a coroa do Sol, algo que n\u00e3o \u00e9 poss\u00edvel da Terra por conta do forte brilho da estrela.<\/p>\n<p>Durante o fen\u00f4meno, os astronautas relataram ter visto quatro flashes de impacto (rochas espaciais atingem a Lua e criam um flash de luz) e filamentos, que descreveram como \u201cfios de cabelo\u201d, na coroa solar, vis\u00edveis ao redor da Lua.<\/p>\n<\/p>\n<div class=\"wp-block-image\">\n<figure class=\"aligncenter size-large\"><figcaption class=\"wp-element-caption\">Momento final do eclipse, no qual o Sol come\u00e7a a aparecer &#8211; Imagem: Reprodu\u00e7\u00e3o\/NASA<\/figcaption><\/figure>\n<\/div>\n<p><strong>Leia mais:<\/strong><\/p>\n<ul>\n<li>Artemis 2: NASA revela foto in\u00e9dita de regi\u00e3o inteira da Lua<\/li>\n<li>Artemis 2 vai quebrar recorde de dist\u00e2ncia percorrida por humanos no espa\u00e7o<\/li>\n<li>Por que a miss\u00e3o Artemis 2 n\u00e3o vai pousar na Lua?<\/li>\n<\/ul>\n<h2 class=\"wp-block-heading\" id=\"h-linha-do-tempo-o-que-aconteceu-dia-a-dia-na-missao-artemis-2\"><strong>Linha do tempo: o que aconteceu dia a dia na miss\u00e3o Artemis 2<\/strong><\/h2>\n<h3 class=\"wp-block-heading\" id=\"h-dia-1-1\u00ba-de-abril-o-retorno-ao-espaco-profundo\"><strong>Dia 1 (1\u00ba de abril): o retorno ao espa\u00e7o profundo<\/strong><\/h3>\n<ul>\n<li><strong>Supera\u00e7\u00e3o de obst\u00e1culos:<\/strong>\u00a0antes da decolagem,\u00a0a NASA precisou corrigir uma falha de \u00faltima hora\u00a0no sistema de destrui\u00e7\u00e3o do foguete. Entenda o problema t\u00e9cnico que quase adiou a miss\u00e3o;<\/li>\n<li><strong>O lan\u00e7amento:<\/strong>\u00a0\u00e0s 19h35 (hor\u00e1rio de Bras\u00edlia), o superfoguete SLS decolou da Fl\u00f3rida, levando quatro astronautas a bordo. Saiba\u00a0como foi o lan\u00e7amento hist\u00f3rico aqui;<\/li>\n<li><strong>Pain\u00e9is solares:<\/strong>\u00a0pouco ap\u00f3s entrar em \u00f3rbita, a\u00a0Orion abriu seus quatro pain\u00e9is solares\u00a0em formato de \u201cX\u201d, garantindo os 11 quilowatts de energia necess\u00e1rios para a viagem;<\/li>\n<li><strong>Ajuste de \u00f3rbita:<\/strong>\u00a0a nave realizou uma manobra de eleva\u00e7\u00e3o, estabelecendo uma \u00f3rbita el\u00edptica entre 185 km e 2.222 km de altitude para testes iniciais de sistemas.<\/li>\n<\/ul>\n<h3 class=\"wp-block-heading\" id=\"h-dia-2-2-de-abril-o-chute-rumo-a-lua\"><strong>Dia 2 (2 de abril): o \u201cchute\u201d rumo \u00e0 Lua<\/strong><\/h3>\n<ul>\n<li><strong>Rotina e exerc\u00edcios:<\/strong>\u00a0a tripula\u00e7\u00e3o testou o novo dispositivo de exerc\u00edcios\u00a0<em>flywheel<\/em>\u00a0e despertou ao som de \u201cGreen Light\u201d, de John Legend, escolhida pelo controle de miss\u00e3o;<\/li>\n<li><strong>\u201cEncanadora espacial\u201d:<\/strong>\u00a0a astronauta Christina Koch realizou um\u00a0reparo de emerg\u00eancia no sistema sanit\u00e1rio da nave, garantindo o conforto da tripula\u00e7\u00e3o para o restante da viagem. Em v\u00eddeo, a\u00a0astronauta conta como consertou\u00a0o banheiro da Artemis 2;<\/li>\n<li><strong>Inje\u00e7\u00e3o Translunar (TLI):<\/strong>\u00a0\u00e0s 20h49 (Bras\u00edlia), a\u00a0Orion acionou seus motores por quase seis minutos, saindo da \u00f3rbita da Terra e entrando oficialmente na trajet\u00f3ria de cruzeiro para a Lua. Entenda em detalhes\u00a0o que \u00e9 a manobra que colocou a Orion na rota lunar.<\/li>\n<\/ul>\n<h3 class=\"wp-block-heading\" id=\"h-dia-3-3-de-abril-chegando-cada-vez-mais-perto\"><strong>Dia 3 (3 de abril): chegando cada vez mais perto<\/strong><\/h3>\n<ul>\n<li>A equipe testou v\u00e1rios\u00a0equipamentos de primeiros socorros, como term\u00f4metro, monitor de press\u00e3o arterial, estetosc\u00f3pio e otosc\u00f3pio;<\/li>\n<li>Realizaram testes no sistema de comunica\u00e7\u00f5es de emerg\u00eancia da Orion com a Rede de Espa\u00e7o Profundo da NASA;<\/li>\n<li>Tamb\u00e9m puderam conversar com a imprensa e familiares, destacando suas primeiras impress\u00f5es sobre o espa\u00e7o e a Terra vista de longe;<\/li>\n<li>Com a realiza\u00e7\u00e3o da TLI um dia antes, a Orion\u00a0entrou na chamada magnetocauda, extens\u00e3o do campo magn\u00e9tico do planeta, semelhante a um cometa, que se estende por milh\u00f5es de quil\u00f4metros, formada pelo vento solar que comprime e alonga o campo magn\u00e9tico.<\/li>\n<\/ul>\n<h3 class=\"wp-block-heading\" id=\"h-dia-4-4-de-abril-a-pilotagem-manual-da-orion\"><strong>Dia 4 (4 de abril): a pilotagem manual da Orion<\/strong><\/h3>\n<ul>\n<li>No quarto dia de miss\u00e3o, cada membro da tripula\u00e7\u00e3o teve uma hora dedicada \u00e0 revis\u00e3o dos alvos geogr\u00e1ficos que dever\u00e3o fotografar no sexto dia de voo;<\/li>\n<li>A equipe tamb\u00e9m teve que resolver problemas no banheiro da c\u00e1psula Orion. A\u00a0resolu\u00e7\u00e3o foi parcial;<\/li>\n<li>Durante a noite, os astronautas Christina Koch, da NASA, e Jeremy Hansen, da Ag\u00eancia Espacial Canadense (CSA), realizaram\u00a0um teste de pilotagem manual da nave. Eles se revezaram no comando da Orion e executaram manobras em dois modos distintos de propuls\u00e3o;<\/li>\n<li>Paralelamente, os astronautas analisaram uma lista de alvos fornecida pela equipe de ci\u00eancia lunar. O material re\u00fane caracter\u00edsticas da superf\u00edcie da Lua que ser\u00e3o registradas durante o sobrevoo previsto para segunda-feira (6).\u00a0<\/li>\n<\/ul>\n<h3 class=\"wp-block-heading\" id=\"h-dia-5-5-de-abril-a-pilotagem-manual-da-orion\"><strong>Dia 5 (5 de abril): a pilotagem manual da Orion<\/strong><\/h3>\n<ul>\n<li><strong>Testes dos trajes:\u00a0<\/strong>a tripula\u00e7\u00e3o dedicou grande parte da manh\u00e3 a avaliar o Sistema de Sobreviv\u00eancia da Tripula\u00e7\u00e3o Orion em ambiente espacial;<\/li>\n<li><strong>Opera\u00e7\u00e3o in\u00e9dita:\u00a0<\/strong>os astronautas se tornaram\u00a0os primeiros a vestir e operar os novos trajes no espa\u00e7o, testando rapidez e pressuriza\u00e7\u00e3o em emerg\u00eancias;<\/li>\n<li><strong>Corre\u00e7\u00e3o de trajet\u00f3ria:<\/strong>\u00a0a Orion executou com sucesso a queima final (que seria a terceira) para ajustar o curso rumo \u00e0 Lua.<\/li>\n<\/ul>\n<h3 class=\"wp-block-heading\" id=\"h-dia-6-6-de-abril-quebra-de-recordes-e-vislumbre-de-um-eclipse-solar-total\"><strong>Dia 6 (6 de abril): quebra de recordes e vislumbre de um eclipse solar total<\/strong><\/h3>\n<ul>\n<li>Os tripulantes a bordo da c\u00e1psula Orion bateram o recorde de dist\u00e2ncia percorrida por algu\u00e9m a partir da Terra, quebrando o recorde (400 mil km) estabelecido em 1970 pela tripula\u00e7\u00e3o da Apollo 13;<\/li>\n<li>A equipe sobrevoou a Lua e fez an\u00e1lises sobre sua topografia e batizou uma cratera;<\/li>\n<li>No fim do dia, durante quase uma hora, eles puderam acompanhar um eclipse solar total que s\u00f3 p\u00f4de ser visto por eles. Eles aproveitaram para observar mais a Lua e o Sol. <\/li>\n<\/ul>\n<h2 class=\"wp-block-heading\" id=\"h-artemis-2-o-que-esta-planejado-para-os-proximos-dias\"><strong>Artemis 2: o que est\u00e1 planejado para os pr\u00f3ximos dias<\/strong><\/h2>\n<p>A ag\u00eancia espacial dos Estados Unidos\u00a0<a href=\"https:\/\/www.nasa.gov\/missions\/artemis\/nasas-artemis-ii-moon-mission-daily-agenda\/\" target=\"_blank\" rel=\"noreferrer noopener\">detalhou o plano de dez dias da miss\u00e3o Artemis\u00a0<\/a>2. Confira abaixo:<\/p>\n<h3 class=\"wp-block-heading\" id=\"h-dia-7\">Dia 7<\/h3>\n<p>A Orion sair\u00e1 da esfera de influ\u00eancia lunar na manh\u00e3 do s\u00e9timo dia do voo. Antes que a tripula\u00e7\u00e3o da Artemis 2 se afaste muito da Lua, cientistas em solo, ter\u00e3o a oportunidade de conversar com a tripula\u00e7\u00e3o.<\/p>\n<p>Na segunda metade do dia, o motor da Orion ser\u00e1 acionado novamente para a primeira de tr\u00eas manobras de corre\u00e7\u00e3o de trajet\u00f3ria de retorno, que ajustar\u00e3o o caminho da Orion para casa.<\/p>\n<p>O restante do dia ser\u00e1, em grande parte, livre para a tripula\u00e7\u00e3o, dando-lhes a oportunidade de descansar antes de retomarem suas tarefas finais antes do retorno \u00e0 Terra.<\/p>\n<h3 class=\"wp-block-heading\" id=\"h-dia-8\">Dia 8<\/h3>\n<p>As principais atividades do oitavo dia do voo incluem duas demonstra\u00e7\u00f5es da Orion.<\/p>\n<p>Primeiro, a tripula\u00e7\u00e3o avaliar\u00e1 sua capacidade de se proteger de eventos de alta radia\u00e7\u00e3o, como erup\u00e7\u00f5es solares. Eles usar\u00e3o os suprimentos e equipamentos da Orion para construir um abrigo, se necess\u00e1rio.<\/p>\n<p>A radia\u00e7\u00e3o ser\u00e1 uma preocupa\u00e7\u00e3o constante \u00e0 medida que os humanos se aventurarem no espa\u00e7o profundo. E v\u00e1rios experimentos ser\u00e3o realizados com o objetivo de coletar dados sobre os n\u00edveis de radia\u00e7\u00e3o dentro da Orion.<\/p>\n<p>Ao final do dia, a tripula\u00e7\u00e3o testar\u00e1 a capacidade de pilotagem manual da Orion, conduzindo a espa\u00e7onave por diversas tarefas. Eles v\u00e3o:&nbsp;<\/p>\n<ul>\n<li>Centralizar um alvo escolhido nas janelas da Orion;<\/li>\n<li>Posicionar a espa\u00e7onave com a cauda voltada para o Sol;<\/li>\n<li>Executar manobras de atitude, comparando os modos de controle de atitude de seis e tr\u00eas graus de liberdade da espa\u00e7onave.<\/li>\n<\/ul>\n<h3 class=\"wp-block-heading\" id=\"h-dia-9\">Dia 9<\/h3>\n<p>O \u00faltimo dia completo da Artemis 2 no espa\u00e7o come\u00e7ar\u00e1 com os preparativos para o retorno \u00e0 Terra.&nbsp;<\/p>\n<p>A tripula\u00e7\u00e3o reservou um tempo para estudar os procedimentos de reentrada e pouso na \u00e1gua, al\u00e9m de conversar com a equipe de controle de voo. Outra queima de corre\u00e7\u00e3o de trajet\u00f3ria de retorno garantir\u00e1 que a espa\u00e7onave permane\u00e7a no caminho certo.<\/p>\n<p>A tripula\u00e7\u00e3o executar\u00e1 mais demonstra\u00e7\u00f5es para concluir sua lista de tarefas: sistemas de coleta de res\u00edduos, caso o banheiro da Orion n\u00e3o funcione corretamente, e testes de ajuste das roupas para intoler\u00e2ncia ortost\u00e1tica.&nbsp;<\/p>\n<p>A intoler\u00e2ncia ortost\u00e1tica, que pode causar sintomas como tontura e vertigem ao ficar em p\u00e9, \u00e9 uma possibilidade para os astronautas quando retornarem \u00e0 Terra e seus corpos precisarem se readaptar \u00e0 for\u00e7a da gravidade sobre o fluxo sangu\u00edneo. Roupas de compress\u00e3o, usadas sob os trajes espaciais, podem ajudar.<\/p>\n<p>Os membros da tripula\u00e7\u00e3o experimentar\u00e3o suas roupas, ter\u00e3o suas circunfer\u00eancias corporais medidas e responder\u00e3o a um question\u00e1rio sobre o ajuste e a facilidade para vesti-las e retir\u00e1-las.<\/p>\n<h3 class=\"wp-block-heading\" id=\"h-dia-10\">Dia 10<\/h3>\n<p>O \u00faltimo dia da miss\u00e3o Artemis 2 concentra-se em trazer a tripula\u00e7\u00e3o de volta para casa em seguran\u00e7a. Uma \u00faltima queima de corre\u00e7\u00e3o de trajet\u00f3ria de retorno garantir\u00e1 que a Orion esteja no caminho certo para o pouso na \u00e1gua.&nbsp;<\/p>\n<p>A tripula\u00e7\u00e3o retornar\u00e1 sua cabine \u00e0 configura\u00e7\u00e3o original, com os equipamentos guardados e os assentos em seus lugares, e vestir\u00e1 seus trajes espaciais.<\/p>\n<p>O m\u00f3dulo da tripula\u00e7\u00e3o se separar\u00e1 do m\u00f3dulo de servi\u00e7o, cujos motores os guiaram ao redor da Lua e de volta \u00e0 Terra. Isso vai expor o escudo t\u00e9rmico do m\u00f3dulo da tripula\u00e7\u00e3o, que proteger\u00e1 a espa\u00e7onave e a tripula\u00e7\u00e3o enquanto atravessam a atmosfera terrestre e temperaturas de at\u00e9 cerca de 1.650\u00baC.&nbsp;<\/p>\n<p>Uma vez que tenham passado com seguran\u00e7a pelo calor da reentrada, a cobertura que protegia o compartimento dianteiro da espa\u00e7onave ser\u00e1 ejetada para dar lugar a uma s\u00e9rie de paraquedas (dois paraquedas de frenagem que reduzir\u00e3o a velocidade da c\u00e1psula para cerca de 495 km\/h, seguidos por tr\u00eas paraquedas piloto que acionar\u00e3o os tr\u00eas paraquedas principais finais).&nbsp;<\/p>\n<p>Essas manobras reduzir\u00e3o a velocidade da Orion para aproximadamente 27 km\/h para um pouso no Oceano Pac\u00edfico, onde pessoal da NASA e da Marinha dos EUA estar\u00e3o esperando, concluindo a miss\u00e3o Artemis 2.<\/p>\n<p><em>Quer saber mais sobre a jornada da NASA rumo \u00e0 Lua? Confira nossa cobertura especial sobre a Artemis 2.<\/em><\/p>\n<p>O post Artemis 2: saiba como foi o sexto dia da miss\u00e3o rumo \u00e0 Lua apareceu primeiro em Olhar Digital.<\/p>\n<p><br \/>\n<br \/><a href=\"https:\/\/olhardigital.com.br\/2026\/04\/06\/ciencia-e-espaco\/artemis-2-saiba-como-foi-o-sexto-dia-da-missao-rumo-a-lua\/\">Fonte do Artigo <\/a><br \/>\nTags:<\/p>\n<p><a title=\"Gestor de Tr\u00e1fego\" href=\"https:\/\/www.gestor-de-trafego.com\/\" target=\"_blank\"><strong>Gestor de Tr\u00e1fego<\/strong><\/a><\/p>\n<p><a href=\"https:\/\/wiy.com.br\/noticias\/categoria\/tecnologia\/\">#tecnologia<\/a> <a href=\"https:\/\/wiy.com.br\/noticias\/categoria\/tecnologia\/\">#tecnologias<\/a> <a href=\"https:\/\/wiy.com.br\/noticias\/categoria\/tecnologia\/\">#technology<\/a> <a href=\"https:\/\/wiy.com.br\/noticias\/categoria\/tecnologia\/\">#tecnolog<\/a> <a href=\"https:\/\/wiy.com.br\/noticias\/categoria\/tecnologia\/\">#iphone<\/a> <a href=\"https:\/\/wiy.com.br\/noticias\/categoria\/tecnologia\/\">#informatica<\/a> <a href=\"https:\/\/wiy.com.br\/noticias\/categoria\/tecnologia\/\">#tech<\/a> <a href=\"https:\/\/wiy.com.br\/noticias\/categoria\/tecnologia\/\">#design<\/a> <a href=\"https:\/\/wiy.com.br\/noticias\/categoria\/tecnologia\/\">#samsung<\/a> <a href=\"https:\/\/wiy.com.br\/noticias\/categoria\/tecnologia\/\">#internet<\/a> <a href=\"https:\/\/wiy.com.br\/noticias\/categoria\/tecnologia\/\">#apple<\/a> <a href=\"https:\/\/wiy.com.br\/noticias\/categoria\/tecnologia\/\">#smartphone<\/a> <a href=\"https:\/\/wiy.com.br\/noticias\/categoria\/tecnologia\/\">#seguranca<\/a> <a href=\"https:\/\/wiy.com.br\/noticias\/categoria\/tecnologia\/\">#venezuela<\/a> <a href=\"https:\/\/wiy.com.br\/noticias\/categoria\/tecnologia\/\">#celular<\/a> <a href=\"https:\/\/wiy.com.br\/noticias\/categoria\/tecnologia\/\">#celulares<\/a> <a href=\"https:\/\/wiy.com.br\/noticias\/categoria\/tecnologia\/\">#inovar<\/a> <a href=\"https:\/\/wiy.com.br\/noticias\/categoria\/tecnologia\/\">#qualidade<\/a> <a href=\"https:\/\/wiy.com.br\/noticias\/categoria\/tecnologia\/\">#software<\/a> <a href=\"https:\/\/wiy.com.br\/noticias\/categoria\/tecnologia\/\">#empresas<\/a> <a href=\"https:\/\/wiy.com.br\/noticias\/categoria\/tecnologia\/\">#cursos<\/a> <a href=\"https:\/\/wiy.com.br\/noticias\/categoria\/tecnologia\/\">#engenharia<\/a> <a href=\"https:\/\/wiy.com.br\/noticias\/categoria\/tecnologia\/\">#industria<\/a> <a href=\"https:\/\/wiy.com.br\/noticias\/categoria\/tecnologia\/\">#marketing<\/a> <a href=\"https:\/\/wiy.com.br\/noticias\/categoria\/tecnologia\/\">#ti<\/a> <a href=\"https:\/\/wiy.com.br\/noticias\/categoria\/tecnologia\/\">#tecnoblog<\/a> <a href=\"https:\/\/wiy.com.br\/noticias\/categoria\/tecnologia\/\">#veja<\/a> <a href=\"https:\/\/wiy.com.br\/noticias\/categoria\/tecnologia\/\">#olhardigital<\/a> <a href=\"https:\/\/wiy.com.br\/noticias\/categoria\/tecnologia\/\">#mundodigital<\/a> <a href=\"https:\/\/wiy.com.br\/noticias\/categoria\/tecnologia\/\">#inteligenciaartificial<\/a> <a href=\"https:\/\/wiy.com.br\/criacao-de-sites\/\">#criar site<\/a> <a href=\"https:\/\/wiy.com.br\/criacao-de-sites\/\">#criar site curitiba<\/a> <a href=\"https:\/\/wiy.com.br\/criacao-de-sites\/\">#wiysolutions<\/a><\/p>\n<p><a \n#Artemis #saiba #como #foi #sexto #dia #miss\u00e3o #rumo #Lua\n<\/p>\n","protected":false},"excerpt":{"rendered":"<p>Nesta segunda-feira (6), a miss\u00e3o Artemis 2, da NASA, chegou ao seu sexto dia e alcan\u00e7ou muitos marcos importantes. Houve recordes quebrados e at\u00e9 o vislumbre de um eclipse solar total e exclusivo. A tripula\u00e7\u00e3o foi despertada na manh\u00e3 desta sgeunda-feira (6) com uma\u00a0mensagem especial\u00a0gravada pelo astronauta veterano da NASA Jim Lovell, falecido no ano [&hellip;]<\/p>\n","protected":false},"author":1,"featured_media":112195,"comment_status":"open","ping_status":"open","sticky":false,"template":"","format":"standard","meta":{"footnotes":""},"categories":[5],"tags":[],"class_list":["post-112194","post","type-post","status-publish","format-standard","has-post-thumbnail","hentry","category-tecnologia"],"_links":{"self":[{"href":"https:\/\/wiy.com.br\/noticias\/wp-json\/wp\/v2\/posts\/112194","targetHints":{"allow":["GET"]}}],"collection":[{"href":"https:\/\/wiy.com.br\/noticias\/wp-json\/wp\/v2\/posts"}],"about":[{"href":"https:\/\/wiy.com.br\/noticias\/wp-json\/wp\/v2\/types\/post"}],"author":[{"embeddable":true,"href":"https:\/\/wiy.com.br\/noticias\/wp-json\/wp\/v2\/users\/1"}],"replies":[{"embeddable":true,"href":"https:\/\/wiy.com.br\/noticias\/wp-json\/wp\/v2\/comments?post=112194"}],"version-history":[{"count":1,"href":"https:\/\/wiy.com.br\/noticias\/wp-json\/wp\/v2\/posts\/112194\/revisions"}],"predecessor-version":[{"id":112196,"href":"https:\/\/wiy.com.br\/noticias\/wp-json\/wp\/v2\/posts\/112194\/revisions\/112196"}],"wp:featuredmedia":[{"embeddable":true,"href":"https:\/\/wiy.com.br\/noticias\/wp-json\/wp\/v2\/media\/112195"}],"wp:attachment":[{"href":"https:\/\/wiy.com.br\/noticias\/wp-json\/wp\/v2\/media?parent=112194"}],"wp:term":[{"taxonomy":"category","embeddable":true,"href":"https:\/\/wiy.com.br\/noticias\/wp-json\/wp\/v2\/categories?post=112194"},{"taxonomy":"post_tag","embeddable":true,"href":"https:\/\/wiy.com.br\/noticias\/wp-json\/wp\/v2\/tags?post=112194"}],"curies":[{"name":"wp","href":"https:\/\/api.w.org\/{rel}","templated":true}]}}