{"id":112029,"date":"2026-04-04T15:16:37","date_gmt":"2026-04-04T18:16:37","guid":{"rendered":"https:\/\/wiy.com.br\/noticias\/por-que-temos-sobrancelhas\/"},"modified":"2026-04-04T15:17:07","modified_gmt":"2026-04-04T18:17:07","slug":"por-que-temos-sobrancelhas","status":"publish","type":"post","link":"https:\/\/wiy.com.br\/noticias\/por-que-temos-sobrancelhas\/","title":{"rendered":"Por que temos sobrancelhas?"},"content":{"rendered":"<p> <br \/>\n<\/p>\n<p>Voc\u00ea j\u00e1 se perguntou por que temos sobrancelhas? Al\u00e9m de sua fun\u00e7\u00e3o est\u00e9tica, elas desempenham pap\u00e9is importantes na prote\u00e7\u00e3o dos olhos e na comunica\u00e7\u00e3o n\u00e3o verbal. Portanto, compreender seu prop\u00f3sito vai al\u00e9m da apar\u00eancia e revela curiosidades fascinantes sobre o corpo humano.<\/p>\n<h2 class=\"wp-block-heading\" id=\"h-qual-e-a-principal-funcao-das-sobrancelhas\">Qual \u00e9 a principal fun\u00e7\u00e3o das sobrancelhas?<\/h2>\n<p>As sobrancelhas atuam principalmente como uma barreira natural contra suor, \u00e1gua e part\u00edculas que possam atingir os olhos. Al\u00e9m disso, ajudam a direcionar l\u00edquidos para os lados do rosto, evitando irrita\u00e7\u00f5es na c\u00f3rnea.<\/p>\n<p>Segundo <a href=\"https:\/\/pmc.ncbi.nlm.nih.gov\/articles\/PMC9870835\/\" target=\"_blank\" rel=\"noreferrer noopener\">um artigo publicado pelo Pub Med<\/a>, a presen\u00e7a de pelos na regi\u00e3o superior dos olhos reduz significativamente a entrada de luz solar direta, o que melhora a vis\u00e3o e protege contra danos. Portanto, sua fun\u00e7\u00e3o vai muito al\u00e9m do visual.<\/p>\n<ul style=\"padding-left:0;position:relative\">\n<li style=\"position:relative;margin-bottom:30px\">\n<div style=\"width:20px;height:20px;background-color:#2d6a4f;border-radius:50%;position:absolute;left:-10px;top:0\"><\/div>\n<p><strong>\ud83d\udee1 Prote\u00e7\u00e3o<\/strong> &#8211; As sobrancelhas bloqueiam suor e sujeira antes que alcancem os olhos.<\/p>\n<div style=\"border-left:2px dashed #2d6a4f;height:30px;position:absolute;left:-1px;top:20px\"><\/div>\n<\/li>\n<li style=\"position:relative;margin-bottom:30px\">\n<div style=\"width:20px;height:20px;background-color:#2d6a4f;border-radius:50%;position:absolute;left:-10px;top:0\"><\/div>\n<p><strong>\ud83c\udf1e Filtragem de Luz<\/strong> &#8211; Reduz a entrada de luz direta, protegendo os olhos de raios solares.<\/p>\n<div style=\"border-left:2px dashed #2d6a4f;height:30px;position:absolute;left:-1px;top:20px\"><\/div>\n<\/li>\n<li style=\"position:relative;margin-bottom:0\">\n<div style=\"width:20px;height:20px;background-color:#2d6a4f;border-radius:50%;position:absolute;left:-10px;top:0\"><\/div>\n<p><strong>\ud83d\udde3 Comunica\u00e7\u00e3o<\/strong> &#8211; Auxiliam na express\u00e3o de emo\u00e7\u00f5es, como surpresa ou raiva, facilitando a intera\u00e7\u00e3o social.<\/li>\n<\/ul>\n<h2 class=\"wp-block-heading\" id=\"h-como-as-sobrancelhas-ajudam-na-expressao-facial\">Como as sobrancelhas ajudam na express\u00e3o facial?<\/h2>\n<p>Al\u00e9m de prote\u00e7\u00e3o, as sobrancelhas s\u00e3o essenciais na comunica\u00e7\u00e3o n\u00e3o verbal. Movimentos sutis podem transmitir emo\u00e7\u00f5es como preocupa\u00e7\u00e3o, felicidade ou desaprova\u00e7\u00e3o, sendo reconhecidos universalmente.<\/p>\n<p>Portanto, elas funcionam como um canal de express\u00e3o que complementa a linguagem verbal. Estudos mostram que a leitura das sobrancelhas aumenta a compreens\u00e3o emocional entre pessoas, fortalecendo intera\u00e7\u00f5es sociais.<\/p>\n<h2 class=\"wp-block-heading\" id=\"h-por-que-temos-sobrancelhas-desde-o-nascimento\">Por que temos sobrancelhas desde o nascimento?<\/h2>\n<p>As sobrancelhas se desenvolvem ainda no \u00fatero e permanecem ao longo da vida. Isso ocorre porque suas fun\u00e7\u00f5es protetoras e comunicativas s\u00e3o fundamentais desde os primeiros meses de vida.<\/p>\n<p>Al\u00e9m disso, elas ajudam beb\u00eas e crian\u00e7as pequenas a sinalizar necessidades ou desconfortos atrav\u00e9s de express\u00f5es faciais, facilitando a intera\u00e7\u00e3o com os cuidadores. Portanto, s\u00e3o estruturas com valor evolutivo importante.<\/p>\n<figure class=\"wp-block-image size-large is-resized\"><figcaption class=\"wp-element-caption\">Desde o \u00fatero, sobrancelhas protegem, comunicam e definem nossa identidade facial<em>&#8211; Imagem criada por intelig\u00eancia artificial (ChatGPT \/ Olhar Digital)<\/em><\/figcaption><\/figure>\n<h2 class=\"wp-block-heading\">Por que temos sobrancelhas desde o nascimento?<\/h2>\n<p>As sobrancelhas se desenvolvem ainda no \u00fatero e permanecem ao longo da vida. Isso ocorre porque suas fun\u00e7\u00f5es protetoras e comunicativas s\u00e3o fundamentais desde os primeiros meses de vida.<\/p>\n<p>Al\u00e9m disso, elas ajudam beb\u00eas e crian\u00e7as pequenas a sinalizar necessidades ou desconfortos atrav\u00e9s de express\u00f5es faciais, facilitando a intera\u00e7\u00e3o com os cuidadores. Portanto, s\u00e3o estruturas com valor evolutivo importante.<\/p>\n<table style=\"border:2px solid #2d6a4f;border-radius:12px;border-collapse:separate;width:100%;text-align:left\">\n<thead style=\"background-color:#1b4332;color:#fff\">\n<tr>\n<th style=\"padding:10px\">Fun\u00e7\u00e3o<\/th>\n<th style=\"padding:10px\">Benef\u00edcio no nascimento<\/th>\n<\/tr>\n<\/thead>\n<tbody>\n<tr>\n<td style=\"padding:10px;border-top:2px solid #2d6a4f\">Prote\u00e7\u00e3o dos olhos<\/td>\n<td style=\"padding:10px;border-top:2px solid #2d6a4f\">Evita entrada de l\u00edquidos e sujeira, protegendo a vis\u00e3o do beb\u00ea<\/td>\n<\/tr>\n<tr>\n<td style=\"padding:10px;border-top:2px solid #2d6a4f\">Comunica\u00e7\u00e3o facial<\/td>\n<td style=\"padding:10px;border-top:2px solid #2d6a4f\">Permite que beb\u00eas sinalizem emo\u00e7\u00f5es e necessidades<\/td>\n<\/tr>\n<tr>\n<td style=\"padding:10px;border-top:2px solid #2d6a4f\">Express\u00e3o de desconforto<\/td>\n<td style=\"padding:10px;border-top:2px solid #2d6a4f\">Facilita a intera\u00e7\u00e3o com cuidadores para cuidados imediatos<\/td>\n<\/tr>\n<tr>\n<td style=\"padding:10px;border-top:2px solid #2d6a4f\">Valor evolutivo<\/td>\n<td style=\"padding:10px;border-top:2px solid #2d6a4f\">Contribui para sobreviv\u00eancia e adapta\u00e7\u00e3o desde os primeiros meses<\/td>\n<\/tr>\n<\/tbody>\n<\/table>\n<h2 class=\"wp-block-heading\" id=\"h-quais-curiosidades-sobre-sobrancelhas-podem-surpreender\">Quais curiosidades sobre sobrancelhas podem surpreender?<\/h2>\n<p>Sabia que cada sobrancelha possui um padr\u00e3o \u00fanico de pelos, semelhante \u00e0s digitais? Al\u00e9m disso, fatores gen\u00e9ticos e hormonais influenciam seu crescimento, densidade e formato.<\/p>\n<p>Portanto, estudar sobrancelhas vai al\u00e9m da est\u00e9tica. Elas podem indicar sa\u00fade, idade e at\u00e9 h\u00e1bitos de cuidado pessoal. Sua presen\u00e7a estrat\u00e9gica combina fun\u00e7\u00e3o, comunica\u00e7\u00e3o e identidade facial, mostrando que \u201cmais do que apar\u00eancia\u201d \u00e9 uma realidade.<\/p>\n<p><strong>Leia mais:<\/strong><\/p>\n<ul>\n<li>Por que temos febre? Entenda as causas, sintomas e como o corpo reage<\/li>\n<li>Por que temos pelos no nariz? Entenda sua fun\u00e7\u00e3o, benef\u00edcios e import\u00e2ncia para a sa\u00fade<\/li>\n<li>Por que temos fobias?<\/li>\n<\/ul>\n<p>O post Por que temos sobrancelhas? apareceu primeiro em Olhar Digital.<\/p>\n<p><br \/>\n<br \/><a href=\"https:\/\/olhardigital.com.br\/2026\/04\/04\/curiosidades\/por-que-temos-sobrancelhas-veja\/\">Fonte do Artigo <\/a><br \/>\nTags:<\/p>\n<p><a title=\"Gestor de Tr\u00e1fego\" href=\"https:\/\/www.gestor-de-trafego.com\/\" target=\"_blank\"><strong>Gestor de Tr\u00e1fego<\/strong><\/a><\/p>\n<p><a href=\"https:\/\/wiy.com.br\/noticias\/categoria\/tecnologia\/\">#tecnologia<\/a> <a href=\"https:\/\/wiy.com.br\/noticias\/categoria\/tecnologia\/\">#tecnologias<\/a> <a href=\"https:\/\/wiy.com.br\/noticias\/categoria\/tecnologia\/\">#technology<\/a> <a href=\"https:\/\/wiy.com.br\/noticias\/categoria\/tecnologia\/\">#tecnolog<\/a> <a href=\"https:\/\/wiy.com.br\/noticias\/categoria\/tecnologia\/\">#iphone<\/a> <a href=\"https:\/\/wiy.com.br\/noticias\/categoria\/tecnologia\/\">#informatica<\/a> <a href=\"https:\/\/wiy.com.br\/noticias\/categoria\/tecnologia\/\">#tech<\/a> <a href=\"https:\/\/wiy.com.br\/noticias\/categoria\/tecnologia\/\">#design<\/a> <a href=\"https:\/\/wiy.com.br\/noticias\/categoria\/tecnologia\/\">#samsung<\/a> <a href=\"https:\/\/wiy.com.br\/noticias\/categoria\/tecnologia\/\">#internet<\/a> <a href=\"https:\/\/wiy.com.br\/noticias\/categoria\/tecnologia\/\">#apple<\/a> <a href=\"https:\/\/wiy.com.br\/noticias\/categoria\/tecnologia\/\">#smartphone<\/a> <a href=\"https:\/\/wiy.com.br\/noticias\/categoria\/tecnologia\/\">#seguranca<\/a> <a href=\"https:\/\/wiy.com.br\/noticias\/categoria\/tecnologia\/\">#venezuela<\/a> <a href=\"https:\/\/wiy.com.br\/noticias\/categoria\/tecnologia\/\">#celular<\/a> <a href=\"https:\/\/wiy.com.br\/noticias\/categoria\/tecnologia\/\">#celulares<\/a> <a href=\"https:\/\/wiy.com.br\/noticias\/categoria\/tecnologia\/\">#inovar<\/a> <a href=\"https:\/\/wiy.com.br\/noticias\/categoria\/tecnologia\/\">#qualidade<\/a> <a href=\"https:\/\/wiy.com.br\/noticias\/categoria\/tecnologia\/\">#software<\/a> <a href=\"https:\/\/wiy.com.br\/noticias\/categoria\/tecnologia\/\">#empresas<\/a> <a href=\"https:\/\/wiy.com.br\/noticias\/categoria\/tecnologia\/\">#cursos<\/a> <a href=\"https:\/\/wiy.com.br\/noticias\/categoria\/tecnologia\/\">#engenharia<\/a> <a href=\"https:\/\/wiy.com.br\/noticias\/categoria\/tecnologia\/\">#industria<\/a> <a href=\"https:\/\/wiy.com.br\/noticias\/categoria\/tecnologia\/\">#marketing<\/a> <a href=\"https:\/\/wiy.com.br\/noticias\/categoria\/tecnologia\/\">#ti<\/a> <a href=\"https:\/\/wiy.com.br\/noticias\/categoria\/tecnologia\/\">#tecnoblog<\/a> <a href=\"https:\/\/wiy.com.br\/noticias\/categoria\/tecnologia\/\">#veja<\/a> <a href=\"https:\/\/wiy.com.br\/noticias\/categoria\/tecnologia\/\">#olhardigital<\/a> <a href=\"https:\/\/wiy.com.br\/noticias\/categoria\/tecnologia\/\">#mundodigital<\/a> <a href=\"https:\/\/wiy.com.br\/noticias\/categoria\/tecnologia\/\">#inteligenciaartificial<\/a> <a href=\"https:\/\/wiy.com.br\/criacao-de-sites\/\">#criar site<\/a> <a href=\"https:\/\/wiy.com.br\/criacao-de-sites\/\">#criar site curitiba<\/a> <a href=\"https:\/\/wiy.com.br\/criacao-de-sites\/\">#wiysolutions<\/a><\/p>\n<p><a \n#Por #temos #sobrancelhas\n<\/p>\n","protected":false},"excerpt":{"rendered":"<p>Voc\u00ea j\u00e1 se perguntou por que temos sobrancelhas? Al\u00e9m de sua fun\u00e7\u00e3o est\u00e9tica, elas desempenham pap\u00e9is importantes na prote\u00e7\u00e3o dos olhos e na comunica\u00e7\u00e3o n\u00e3o verbal. Portanto, compreender seu prop\u00f3sito vai al\u00e9m da apar\u00eancia e revela curiosidades fascinantes sobre o corpo humano. Qual \u00e9 a principal fun\u00e7\u00e3o das sobrancelhas? As sobrancelhas atuam principalmente como uma [&hellip;]<\/p>\n","protected":false},"author":1,"featured_media":112030,"comment_status":"open","ping_status":"open","sticky":false,"template":"","format":"standard","meta":{"footnotes":""},"categories":[5],"tags":[],"class_list":["post-112029","post","type-post","status-publish","format-standard","has-post-thumbnail","hentry","category-tecnologia"],"_links":{"self":[{"href":"https:\/\/wiy.com.br\/noticias\/wp-json\/wp\/v2\/posts\/112029","targetHints":{"allow":["GET"]}}],"collection":[{"href":"https:\/\/wiy.com.br\/noticias\/wp-json\/wp\/v2\/posts"}],"about":[{"href":"https:\/\/wiy.com.br\/noticias\/wp-json\/wp\/v2\/types\/post"}],"author":[{"embeddable":true,"href":"https:\/\/wiy.com.br\/noticias\/wp-json\/wp\/v2\/users\/1"}],"replies":[{"embeddable":true,"href":"https:\/\/wiy.com.br\/noticias\/wp-json\/wp\/v2\/comments?post=112029"}],"version-history":[{"count":1,"href":"https:\/\/wiy.com.br\/noticias\/wp-json\/wp\/v2\/posts\/112029\/revisions"}],"predecessor-version":[{"id":112031,"href":"https:\/\/wiy.com.br\/noticias\/wp-json\/wp\/v2\/posts\/112029\/revisions\/112031"}],"wp:featuredmedia":[{"embeddable":true,"href":"https:\/\/wiy.com.br\/noticias\/wp-json\/wp\/v2\/media\/112030"}],"wp:attachment":[{"href":"https:\/\/wiy.com.br\/noticias\/wp-json\/wp\/v2\/media?parent=112029"}],"wp:term":[{"taxonomy":"category","embeddable":true,"href":"https:\/\/wiy.com.br\/noticias\/wp-json\/wp\/v2\/categories?post=112029"},{"taxonomy":"post_tag","embeddable":true,"href":"https:\/\/wiy.com.br\/noticias\/wp-json\/wp\/v2\/tags?post=112029"}],"curies":[{"name":"wp","href":"https:\/\/api.w.org\/{rel}","templated":true}]}}