{"id":111769,"date":"2026-03-31T23:25:35","date_gmt":"2026-04-01T02:25:35","guid":{"rendered":"https:\/\/wiy.com.br\/noticias\/artemis-2-entenda-por-que-os-trajes-dos-astronautas-sao-laranja\/"},"modified":"2026-03-31T23:26:00","modified_gmt":"2026-04-01T02:26:00","slug":"artemis-2-entenda-por-que-os-trajes-dos-astronautas-sao-laranja","status":"publish","type":"post","link":"https:\/\/wiy.com.br\/noticias\/artemis-2-entenda-por-que-os-trajes-dos-astronautas-sao-laranja\/","title":{"rendered":"Artemis 2: entenda por que os trajes dos astronautas s\u00e3o laranja"},"content":{"rendered":"<p> <br \/>\n<\/p>\n<p>Os astronautas da miss\u00e3o Artemis 2, da NASA, n\u00e3o passar\u00e3o despercebidos ao embarcar na primeira viagem tripulada \u00e0 Lua desde 1972.<\/p>\n<p><strong>Reid Wiseman, Victor Glover, Christina Koch e Jeremy Hansen<\/strong> usar\u00e3o trajes em um tom espec\u00edfico conhecido como <strong>International Orange<\/strong> (Laranja Internacional, em tradu\u00e7\u00e3o livre), uma escolha que vai al\u00e9m da est\u00e9tica e carrega fun\u00e7\u00f5es pr\u00e1ticas e hist\u00f3ricas, como aponta o <em><a href=\"https:\/\/www.nytimes.com\/2026\/03\/31\/style\/artemis-ii-spacesuits-orange-astronauts.html\" target=\"_blank\" rel=\"noreferrer noopener\">The New York Times<\/a><\/em>.<\/p>\n<p>Quando a tripula\u00e7\u00e3o caminhar pela pista do Centro Espacial Kennedy, na Fl\u00f3rida (EUA), antes do lan\u00e7amento, estar\u00e1 vestindo os trajes laranja vibrantes. E, ao retornar cerca de dez dias depois, ap\u00f3s circundar a Lua e viajar mais longe no espa\u00e7o do que qualquer humano j\u00e1 foi, ser\u00e3o esses mesmos trajes que marcar\u00e3o visualmente o momento hist\u00f3rico.<\/p>\n<h2 class=\"wp-block-heading\" id=\"h-design-chamativo-e-funcional-para-a-artemis-2\">Design chamativo e funcional para a Artemis 2<\/h2>\n<ul>\n<li>Embora boa parte da aten\u00e7\u00e3o recente tenha se voltado aos trajes brancos para caminhadas espaciais desenvolvidos pela <strong>Prada<\/strong> em parceria com a <strong>Axiom Space<\/strong>, s\u00e3o os trajes laranja da Artemis 2 que devem chamar mais aten\u00e7\u00e3o \u2014 <strong>intencionalmente<\/strong>;<\/li>\n<li>Comparados a outros designs contempor\u00e2neos, os trajes seguem uma linha visual marcante;<\/li>\n<li>Se os uniformes da SpaceX evocam um estilo futurista sofisticado, os da Blue Origin t\u00eam um ar de \u201ccowboy espacial\u201d, os da Artemis 2 se aproximam mais de um visual que remete a super-her\u00f3is, diz o <em>Times<\/em>;<\/li>\n<li>Produzidos sob medida para cada astronauta, os trajes funcionam como <strong>sistemas de suporte \u00e0 vida em miniatura<\/strong>, permitindo que seus usu\u00e1rios sobrevivam por at\u00e9 <strong>144 horas<\/strong>, se necess\u00e1rio;<\/li>\n<li>O design inclui faixas refletivas em azul-claro que formam um \u201cV\u201d no torso e contornam coxas e bra\u00e7os, destacando a mobilidade das articula\u00e7\u00f5es;<\/li>\n<li>Esses elementos n\u00e3o s\u00e3o apenas decorativos. O \u201cV\u201d indica pontos externos que podem ser usados por equipes de resgate para agarrar os astronautas;<\/li>\n<li>J\u00e1 compartimentos azuis, semelhantes a baterias externas, armazenam equipamentos, como <strong>coletes salva-vidas e cilindros de oxig\u00eanio de reserva<\/strong>.<\/li>\n<\/ul>\n<p><strong>Leia mais:<\/strong><\/p>\n<ul>\n<li>Bateria em 80%? Por que o limite de carga pode ser uma \u201carmadilha\u201d para seu celular<\/li>\n<li>WhatsApp libera duas contas no iPhone; veja como adicionar no seu celular<\/li>\n<li>Artemis 2: astronautas ter\u00e3o plano de prote\u00e7\u00e3o contra tempestades solares<\/li>\n<\/ul>\n<div class=\"wp-block-image\">\n<figure class=\"aligncenter size-large\"><figcaption class=\"wp-element-caption\">Astronautas da miss\u00e3o Artemis 2<\/figcaption><\/figure>\n<\/div>\n<h2 class=\"wp-block-heading\" id=\"h-escolha-do-international-orange\">Escolha do \u201cInternational Orange\u201d<\/h2>\n<p>O tom utilizado, oficialmente classificado como AMS Standard 595 cor #FS 12197, \u00e9 descrito como um \u201c<strong>laranja avermelhado v\u00edvido<\/strong>\u201d, mais intenso do que o laranja fluorescente ou o de cones de tr\u00e2nsito. A cor foi escolhida justamente por sua <strong>alta visibilidade<\/strong> contra o azul do c\u00e9u e do oceano.<\/p>\n<p>\u201cA cor laranja \u00e9 a combina\u00e7\u00e3o do vermelho e do amarelo, duas cores altamente energ\u00e9ticas e vis\u00edveis. \u00c9 percebida como a cor da <strong>urg\u00eancia<\/strong>, que <strong>exige<\/strong> ser vista\u201d, explicou <strong>Leatrice Eiseman<\/strong>, diretora executiva do Pantone Color Institute.<\/p>\n<h2 class=\"wp-block-heading\" id=\"h-origem-e-uso-historico\">Origem e uso hist\u00f3rico<\/h2>\n<p>Embora j\u00e1 fosse utilizado na ind\u00fastria mar\u00edtima, o International Orange ganhou notoriedade na d\u00e9cada de <strong>1930<\/strong>, quando o arquiteto <strong>Irving Morrow<\/strong> escolheu a cor para a <strong>Ponte Golden Gate<\/strong>, garantindo maior visibilidade da estrutura.<\/p>\n<p>Em <strong>1947<\/strong>, a Marinha dos Estados Unidos passou a usar o tom em fuselagens de <strong>avi\u00f5es<\/strong>, mesmo ano em que <strong>Chuck Yeager<\/strong> quebrou a barreira do som com o avi\u00e3o-foguete <strong>Bell X-1<\/strong>, tamb\u00e9m pintado na cor.<\/p>\n<p>Na d\u00e9cada de <strong>1970<\/strong>, a For\u00e7a A\u00e9rea adotou o laranja em trajes pressurizados de alta altitude, facilitando opera\u00e7\u00f5es de resgate no mar. O uso pela NASA veio ap\u00f3s o desastre do \u00f4nibus espacial <strong>Challenger<\/strong>, em <strong>1986<\/strong>, quando a ag\u00eancia passou a buscar medidas adicionais de seguran\u00e7a.<\/p>\n<p>At\u00e9 ent\u00e3o, os trajes utilizados em lan\u00e7amento e reentrada eram <strong>brancos<\/strong>. No entanto, a efic\u00e1cia do laranja em situa\u00e7\u00f5es de busca e resgate levou \u00e0 ado\u00e7\u00e3o da nova cor a partir de <strong>1988<\/strong>. Esses trajes ficaram conhecidos como \u201c<strong>pumpkin suits<\/strong>\u201d (\u201c<strong>trajes de ab\u00f3bora<\/strong>\u201d), devido ao formato volumoso e pouco ajustado.<\/p>\n<p>Os modelos atuais diferem significativamente dos antigos. Se antes tinham apar\u00eancia disforme, hoje s\u00e3o <strong>ajustados<\/strong> ao corpo dos astronautas e apresentam um visual mais <strong>sofisticado e tecnol\u00f3gico<\/strong>.<\/p>\n<p>Ainda assim, mant\u00eam a principal caracter\u00edstica que motivou sua cria\u00e7\u00e3o: a <strong>visibilidade extrema em situa\u00e7\u00f5es cr\u00edticas<\/strong>. Mais do que um elemento est\u00e9tico, o International Orange \u00e9 uma <strong>ferramenta de seguran\u00e7a<\/strong> \u2014 e, agora, tamb\u00e9m um s\u00edmbolo visual de uma nova era da explora\u00e7\u00e3o lunar.<\/p>\n<p>O post Artemis 2: entenda por que os trajes dos astronautas s\u00e3o laranja apareceu primeiro em Olhar Digital.<\/p>\n<p><br \/>\n<br \/><a href=\"https:\/\/olhardigital.com.br\/2026\/03\/31\/ciencia-e-espaco\/artemis-2-entenda-por-que-os-trajes-dos-astronautas-sao-laranja\/\">Fonte do Artigo <\/a><br \/>\nTags:<\/p>\n<p><a title=\"Gestor de Tr\u00e1fego\" href=\"https:\/\/www.gestor-de-trafego.com\/\" target=\"_blank\"><strong>Gestor de Tr\u00e1fego<\/strong><\/a><\/p>\n<p><a href=\"https:\/\/wiy.com.br\/noticias\/categoria\/tecnologia\/\">#tecnologia<\/a> <a href=\"https:\/\/wiy.com.br\/noticias\/categoria\/tecnologia\/\">#tecnologias<\/a> <a href=\"https:\/\/wiy.com.br\/noticias\/categoria\/tecnologia\/\">#technology<\/a> <a href=\"https:\/\/wiy.com.br\/noticias\/categoria\/tecnologia\/\">#tecnolog<\/a> <a href=\"https:\/\/wiy.com.br\/noticias\/categoria\/tecnologia\/\">#iphone<\/a> <a href=\"https:\/\/wiy.com.br\/noticias\/categoria\/tecnologia\/\">#informatica<\/a> <a href=\"https:\/\/wiy.com.br\/noticias\/categoria\/tecnologia\/\">#tech<\/a> <a href=\"https:\/\/wiy.com.br\/noticias\/categoria\/tecnologia\/\">#design<\/a> <a href=\"https:\/\/wiy.com.br\/noticias\/categoria\/tecnologia\/\">#samsung<\/a> <a href=\"https:\/\/wiy.com.br\/noticias\/categoria\/tecnologia\/\">#internet<\/a> <a href=\"https:\/\/wiy.com.br\/noticias\/categoria\/tecnologia\/\">#apple<\/a> <a href=\"https:\/\/wiy.com.br\/noticias\/categoria\/tecnologia\/\">#smartphone<\/a> <a href=\"https:\/\/wiy.com.br\/noticias\/categoria\/tecnologia\/\">#seguranca<\/a> <a href=\"https:\/\/wiy.com.br\/noticias\/categoria\/tecnologia\/\">#venezuela<\/a> <a href=\"https:\/\/wiy.com.br\/noticias\/categoria\/tecnologia\/\">#celular<\/a> <a href=\"https:\/\/wiy.com.br\/noticias\/categoria\/tecnologia\/\">#celulares<\/a> <a href=\"https:\/\/wiy.com.br\/noticias\/categoria\/tecnologia\/\">#inovar<\/a> <a href=\"https:\/\/wiy.com.br\/noticias\/categoria\/tecnologia\/\">#qualidade<\/a> <a href=\"https:\/\/wiy.com.br\/noticias\/categoria\/tecnologia\/\">#software<\/a> <a href=\"https:\/\/wiy.com.br\/noticias\/categoria\/tecnologia\/\">#empresas<\/a> <a href=\"https:\/\/wiy.com.br\/noticias\/categoria\/tecnologia\/\">#cursos<\/a> <a href=\"https:\/\/wiy.com.br\/noticias\/categoria\/tecnologia\/\">#engenharia<\/a> <a href=\"https:\/\/wiy.com.br\/noticias\/categoria\/tecnologia\/\">#industria<\/a> <a href=\"https:\/\/wiy.com.br\/noticias\/categoria\/tecnologia\/\">#marketing<\/a> <a href=\"https:\/\/wiy.com.br\/noticias\/categoria\/tecnologia\/\">#ti<\/a> <a href=\"https:\/\/wiy.com.br\/noticias\/categoria\/tecnologia\/\">#tecnoblog<\/a> <a href=\"https:\/\/wiy.com.br\/noticias\/categoria\/tecnologia\/\">#veja<\/a> <a href=\"https:\/\/wiy.com.br\/noticias\/categoria\/tecnologia\/\">#olhardigital<\/a> <a href=\"https:\/\/wiy.com.br\/noticias\/categoria\/tecnologia\/\">#mundodigital<\/a> <a href=\"https:\/\/wiy.com.br\/noticias\/categoria\/tecnologia\/\">#inteligenciaartificial<\/a> <a href=\"https:\/\/wiy.com.br\/criacao-de-sites\/\">#criar site<\/a> <a href=\"https:\/\/wiy.com.br\/criacao-de-sites\/\">#criar site curitiba<\/a> <a href=\"https:\/\/wiy.com.br\/criacao-de-sites\/\">#wiysolutions<\/a><\/p>\n<p><a \n#Artemis #entenda #por #trajes #dos #astronautas #s\u00e3o #laranja\n<\/p>\n","protected":false},"excerpt":{"rendered":"<p>Os astronautas da miss\u00e3o Artemis 2, da NASA, n\u00e3o passar\u00e3o despercebidos ao embarcar na primeira viagem tripulada \u00e0 Lua desde 1972. Reid Wiseman, Victor Glover, Christina Koch e Jeremy Hansen usar\u00e3o trajes em um tom espec\u00edfico conhecido como International Orange (Laranja Internacional, em tradu\u00e7\u00e3o livre), uma escolha que vai al\u00e9m da est\u00e9tica e carrega fun\u00e7\u00f5es [&hellip;]<\/p>\n","protected":false},"author":1,"featured_media":111770,"comment_status":"open","ping_status":"open","sticky":false,"template":"","format":"standard","meta":{"footnotes":""},"categories":[5],"tags":[],"class_list":["post-111769","post","type-post","status-publish","format-standard","has-post-thumbnail","hentry","category-tecnologia"],"_links":{"self":[{"href":"https:\/\/wiy.com.br\/noticias\/wp-json\/wp\/v2\/posts\/111769","targetHints":{"allow":["GET"]}}],"collection":[{"href":"https:\/\/wiy.com.br\/noticias\/wp-json\/wp\/v2\/posts"}],"about":[{"href":"https:\/\/wiy.com.br\/noticias\/wp-json\/wp\/v2\/types\/post"}],"author":[{"embeddable":true,"href":"https:\/\/wiy.com.br\/noticias\/wp-json\/wp\/v2\/users\/1"}],"replies":[{"embeddable":true,"href":"https:\/\/wiy.com.br\/noticias\/wp-json\/wp\/v2\/comments?post=111769"}],"version-history":[{"count":1,"href":"https:\/\/wiy.com.br\/noticias\/wp-json\/wp\/v2\/posts\/111769\/revisions"}],"predecessor-version":[{"id":111771,"href":"https:\/\/wiy.com.br\/noticias\/wp-json\/wp\/v2\/posts\/111769\/revisions\/111771"}],"wp:featuredmedia":[{"embeddable":true,"href":"https:\/\/wiy.com.br\/noticias\/wp-json\/wp\/v2\/media\/111770"}],"wp:attachment":[{"href":"https:\/\/wiy.com.br\/noticias\/wp-json\/wp\/v2\/media?parent=111769"}],"wp:term":[{"taxonomy":"category","embeddable":true,"href":"https:\/\/wiy.com.br\/noticias\/wp-json\/wp\/v2\/categories?post=111769"},{"taxonomy":"post_tag","embeddable":true,"href":"https:\/\/wiy.com.br\/noticias\/wp-json\/wp\/v2\/tags?post=111769"}],"curies":[{"name":"wp","href":"https:\/\/api.w.org\/{rel}","templated":true}]}}