{"id":111705,"date":"2026-03-31T00:56:51","date_gmt":"2026-03-31T03:56:51","guid":{"rendered":"https:\/\/wiy.com.br\/noticias\/dia-do-backup-confira-dicas-de-como-e-onde-proteger-seus-arquivos\/"},"modified":"2026-03-31T00:57:01","modified_gmt":"2026-03-31T03:57:01","slug":"dia-do-backup-confira-dicas-de-como-e-onde-proteger-seus-arquivos","status":"publish","type":"post","link":"https:\/\/wiy.com.br\/noticias\/dia-do-backup-confira-dicas-de-como-e-onde-proteger-seus-arquivos\/","title":{"rendered":"Dia do Backup: confira dicas de como (e onde) proteger seus arquivos"},"content":{"rendered":"<p> <br \/>\n<\/p>\n<p>Nesta ter\u00e7a-feira (31), \u00e9 lembrado o <strong>Dia do Backup<\/strong>, para conscientizar as pessoas dos <strong>acidentes<\/strong> que podem acontecer com dados gravados em dispositivos e do cuidado que se deve ter com eles.<\/p>\n<p><strong>Furtos, roubos, problemas<\/strong> no dispositivo de armazenamento e <strong>v\u00edrus<\/strong> s\u00e3o alguns dos exemplos de coisas que podem fazer voc\u00ea perder seus dados guardados. Por conta disso, \u00e9 importante e essencial que voc\u00ea mantenha c\u00f3pias de seguran\u00e7a desses dados rotineiramente, preferencialmente em mais de um lugar.<\/p>\n<p>&#8220;No Dia Mundial do Backup, lembramos que <strong>proteger dados \u00e9 proteger o futuro<\/strong>&#8220;, afirma Marcelo Rodrigues, country manager da Commvault.<\/p>\n<h2 class=\"wp-block-heading\" id=\"h-precos-para-fazer-backup-aumentaram\">Pre\u00e7os para fazer backup aumentaram<\/h2>\n<ul>\n<li>Em 2026, os usu\u00e1rios enfrentam uma dificuldade a mais para manter suas informa\u00e7\u00f5es seguras: o <strong>aumento<\/strong> dos pre\u00e7os de dispositivos de armazenamento por conta da crise das <strong>mem\u00f3rias RAM<\/strong>, escancarada com a maior demanda advinda das empresas de intelig\u00eancia artificial (IA);<\/li>\n<li>Com essa maior demanda, as fabricantes visam, agora, investimentos e produ\u00e7\u00e3o voltados para <strong>chips avan\u00e7ados e espec\u00edficos para IA<\/strong>, usados em data centers, <strong>diminuindo<\/strong> a oferta de mem\u00f3rias tradicionais, encarecendo absolutamente tudo;<\/li>\n<li>H\u00e1 relatos de SSDs port\u00e1teis saindo de cerca de <strong>R$ 700<\/strong> h\u00e1 alguns meses para <strong>R$ 2,4 mil<\/strong>, gerando aumento no pre\u00e7o de <strong>238%<\/strong>.<\/li>\n<\/ul>\n<h2 class=\"wp-block-heading\" id=\"h-dicas-para-fazer-um-bom-backup-e-onde-fazer\">Dicas para fazer um bom backup (e onde fazer)<\/h2>\n<p>Hoje em dia, a op\u00e7\u00e3o supostamente mais segura, barata e acess\u00edvel \u00e9 a nuvem. E, nela, s\u00e3o v\u00e1rias as op\u00e7\u00f5es: <strong>Google One, Apple iCloud e Microsoft OneDrive<\/strong> s\u00e3o s\u00f3 alguns exemplos para se ter uma ideia.<\/p>\n<p>Para se ter uma ideia, um plano de <strong>2 TB<\/strong> do Google One sai por <strong>R$ 49,99<\/strong> ao m\u00eas, ou cerca de <strong>R$ 430<\/strong> ao ano. J\u00e1 o OneDrive possui planos que chegam a at\u00e9 <strong>6 TB<\/strong> de armazenamento e custam, mensalmente, entre <strong>R$ 12 e R$ 60<\/strong> por m\u00eas e entre <strong>R$ 119 e R$ 599<\/strong>. Sem contar que outros servi\u00e7os s\u00e3o disponibilizados, como IAs e o Microsoft Office 365 (no caso do OneDrive).<\/p>\n<p>Os valores anuais chegam pr\u00f3ximos de um HD externo mais simples. Al\u00e9m disso, os servi\u00e7os de armazenamento em nuvem oferecem op\u00e7\u00f5es <strong>gratuitas<\/strong>, mas com <strong>armazenamento inferior<\/strong> (m\u00e9dia de <strong>15 GB<\/strong>).<\/p>\n<p>As caracter\u00edsticas do armazenamento em nuvem s\u00e3o a <strong>criptografia de ponta a ponta<\/strong>, a <strong>imutabilidade dos dados<\/strong> (backups n\u00e3o podem ser alterados ou deletados por agentes maliciosos) e a <strong>restaura\u00e7\u00e3o granular<\/strong> (possibilidade de recuperar certos arquivos ou sistemas inteiros em minutos).<\/p>\n<p>Mas esse servi\u00e7o tamb\u00e9m possui seus problemas, pois depende de <strong>conex\u00e3o firme com a internet<\/strong> para garantir o backup completo. Al\u00e9m disso, a depender da quantidade de dados, o <strong>tempo<\/strong> para backup pode ser <strong>maior<\/strong>, ou, em alguns casos, at\u00e9 dar <strong>erro de carregamento<\/strong>.<\/p>\n<p>Um complemento ao backup em nuvem s\u00e3o os discos externos, sendo um <strong>SSD<\/strong>, <strong>HD<\/strong> e cart\u00f5es de mem\u00f3ria <strong>microSD<\/strong>, com op\u00e7\u00f5es de armazenamento entre 64 GB a 16 TB.<\/p>\n<p>A t\u00edtulo de conhecimento e compara\u00e7\u00e3o, com <strong>1 TB<\/strong> (que equivale a <strong>1.000 GB<\/strong>) de armazenamento, \u00e9 poss\u00edvel salvar cerca de <strong>250 mil m\u00fasicas<\/strong>, at\u00e9 <strong>60 horas de v\u00eddeo<\/strong> e <strong>160 mil fotos<\/strong>, conforme informa\u00e7\u00f5es das fabricantes.<\/p>\n<p><strong>Windows e macOS<\/strong>, os dois sistemas operacionais mais utilizados em computadores, oferecem <strong>ferramentas pr\u00f3prias<\/strong> para realiza\u00e7\u00e3o de backups autom\u00e1ticos, sendo desnecess\u00e1rio o uso de outros recursos que n\u00e3o os dos SOs.<\/p>\n<\/p>\n<div class=\"wp-block-image\">\n<figure class=\"aligncenter size-large\"><figcaption class=\"wp-element-caption\">\u00c9 importante ter tr\u00eas op\u00e7\u00f5es de backup (Imagem: Ei Ywet\/Shutterstock)<\/figcaption><\/figure>\n<\/div>\n<p><strong>Leia mais:<\/strong><\/p>\n<ul>\n<li>Quais os cinco erros mais comuns ao fazer backup de dados?<\/li>\n<li>Backup: confira dicas simples para manter os seus arquivos protegidos<\/li>\n<li>Backup do WhatsApp nem sempre funciona: fa\u00e7a isto para n\u00e3o perder conversas no app<\/li>\n<\/ul>\n<h3 class=\"wp-block-heading\" id=\"h-preparando-o-backup\">Preparando o backup<\/h3>\n<p>A dica aqui \u00e9 configurar o <strong>backup autom\u00e1tico<\/strong> de suas pastas mais utilizadas, como, por exemplo, a \u00e1rea de trabalho, documentos e fotos. Depois, \u00e9 preciso criar uma <strong>rotina<\/strong> para salvamento dos dados tanto no disco externo como na nuvem.<\/p>\n<p>Especialistas recomendam que voc\u00ea tenha ao menos <strong>tr\u00eas c\u00f3pias<\/strong> de seus dados e em dois tipos diferentes de m\u00eddia. Uma delas <strong>fora<\/strong> do seu dispositivo. Isso <strong>reduz<\/strong> os riscos.<\/p>\n<p>Na hora de configurar o backup, prefira a <strong>rotina automatizada<\/strong>, que <strong>diminui<\/strong> as chances de erro se comparada com a t\u00e9cnica manual.<\/p>\n<p>&#8220;A efici\u00eancia do backup \u00e9 definida pela combina\u00e7\u00e3o de <strong>frequ\u00eancia, tecnologia e relev\u00e2ncia<\/strong> dos dados. Empresas e usu\u00e1rios precisam entender o que realmente n\u00e3o pode ser perdido e estruturar a prote\u00e7\u00e3o a partir disso&#8221;,\u00a0afirma Everton Freire, Arquiteto de solu\u00e7\u00f5es da DMK3.<\/p>\n<p>&#8220;Backup bem estruturado n\u00e3o \u00e9 custo, \u00e9 <strong>garantia<\/strong>. Quando h\u00e1 <strong>const\u00e2ncia<\/strong>, \u00e9 poss\u00edvel reduzir significativamente o tempo de indisponibilidade e evitar preju\u00edzos maiores em caso de incidentes&#8221;, diz Manoel Neto, analista de suporte da DMK3.<\/p>\n<p>&#8220;Mais do que armazenar dados, \u00e9 preciso adotar uma estrat\u00e9gia cont\u00ednua de <strong>prote\u00e7\u00e3o<\/strong>, que envolva boas pr\u00e1ticas, monitoramento e testes regulares. S\u00f3 assim o backup cumpre seu papel em momentos cr\u00edticos&#8221;, ressalta Gilberto Reis,\u00a0COO da Runtalent.<\/p>\n<h3 class=\"wp-block-heading\" id=\"h-opcoes-de-armazenamento-disponiveis\">Op\u00e7\u00f5es de armazenamento dispon\u00edveis<\/h3>\n<p>Para computadores e Macs, s\u00e3o duas as op\u00e7\u00f5es de armazenamento: os discos <strong>SSD e HD<\/strong>.<\/p>\n<p>A tecnologia SSD \u00e9 mais <strong>recente<\/strong> e se caracteriza por oferecer <strong>maior velocidade<\/strong> na transfer\u00eancia de dados (conectam-se ao PC geralmente pela porta <strong>USB-C<\/strong>) e <strong>menor risco de dano<\/strong> em caso de queda por <strong>n\u00e3o ter partes m\u00f3veis<\/strong>. Em contrapartida, possuem <strong>menos capacidade<\/strong> de armazenamento (normalmente, at\u00e9 <strong>4 TB<\/strong>) e s\u00e3o <strong>mais caros<\/strong> que os HDs.<\/p>\n<p>Por sua vez, os HDs s\u00e3o uma tecnologia mais antiga e se caracterizam por ter <strong>maior capacidade<\/strong> de armazenamento (chegando a at\u00e9 <strong>16 TB<\/strong>, em m\u00e9dia), al\u00e9m de serem <strong>mais baratos<\/strong>. A contrapartida \u00e9 a <strong>demora maior<\/strong> na transfer\u00eancia de dados (eles costumam utilizar a porta <strong>USB 3.0<\/strong> do PC, mais antiga que a USB-C) e alguns modelos <strong>n\u00e3o s\u00e3o port\u00e1teis<\/strong>, pois dependem de <strong>fonte de alimenta\u00e7\u00e3o externa<\/strong>.<\/p>\n<p>Para os celulares Android de entrada e intermedi\u00e1rios em geral, a op\u00e7\u00e3o \u00e9 o <strong>cart\u00e3o microSD<\/strong>, que possui capacidades entre <strong>16 GB e 512 GB<\/strong>. Vale sempre checar se seu aparelho tem uma entrada para esse tipo de armazenamento e a capacidade m\u00e1xima de armazenamento permitida.<\/p>\n<p>Lembre-se sempre tamb\u00e9m de manter seu microSD em <strong>um s\u00f3 aparelho<\/strong> para <strong>evitar<\/strong> o corrompimento de dados.<\/p>\n<p>Se voc\u00ea tem um Android topo de linha ou um iPhone, a op\u00e7\u00e3o pode ser um <strong>SSD externo<\/strong>, pois possui a porta USB-C, padr\u00e3o nos dispositivos atuais. O iPhone permite o backup via computador e possui total integra\u00e7\u00e3o com o <strong>iCloud<\/strong>, que, assim como o Google One e o OneDrive, possui planos de armazenamento <strong>gratuitos e pagos<\/strong>.<\/p>\n<p>Abaixo, o <strong>Olhar Digital<\/strong> traz algumas das melhores ofertas para SSDs, HDs e cart\u00f5es microSD.<\/p>\n<p><strong>SSDs<\/strong><\/p>\n<div class=\"odlcp\">\n<div class=\"odlcp-img\"><img title = \"[Tags]\"decoding=\"async\" src=\"https:\/\/img.odcdn.com.br\/wp-content\/uploads\/2026\/03\/ssd_sandisk.jpg\"alt = \"ssd_sandisk Dia do Backup: confira dicas de como (e onde) proteger seus arquivos\" loading=\"lazy\"><\/div>\n<div class=\"odlcp-meta\">\n<div class=\"odlcp-nome\">SanDisk SSD port\u00e1til de 1 TB<\/div>\n<div class=\"odlcp-preco\"><span class=\"odlcp-de\">R$ 878,00<\/span> <span class=\"odlcp-por\">R$ 817,90<\/span><\/div>\n<\/p><\/div>\n<div class=\"odlcp-right\">\n<div class=\"odlcp-loja\">Amazon<\/div>\n<p>\t\t\t\t\t\t\t<a class=\"odlcp-link\" href=\"https:\/\/amzn.to\/3Q8hBII\" target=\"_blank\" rel=\"noopener sponsored\">Ir \u00e0 loja <\/a>\n\t\t\t\t\t\t<\/div>\n<\/p><\/div>\n<p><strong>HDs<\/strong><\/p>\n<div class=\"odlcp\">\n<div class=\"odlcp-img\"><img title = \"[Tags]\"decoding=\"async\" src=\"https:\/\/img.odcdn.com.br\/wp-content\/uploads\/2026\/03\/hd_toshiba.jpg\"alt = \"ssd_sandisk Dia do Backup: confira dicas de como (e onde) proteger seus arquivos\" loading=\"lazy\"><\/div>\n<div class=\"odlcp-meta\">\n<div class=\"odlcp-nome\">HD Externo Toshiba 1TB<\/div>\n<div class=\"odlcp-preco\"><span class=\"odlcp-por\">R$ 434,38<\/span><\/div>\n<\/p><\/div>\n<div class=\"odlcp-right\">\n<div class=\"odlcp-loja\">Amazon<\/div>\n<p>\t\t\t\t\t\t\t<a class=\"odlcp-link\" href=\"https:\/\/amzn.to\/41BCf6x\" target=\"_blank\" rel=\"noopener sponsored\">Ir \u00e0 loja <\/a>\n\t\t\t\t\t\t<\/div>\n<\/p><\/div>\n<p><strong>Cart\u00f5es microSD<\/strong><\/p>\n<div class=\"odlcp\">\n<div class=\"odlcp-img\"><img title = \"[Tags]\"decoding=\"async\" src=\"https:\/\/img.odcdn.com.br\/wp-content\/uploads\/2026\/03\/microsd_sandisk.png\"alt = \"ssd_sandisk Dia do Backup: confira dicas de como (e onde) proteger seus arquivos\" loading=\"lazy\"><\/div>\n<div class=\"odlcp-meta\">\n<div class=\"odlcp-nome\">Cart\u00e3o Mem\u00f3ria 128gb Micro Sd Ultra SanDisk<\/div>\n<div class=\"odlcp-preco\"><span class=\"odlcp-por\">R$ 169,26<\/span><\/div>\n<\/p><\/div>\n<div class=\"odlcp-right\">\n<div class=\"odlcp-loja\">Mercado Livre<\/div>\n<p>\t\t\t\t\t\t\t<a class=\"odlcp-link\" href=\"https:\/\/mercadolivre.com\/sec\/1ucoRQ3\" target=\"_blank\" rel=\"noopener sponsored\">Ir \u00e0 loja <\/a>\n\t\t\t\t\t\t<\/div>\n<\/p><\/div>\n<div class=\"odlcp\">\n<div class=\"odlcp-img\"><img title = \"[Tags]\"decoding=\"async\" src=\"https:\/\/img.odcdn.com.br\/wp-content\/uploads\/2026\/03\/microsd_sandisk_2.png\"alt = \"ssd_sandisk Dia do Backup: confira dicas de como (e onde) proteger seus arquivos\" loading=\"lazy\"><\/div>\n<div class=\"odlcp-meta\">\n<div class=\"odlcp-nome\">Cart\u00e3o Mem\u00f3ria Sandisk Extreme Pro 512 GB<\/div>\n<div class=\"odlcp-preco\"><span class=\"odlcp-de\">R$ 669,03<\/span> <span class=\"odlcp-por\">R$ 570,04<\/span><\/div>\n<\/p><\/div>\n<div class=\"odlcp-right\">\n<div class=\"odlcp-loja\">Mercado Livre<\/div>\n<p>\t\t\t\t\t\t\t<a class=\"odlcp-link\" href=\"https:\/\/mercadolivre.com\/sec\/2bRFB2Y\" target=\"_blank\" rel=\"noopener sponsored\">Ir \u00e0 loja <\/a>\n\t\t\t\t\t\t<\/div>\n<\/p><\/div>\n<p>O post Dia do Backup: confira dicas de como (e onde) proteger seus arquivos apareceu primeiro em Olhar Digital.<\/p>\n<p><br \/>\n<br \/><a href=\"https:\/\/olhardigital.com.br\/2026\/03\/31\/pro\/dia-do-backup-confira-dicas-de-como-e-onde-proteger-seus-arquivos\/\">Fonte do Artigo <\/a><br \/>\nTags:<\/p>\n<p><a title=\"Gestor de Tr\u00e1fego\" href=\"https:\/\/www.gestor-de-trafego.com\/\" target=\"_blank\"><strong>Gestor de Tr\u00e1fego<\/strong><\/a><\/p>\n<p><a href=\"https:\/\/wiy.com.br\/noticias\/categoria\/tecnologia\/\">#tecnologia<\/a> <a href=\"https:\/\/wiy.com.br\/noticias\/categoria\/tecnologia\/\">#tecnologias<\/a> <a href=\"https:\/\/wiy.com.br\/noticias\/categoria\/tecnologia\/\">#technology<\/a> <a href=\"https:\/\/wiy.com.br\/noticias\/categoria\/tecnologia\/\">#tecnolog<\/a> <a href=\"https:\/\/wiy.com.br\/noticias\/categoria\/tecnologia\/\">#iphone<\/a> <a href=\"https:\/\/wiy.com.br\/noticias\/categoria\/tecnologia\/\">#informatica<\/a> <a href=\"https:\/\/wiy.com.br\/noticias\/categoria\/tecnologia\/\">#tech<\/a> <a href=\"https:\/\/wiy.com.br\/noticias\/categoria\/tecnologia\/\">#design<\/a> <a href=\"https:\/\/wiy.com.br\/noticias\/categoria\/tecnologia\/\">#samsung<\/a> <a href=\"https:\/\/wiy.com.br\/noticias\/categoria\/tecnologia\/\">#internet<\/a> <a href=\"https:\/\/wiy.com.br\/noticias\/categoria\/tecnologia\/\">#apple<\/a> <a href=\"https:\/\/wiy.com.br\/noticias\/categoria\/tecnologia\/\">#smartphone<\/a> <a href=\"https:\/\/wiy.com.br\/noticias\/categoria\/tecnologia\/\">#seguranca<\/a> <a href=\"https:\/\/wiy.com.br\/noticias\/categoria\/tecnologia\/\">#venezuela<\/a> <a href=\"https:\/\/wiy.com.br\/noticias\/categoria\/tecnologia\/\">#celular<\/a> <a href=\"https:\/\/wiy.com.br\/noticias\/categoria\/tecnologia\/\">#celulares<\/a> <a href=\"https:\/\/wiy.com.br\/noticias\/categoria\/tecnologia\/\">#inovar<\/a> <a href=\"https:\/\/wiy.com.br\/noticias\/categoria\/tecnologia\/\">#qualidade<\/a> <a href=\"https:\/\/wiy.com.br\/noticias\/categoria\/tecnologia\/\">#software<\/a> <a href=\"https:\/\/wiy.com.br\/noticias\/categoria\/tecnologia\/\">#empresas<\/a> <a href=\"https:\/\/wiy.com.br\/noticias\/categoria\/tecnologia\/\">#cursos<\/a> <a href=\"https:\/\/wiy.com.br\/noticias\/categoria\/tecnologia\/\">#engenharia<\/a> <a href=\"https:\/\/wiy.com.br\/noticias\/categoria\/tecnologia\/\">#industria<\/a> <a href=\"https:\/\/wiy.com.br\/noticias\/categoria\/tecnologia\/\">#marketing<\/a> <a href=\"https:\/\/wiy.com.br\/noticias\/categoria\/tecnologia\/\">#ti<\/a> <a href=\"https:\/\/wiy.com.br\/noticias\/categoria\/tecnologia\/\">#tecnoblog<\/a> <a href=\"https:\/\/wiy.com.br\/noticias\/categoria\/tecnologia\/\">#veja<\/a> <a href=\"https:\/\/wiy.com.br\/noticias\/categoria\/tecnologia\/\">#olhardigital<\/a> <a href=\"https:\/\/wiy.com.br\/noticias\/categoria\/tecnologia\/\">#mundodigital<\/a> <a href=\"https:\/\/wiy.com.br\/noticias\/categoria\/tecnologia\/\">#inteligenciaartificial<\/a> <a href=\"https:\/\/wiy.com.br\/criacao-de-sites\/\">#criar site<\/a> <a href=\"https:\/\/wiy.com.br\/criacao-de-sites\/\">#criar site curitiba<\/a> <a href=\"https:\/\/wiy.com.br\/criacao-de-sites\/\">#wiysolutions<\/a><\/p>\n<p><a \n#Dia #Backup #confira #dicas #como #onde #proteger #seus #arquivos\n<\/p>\n","protected":false},"excerpt":{"rendered":"<p>Nesta ter\u00e7a-feira (31), \u00e9 lembrado o Dia do Backup, para conscientizar as pessoas dos acidentes que podem acontecer com dados gravados em dispositivos e do cuidado que se deve ter com eles. Furtos, roubos, problemas no dispositivo de armazenamento e v\u00edrus s\u00e3o alguns dos exemplos de coisas que podem fazer voc\u00ea perder seus dados guardados. [&hellip;]<\/p>\n","protected":false},"author":1,"featured_media":111706,"comment_status":"open","ping_status":"open","sticky":false,"template":"","format":"standard","meta":{"footnotes":""},"categories":[5],"tags":[],"class_list":["post-111705","post","type-post","status-publish","format-standard","has-post-thumbnail","hentry","category-tecnologia"],"_links":{"self":[{"href":"https:\/\/wiy.com.br\/noticias\/wp-json\/wp\/v2\/posts\/111705","targetHints":{"allow":["GET"]}}],"collection":[{"href":"https:\/\/wiy.com.br\/noticias\/wp-json\/wp\/v2\/posts"}],"about":[{"href":"https:\/\/wiy.com.br\/noticias\/wp-json\/wp\/v2\/types\/post"}],"author":[{"embeddable":true,"href":"https:\/\/wiy.com.br\/noticias\/wp-json\/wp\/v2\/users\/1"}],"replies":[{"embeddable":true,"href":"https:\/\/wiy.com.br\/noticias\/wp-json\/wp\/v2\/comments?post=111705"}],"version-history":[{"count":1,"href":"https:\/\/wiy.com.br\/noticias\/wp-json\/wp\/v2\/posts\/111705\/revisions"}],"predecessor-version":[{"id":111707,"href":"https:\/\/wiy.com.br\/noticias\/wp-json\/wp\/v2\/posts\/111705\/revisions\/111707"}],"wp:featuredmedia":[{"embeddable":true,"href":"https:\/\/wiy.com.br\/noticias\/wp-json\/wp\/v2\/media\/111706"}],"wp:attachment":[{"href":"https:\/\/wiy.com.br\/noticias\/wp-json\/wp\/v2\/media?parent=111705"}],"wp:term":[{"taxonomy":"category","embeddable":true,"href":"https:\/\/wiy.com.br\/noticias\/wp-json\/wp\/v2\/categories?post=111705"},{"taxonomy":"post_tag","embeddable":true,"href":"https:\/\/wiy.com.br\/noticias\/wp-json\/wp\/v2\/tags?post=111705"}],"curies":[{"name":"wp","href":"https:\/\/api.w.org\/{rel}","templated":true}]}}