{"id":111618,"date":"2026-03-29T20:26:24","date_gmt":"2026-03-29T23:26:24","guid":{"rendered":"https:\/\/wiy.com.br\/noticias\/immanuel-kant-filosofo-a-inteligencia-de-um-individuo-pode-ser-medida-pela-quantidade-de-incertezas-que-ele-e-capaz-de-suportar\/"},"modified":"2026-03-29T20:26:35","modified_gmt":"2026-03-29T23:26:35","slug":"immanuel-kant-filosofo-a-inteligencia-de-um-individuo-pode-ser-medida-pela-quantidade-de-incertezas-que-ele-e-capaz-de-suportar","status":"publish","type":"post","link":"https:\/\/wiy.com.br\/noticias\/immanuel-kant-filosofo-a-inteligencia-de-um-individuo-pode-ser-medida-pela-quantidade-de-incertezas-que-ele-e-capaz-de-suportar\/","title":{"rendered":"Immanuel Kant, fil\u00f3sofo: \u201cA intelig\u00eancia de um indiv\u00edduo pode ser medida pela quantidade de incertezas que ele \u00e9 capaz de suportar.\u201d"},"content":{"rendered":"<p> <br \/>\n<\/p>\n<p>A frase de Immanuel Kant revela uma vis\u00e3o profunda sobre o pensamento humano e sua rela\u00e7\u00e3o com a d\u00favida. Al\u00e9m disso, ela conecta diretamente intelig\u00eancia e capacidade de lidar com incertezas. Portanto, compreender essa ideia ajuda a desenvolver uma mente mais cr\u00edtica e aberta. Neste artigo, voc\u00ea vai entender o significado da intelig\u00eancia e incerteza segundo Kant.<\/p>\n<h2 class=\"wp-block-heading\" id=\"h-o-que-significa-inteligencia-e-incerteza-segundo-kant\">O que significa intelig\u00eancia e incerteza segundo Kant?<\/h2>\n<p>A reflex\u00e3o proposta por Immanuel Kant destaca que a verdadeira intelig\u00eancia vai al\u00e9m de respostas r\u00e1pidas. Segundo um <a href=\"https:\/\/plato.stanford.edu\/entries\/kant\/\">estudo da Stanford Encyclopedia of Philosophy sobre Kant<\/a>, o fil\u00f3sofo valorizava o uso da raz\u00e3o cr\u00edtica e a capacidade de questionar limites do conhecimento. Al\u00e9m disso, ele acreditava que o pensamento humano evolui ao lidar com d\u00favidas.<\/p>\n<p>Portanto, aceitar incertezas n\u00e3o significa fraqueza, mas sim maturidade intelectual. Contudo, muitas pessoas evitam d\u00favidas por desconforto, o que pode limitar o desenvolvimento do pensamento cr\u00edtico.<\/p>\n<div style=\"position: relative;margin-left: 20px;padding-left: 20px;border-left: 2px dashed #2d6a4f\">\n<div style=\"position: relative;margin-bottom: 20px\">\n<div style=\"width:20px;height:20px;background:#2d6a4f;border-radius:50%;position:absolute;left:-31px;top:0\"><\/div>\n<p>\ud83e\udde0 <strong>Consci\u00eancia da d\u00favida:<\/strong> Reconhecer limites do conhecimento \u00e9 o primeiro passo.<\/p>\n<\/div>\n<div style=\"position: relative;margin-bottom: 20px\">\n<div style=\"width:20px;height:20px;background:#2d6a4f;border-radius:50%;position:absolute;left:-31px;top:0\"><\/div>\n<p>\ud83d\udcda <strong>Busca por respostas:<\/strong> A d\u00favida incentiva aprendizado cont\u00ednuo.<\/p>\n<\/div>\n<div style=\"position: relative\">\n<div style=\"width:20px;height:20px;background:#2d6a4f;border-radius:50%;position:absolute;left:-31px;top:0\"><\/div>\n<p>\ud83d\ude80 <strong>Evolu\u00e7\u00e3o intelectual:<\/strong> A mente cresce ao lidar com incertezas.<\/p>\n<\/div>\n<\/div>\n<h2 class=\"wp-block-heading\" id=\"h-por-que-inteligencia-e-incerteza-caminham-juntas\">Por que intelig\u00eancia e incerteza caminham juntas?<\/h2>\n<p>A rela\u00e7\u00e3o entre intelig\u00eancia e incerteza est\u00e1 diretamente ligada \u00e0 capacidade de questionamento. Al\u00e9m disso, pessoas mais reflexivas tendem a considerar m\u00faltiplas possibilidades antes de tomar decis\u00f5es.<\/p>\n<p>Portanto, essa habilidade evita conclus\u00f5es precipitadas. Contudo, tamb\u00e9m exige paci\u00eancia e disposi\u00e7\u00e3o para lidar com respostas incompletas.<\/p>\n<figure class=\"wp-block-image size-large\"><figcaption class=\"wp-element-caption\">Pessoas reflexivas consideram m\u00faltiplas possibilidades antes de tomar decis\u00f5es importantes no dia &#8211; Imagem criada por intelig\u00eancia artificial (ChatGPT \/ Olhar Digital)<\/figcaption><\/figure>\n<h2 class=\"wp-block-heading\" id=\"h-como-desenvolver-inteligencia-e-incerteza-no-dia-a-dia\">Como desenvolver intelig\u00eancia e incerteza no dia a dia?<\/h2>\n<p>Desenvolver essa habilidade envolve pr\u00e1tica constante de reflex\u00e3o e questionamento. Al\u00e9m disso, buscar diferentes perspectivas ajuda a ampliar a compreens\u00e3o sobre diversos temas.<\/p>\n<p>Portanto, ler, estudar e debater s\u00e3o pr\u00e1ticas essenciais. Contudo, \u00e9 igualmente importante aceitar que nem todas as perguntas ter\u00e3o respostas imediatas.<\/p>\n<table style=\"width:100%;border:2px solid #2d6a4f;border-radius:12px;border-collapse:separate;overflow:hidden\">\n<thead style=\"background:#1b4332;color:#fff\">\n<tr>\n<th style=\"padding:10px;border-right:1px solid #2d6a4f\">H\u00e1bito<\/th>\n<th style=\"padding:10px\">Benef\u00edcio<\/th>\n<\/tr>\n<\/thead>\n<tbody>\n<tr>\n<td style=\"padding:10px;border-top:1px solid #2d6a4f;border-right:1px solid #2d6a4f\">Leitura cr\u00edtica<\/td>\n<td style=\"padding:10px;border-top:1px solid #2d6a4f\">Amplia a vis\u00e3o de mundo<\/td>\n<\/tr>\n<tr>\n<td style=\"padding:10px;border-top:1px solid #2d6a4f;border-right:1px solid #2d6a4f\">Debate<\/td>\n<td style=\"padding:10px;border-top:1px solid #2d6a4f\">Estimula novas ideias<\/td>\n<\/tr>\n<tr>\n<td style=\"padding:10px;border-top:1px solid #2d6a4f;border-right:1px solid #2d6a4f\">Reflex\u00e3o<\/td>\n<td style=\"padding:10px;border-top:1px solid #2d6a4f\">Fortalece o pensamento cr\u00edtico<\/td>\n<\/tr>\n<\/tbody>\n<\/table>\n<h2 class=\"wp-block-heading\" id=\"h-qual-a-importancia-da-duvida-para-o-pensamento-critico\">Qual a import\u00e2ncia da d\u00favida para o pensamento cr\u00edtico?<\/h2>\n<p>A d\u00favida \u00e9 essencial para o desenvolvimento do pensamento cr\u00edtico. Al\u00e9m disso, ela permite analisar informa\u00e7\u00f5es com mais profundidade e evitar cren\u00e7as infundadas.<\/p>\n<p>Portanto, questionar \u00e9 um sinal de intelig\u00eancia ativa. Contudo, \u00e9 importante equilibrar d\u00favida e a\u00e7\u00e3o para n\u00e3o cair na indecis\u00e3o constante.<\/p>\n<p><strong>Leia mais:<\/strong><\/p>\n<ul>\n<li>Arist\u00f3teles, fil\u00f3sofo grego: \u201cSomos aquilo que fazemos repetidamente. Excel\u00eancia, ent\u00e3o, n\u00e3o \u00e9 um ato, mas um h\u00e1bito.\u201d<\/li>\n<\/ul>\n<ul>\n<li>Immanuel Kant, fil\u00f3sofo: \u201cA paci\u00eancia \u00e9 a for\u00e7a dos fracos, e a impaci\u00eancia, a fraqueza dos fortes.\u201d<\/li>\n<\/ul>\n<ul>\n<li>Plat\u00e3o, fil\u00f3sofo grego: \u201d A felicidade depende de si mesmo e n\u00e3o dos outros\u201d<\/li>\n<\/ul>\n<p>O post Immanuel Kant, fil\u00f3sofo: \u201cA intelig\u00eancia de um indiv\u00edduo pode ser medida pela quantidade de incertezas que ele \u00e9 capaz de suportar.\u201d apareceu primeiro em Olhar Digital.<\/p>\n<p><br \/>\n<br \/><a href=\"https:\/\/olhardigital.com.br\/2026\/03\/29\/curiosidades\/immanuel-kant-inteligencia-incertezas\/\">Fonte do Artigo <\/a><br \/>\nTags:<\/p>\n<p><a title=\"Gestor de Tr\u00e1fego\" href=\"https:\/\/www.gestor-de-trafego.com\/\" target=\"_blank\"><strong>Gestor de Tr\u00e1fego<\/strong><\/a><\/p>\n<p><a href=\"https:\/\/wiy.com.br\/noticias\/categoria\/tecnologia\/\">#tecnologia<\/a> <a href=\"https:\/\/wiy.com.br\/noticias\/categoria\/tecnologia\/\">#tecnologias<\/a> <a href=\"https:\/\/wiy.com.br\/noticias\/categoria\/tecnologia\/\">#technology<\/a> <a href=\"https:\/\/wiy.com.br\/noticias\/categoria\/tecnologia\/\">#tecnolog<\/a> <a href=\"https:\/\/wiy.com.br\/noticias\/categoria\/tecnologia\/\">#iphone<\/a> <a href=\"https:\/\/wiy.com.br\/noticias\/categoria\/tecnologia\/\">#informatica<\/a> <a href=\"https:\/\/wiy.com.br\/noticias\/categoria\/tecnologia\/\">#tech<\/a> <a href=\"https:\/\/wiy.com.br\/noticias\/categoria\/tecnologia\/\">#design<\/a> <a href=\"https:\/\/wiy.com.br\/noticias\/categoria\/tecnologia\/\">#samsung<\/a> <a href=\"https:\/\/wiy.com.br\/noticias\/categoria\/tecnologia\/\">#internet<\/a> <a href=\"https:\/\/wiy.com.br\/noticias\/categoria\/tecnologia\/\">#apple<\/a> <a href=\"https:\/\/wiy.com.br\/noticias\/categoria\/tecnologia\/\">#smartphone<\/a> <a href=\"https:\/\/wiy.com.br\/noticias\/categoria\/tecnologia\/\">#seguranca<\/a> <a href=\"https:\/\/wiy.com.br\/noticias\/categoria\/tecnologia\/\">#venezuela<\/a> <a href=\"https:\/\/wiy.com.br\/noticias\/categoria\/tecnologia\/\">#celular<\/a> <a href=\"https:\/\/wiy.com.br\/noticias\/categoria\/tecnologia\/\">#celulares<\/a> <a href=\"https:\/\/wiy.com.br\/noticias\/categoria\/tecnologia\/\">#inovar<\/a> <a href=\"https:\/\/wiy.com.br\/noticias\/categoria\/tecnologia\/\">#qualidade<\/a> <a href=\"https:\/\/wiy.com.br\/noticias\/categoria\/tecnologia\/\">#software<\/a> <a href=\"https:\/\/wiy.com.br\/noticias\/categoria\/tecnologia\/\">#empresas<\/a> <a href=\"https:\/\/wiy.com.br\/noticias\/categoria\/tecnologia\/\">#cursos<\/a> <a href=\"https:\/\/wiy.com.br\/noticias\/categoria\/tecnologia\/\">#engenharia<\/a> <a href=\"https:\/\/wiy.com.br\/noticias\/categoria\/tecnologia\/\">#industria<\/a> <a href=\"https:\/\/wiy.com.br\/noticias\/categoria\/tecnologia\/\">#marketing<\/a> <a href=\"https:\/\/wiy.com.br\/noticias\/categoria\/tecnologia\/\">#ti<\/a> <a href=\"https:\/\/wiy.com.br\/noticias\/categoria\/tecnologia\/\">#tecnoblog<\/a> <a href=\"https:\/\/wiy.com.br\/noticias\/categoria\/tecnologia\/\">#veja<\/a> <a href=\"https:\/\/wiy.com.br\/noticias\/categoria\/tecnologia\/\">#olhardigital<\/a> <a href=\"https:\/\/wiy.com.br\/noticias\/categoria\/tecnologia\/\">#mundodigital<\/a> <a href=\"https:\/\/wiy.com.br\/noticias\/categoria\/tecnologia\/\">#inteligenciaartificial<\/a> <a href=\"https:\/\/wiy.com.br\/criacao-de-sites\/\">#criar site<\/a> <a href=\"https:\/\/wiy.com.br\/criacao-de-sites\/\">#criar site curitiba<\/a> <a href=\"https:\/\/wiy.com.br\/criacao-de-sites\/\">#wiysolutions<\/a><\/p>\n<p><a \n#Immanuel #Kant #fil\u00f3sofo #intelig\u00eancia #indiv\u00edduo #pode #ser #medida #pela #quantidade #incertezas #ele #capaz #suportar\n<\/p>\n","protected":false},"excerpt":{"rendered":"<p>A frase de Immanuel Kant revela uma vis\u00e3o profunda sobre o pensamento humano e sua rela\u00e7\u00e3o com a d\u00favida. Al\u00e9m disso, ela conecta diretamente intelig\u00eancia e capacidade de lidar com incertezas. Portanto, compreender essa ideia ajuda a desenvolver uma mente mais cr\u00edtica e aberta. Neste artigo, voc\u00ea vai entender o significado da intelig\u00eancia e incerteza [&hellip;]<\/p>\n","protected":false},"author":1,"featured_media":111619,"comment_status":"open","ping_status":"open","sticky":false,"template":"","format":"standard","meta":{"footnotes":""},"categories":[5],"tags":[],"class_list":["post-111618","post","type-post","status-publish","format-standard","has-post-thumbnail","hentry","category-tecnologia"],"_links":{"self":[{"href":"https:\/\/wiy.com.br\/noticias\/wp-json\/wp\/v2\/posts\/111618","targetHints":{"allow":["GET"]}}],"collection":[{"href":"https:\/\/wiy.com.br\/noticias\/wp-json\/wp\/v2\/posts"}],"about":[{"href":"https:\/\/wiy.com.br\/noticias\/wp-json\/wp\/v2\/types\/post"}],"author":[{"embeddable":true,"href":"https:\/\/wiy.com.br\/noticias\/wp-json\/wp\/v2\/users\/1"}],"replies":[{"embeddable":true,"href":"https:\/\/wiy.com.br\/noticias\/wp-json\/wp\/v2\/comments?post=111618"}],"version-history":[{"count":1,"href":"https:\/\/wiy.com.br\/noticias\/wp-json\/wp\/v2\/posts\/111618\/revisions"}],"predecessor-version":[{"id":111620,"href":"https:\/\/wiy.com.br\/noticias\/wp-json\/wp\/v2\/posts\/111618\/revisions\/111620"}],"wp:featuredmedia":[{"embeddable":true,"href":"https:\/\/wiy.com.br\/noticias\/wp-json\/wp\/v2\/media\/111619"}],"wp:attachment":[{"href":"https:\/\/wiy.com.br\/noticias\/wp-json\/wp\/v2\/media?parent=111618"}],"wp:term":[{"taxonomy":"category","embeddable":true,"href":"https:\/\/wiy.com.br\/noticias\/wp-json\/wp\/v2\/categories?post=111618"},{"taxonomy":"post_tag","embeddable":true,"href":"https:\/\/wiy.com.br\/noticias\/wp-json\/wp\/v2\/tags?post=111618"}],"curies":[{"name":"wp","href":"https:\/\/api.w.org\/{rel}","templated":true}]}}