{"id":11102,"date":"2023-02-26T15:52:13","date_gmt":"2023-02-26T18:52:13","guid":{"rendered":"https:\/\/wiy.com.br\/noticias\/nissan-comite-nao-ve-necessidade-de-revisar-acordo-com-renault\/"},"modified":"2019-03-18T11:27:42","modified_gmt":"2019-03-18T14:27:42","slug":"nissan-comite-nao-ve-necessidade-de-revisar-acordo-com-renault","status":"publish","type":"post","link":"https:\/\/wiy.com.br\/noticias\/nissan-comite-nao-ve-necessidade-de-revisar-acordo-com-renault\/","title":{"rendered":"Nissan: comit\u00ea n\u00e3o v\u00ea necessidade de revisar acordo com Renault"},"content":{"rendered":"<p> <br \/>\n<\/p>\n<p>T\u00f3quio \u2014 O comit\u00ea externo encarregado de melhorar a governan\u00e7a na <strong><a href=\"https:\/\/exame.abril.com.br\/noticias-sobre\/nissan\/\">Nissan<\/a><\/strong> Motor acredita que a empresa pode aprofundar os la\u00e7os com a <strong><a href=\"https:\/\/exame.abril.com.br\/noticias-sobre\/renault\/\">Renault<\/a><\/strong> sem reformular a ampla alian\u00e7a fechada h\u00e1 quase duas d\u00e9cadas, disse uma pessoa a par do assunto.<\/p>\n<p>Na \u00faltima reuni\u00e3o do comit\u00ea, realizada no final da semana passada, os membros estavam &#8220;perto de um consenso&#8221; para recomendar pap\u00e9is mais fortes para diretores externos e estabelecer comit\u00eas para nomea\u00e7\u00e3o de conselheiros, auditoria e determina\u00e7\u00e3o de remunera\u00e7\u00e3o de executivos, disse a pessoa que tem conhecimento direto do assunto.<\/p>\n<p>A pessoa estava falando sob condi\u00e7\u00e3o de anonimato, uma vez que as recomenda\u00e7\u00f5es finais ainda n\u00e3o foram anunciadas. Uma porta-voz do comit\u00ea se recusou a comentar as discuss\u00f5es.<\/p>\n<p>As duas montadoras est\u00e3o reorganizando sua parceria para criar uma posi\u00e7\u00e3o mais igualit\u00e1ria e evitar o poder abrangente que o ex-presidente <strong><a href=\"https:\/\/exame.abril.com.br\/noticias-sobre\/carlos-ghosn\/\">Carlos Ghosn<\/a><\/strong> tinha antes de sua pris\u00e3o em novembro no Jap\u00e3o por acusa\u00e7\u00f5es de m\u00e1 conduta financeira.<\/p>\n<p>Na semana passada, a Nissan, a Renault e a parceira j\u00fanior <strong><a href=\"https:\/\/exame.abril.com.br\/noticias-sobre\/mitsubishi\/\">Mitsubishi<\/a><\/strong> estabeleceram uma nova diretoria composta por executivos separados das tr\u00eas montadoras para supervisionar as opera\u00e7\u00f5es e a governan\u00e7a, desmantelando a estrutura anterior que, na pr\u00e1tica, colocava o controle da alian\u00e7a com Ghosn.<\/p>\n<p>O comit\u00ea externo encarregado pela Nissan de propor formas de refor\u00e7ar a governan\u00e7a corporativa da empresa informou no domingo que anunciaria suas recomenda\u00e7\u00f5es finais em 27 de mar\u00e7o.<\/p>\n<p><br \/>\n<br \/><a href=\"https:\/\/exame.abril.com.br\/negocios\/nissan-comite-nao-ve-necessidade-de-revisar-acordo-com-renault\/\">Fonte do Artigo<\/a><\/p>\n<p>#marketingdigital #marketing #seo #digitalmarketing #socialmedia #socialmediamarketing #business #contentmarketing #onlinemarketing #empreendedorismo #branding #entrepreneur #o #marketingtips #startup #smallbusiness #advertising #entrepreneurship #marketingonline #marketingstrategy #sucesso #success #webdesign #instagram #follow #like #sales #design #socialmediatips <\/p>\n","protected":false},"excerpt":{"rendered":"<p>T\u00f3quio \u2014 O comit\u00ea externo encarregado de melhorar a governan\u00e7a na Nissan Motor acredita que a empresa pode aprofundar os la\u00e7os com a Renault sem reformular a ampla alian\u00e7a fechada h\u00e1 quase duas d\u00e9cadas, disse uma pessoa a par do assunto. Na \u00faltima reuni\u00e3o do comit\u00ea, realizada no final da semana passada, os membros estavam [&hellip;]<\/p>\n","protected":false},"author":1,"featured_media":11103,"comment_status":"open","ping_status":"open","sticky":false,"template":"","format":"standard","meta":{"footnotes":""},"categories":[339],"tags":[],"class_list":["post-11102","post","type-post","status-publish","format-standard","has-post-thumbnail","hentry","category-negocios"],"_links":{"self":[{"href":"https:\/\/wiy.com.br\/noticias\/wp-json\/wp\/v2\/posts\/11102","targetHints":{"allow":["GET"]}}],"collection":[{"href":"https:\/\/wiy.com.br\/noticias\/wp-json\/wp\/v2\/posts"}],"about":[{"href":"https:\/\/wiy.com.br\/noticias\/wp-json\/wp\/v2\/types\/post"}],"author":[{"embeddable":true,"href":"https:\/\/wiy.com.br\/noticias\/wp-json\/wp\/v2\/users\/1"}],"replies":[{"embeddable":true,"href":"https:\/\/wiy.com.br\/noticias\/wp-json\/wp\/v2\/comments?post=11102"}],"version-history":[{"count":0,"href":"https:\/\/wiy.com.br\/noticias\/wp-json\/wp\/v2\/posts\/11102\/revisions"}],"wp:featuredmedia":[{"embeddable":true,"href":"https:\/\/wiy.com.br\/noticias\/wp-json\/wp\/v2\/media\/11103"}],"wp:attachment":[{"href":"https:\/\/wiy.com.br\/noticias\/wp-json\/wp\/v2\/media?parent=11102"}],"wp:term":[{"taxonomy":"category","embeddable":true,"href":"https:\/\/wiy.com.br\/noticias\/wp-json\/wp\/v2\/categories?post=11102"},{"taxonomy":"post_tag","embeddable":true,"href":"https:\/\/wiy.com.br\/noticias\/wp-json\/wp\/v2\/tags?post=11102"}],"curies":[{"name":"wp","href":"https:\/\/api.w.org\/{rel}","templated":true}]}}