{"id":110193,"date":"2026-03-08T15:54:08","date_gmt":"2026-03-08T18:54:08","guid":{"rendered":"https:\/\/wiy.com.br\/noticias\/tiroteio-deixa-um-morto-e-dois-feridos-na-brasilandia\/"},"modified":"2026-03-08T15:54:08","modified_gmt":"2026-03-08T18:54:08","slug":"tiroteio-deixa-um-morto-e-dois-feridos-na-brasilandia","status":"publish","type":"post","link":"https:\/\/wiy.com.br\/noticias\/tiroteio-deixa-um-morto-e-dois-feridos-na-brasilandia\/","title":{"rendered":"Tiroteio deixa um morto e dois feridos na Brasil\u00e2ndia"},"content":{"rendered":"<p> <br \/>\n<br \/><img title = \"[Tags]\"alt = \"Mulher-confessou-fazer-parte-de-uma-quadrilha-especializada-em-extorsao-mediante-sequestro-por-meio-de-um-aplicativo-de-encontro-Divulgacao-SSP-SP Tiroteio deixa um morto e dois feridos na Brasil\u00e2ndia\"decoding=\"async\" src=\"https:\/\/vejasp.abril.com.br\/wp-content\/uploads\/2025\/01\/Mulher-confessou-fazer-parte-de-uma-quadrilha-especializada-em-extorsao-mediante-sequestro-por-meio-de-um-aplicativo-de-encontro-Divulgacao-SSP-SP.jpg\" \/><\/p>\n<div class=\"flex flex-col text-sm pb-25\">\n<article class=\"text-token-text-primary w-full focus:outline-none [--shadow-height:45px] has-data-writing-block:pointer-events-none has-data-writing-block:-mt-(--shadow-height) has-data-writing-block:pt-(--shadow-height) [&amp;:has([data-writing-block])&gt;*]:pointer-events-auto scroll-mt-[calc(var(--header-height)+min(200px,max(70px,20svh)))]\" dir=\"auto\" data-turn-id=\"request-WEB:7f95da74-5068-4d28-a9a7-b5ce337d771d-9\" data-testid=\"conversation-turn-20\" data-scroll-anchor=\"true\" data-turn=\"assistant\">\n<div class=\"noreadme-audima ads video-ads\">\n<div class=\"abrAD\" data-format=\"intext_video\"><\/div>\n<\/div>\n<div class=\"text-base my-auto mx-auto pb-10 [--thread-content-margin:var(--thread-content-margin-xs,calc(var(--spacing)*4))] @w-sm\/main:[--thread-content-margin:var(--thread-content-margin-sm,calc(var(--spacing)*6))] @w-lg\/main:[--thread-content-margin:var(--thread-content-margin-lg,calc(var(--spacing)*16))] px-(--thread-content-margin)\">\n<div class=\"[--thread-content-max-width:40rem] @w-lg\/main:[--thread-content-max-width:48rem] mx-auto max-w-(--thread-content-max-width) flex-1 group\/turn-messages focus-visible:outline-hidden relative flex w-full min-w-0 flex-col agent-turn\">\n<div class=\"flex max-w-full flex-col gap-4 grow\">\n<div class=\"min-h-8 text-message relative flex w-full flex-col items-end gap-2 text-start break-words whitespace-normal [.text-message+&amp;]:mt-1\" dir=\"auto\" data-message-author-role=\"assistant\" data-message-id=\"6884957d-78c0-40d5-a0e8-7a775aef7651\" data-message-model-slug=\"gpt-5-3\">\n<div class=\"ads post-ads noreadme-audima\">\n    <span class=\"title\">Continua ap\u00f3s a publicidade<\/span><\/p>\n<div class=\"abrAD\" data-format=\"intext\"><\/div>\n<\/div>\n<div class=\"flex w-full flex-col gap-1 empty:hidden\">\n<div class=\"markdown prose dark:prose-invert w-full wrap-break-word light markdown-new-styling\">\n<p data-start=\"0\" data-end=\"149\">Um homem morreu e outros dois ficaram feridos ap\u00f3s serem baleados na tarde de s\u00e1bado (7), na Rua Cl\u00e1udio Ghirelli, na Brasil\u00e2ndia, zona norte da capital paulista.<\/p>\n<p data-start=\"151\" data-end=\"436\">Segundo informa\u00e7\u00f5es da Secretaria da Seguran\u00e7a P\u00fablica (SSP), as v\u00edtimas \u2014 tr\u00eas homens de 40, 42 e 52 anos \u2014 foram atingidas por disparos de arma de fogo. Eles foram socorridos por equipes do Servi\u00e7o de Atendimento M\u00f3vel de Urg\u00eancia (Samu) e encaminhados a unidades de sa\u00fade da regi\u00e3o.<\/p>\n<div class=\"ads post-ads noreadme-audima\">\n    <span class=\"title\">Continua ap\u00f3s a publicidade<\/span><\/p>\n<div class=\"abrAD\" data-format=\"intext\"><\/div>\n<\/div>\n<p data-start=\"438\" data-end=\"613\">O homem de 40 anos n\u00e3o resistiu aos ferimentos e morreu no Hospital Geral Vila Penteado. Os outros dois permanecem internados, sendo que um deles precisou passar por cirurgia.<\/p>\n<p data-start=\"615\" data-end=\"847\">Policiais militares preservaram a \u00e1rea para a realiza\u00e7\u00e3o da per\u00edcia. Durante as dilig\u00eancias, investigadores identificaram a presen\u00e7a de c\u00e2meras de seguran\u00e7a em com\u00e9rcios pr\u00f3ximos, que podem ajudar na identifica\u00e7\u00e3o do autor do crime.<\/p>\n<p data-start=\"849\" data-end=\"1050\" data-is-last-node=\"\" data-is-only-node=\"\">O caso foi registrado como homic\u00eddio e tentativa de homic\u00eddio no 72\u00ba Distrito Policial. A pol\u00edcia segue investigando as circunst\u00e2ncias do crime e trabalha para identificar o respons\u00e1vel pelos disparos.<\/p>\n<\/div>\n<\/div>\n<\/div>\n<\/div>\n<div class=\"z-0 flex min-h-[46px] justify-start\"><\/div>\n<div class=\"ads post-ads noreadme-audima\">\n    <span class=\"title\">Continua ap\u00f3s a publicidade<\/span><\/p>\n<div class=\"abrAD\" data-format=\"intext\"><\/div>\n<\/div>\n<div class=\"mt-3 w-full empty:hidden\">\n<div class=\"text-center\"><\/div>\n<\/div>\n<\/div>\n<\/div>\n<\/article>\n<div class=\"ads post-ads noreadme-audima\">\n    <span class=\"title\">Continua ap\u00f3s a publicidade<\/span><\/p>\n<div class=\"abrAD\" data-format=\"intext\"><\/div>\n<\/div>\n<\/div>\n<div class=\"pointer-events-none h-px w-px absolute bottom-0\" aria-hidden=\"true\" data-edge=\"true\"><\/div>\n<div class=\"ads after-text noreadme-audima\">\n    <span class=\"title\">Publicidade<\/span><\/p>\n<div class=\"abrAD\" data-format=\"aftertext\" data-mapping=\"intext\"><\/div>\n<\/div>\n<p><br \/>\n<br \/><a href=\"https:\/\/vejasp.abril.com.br\/cidades\/tiroteio-deixa-um-morto-e-dois-feridos-na-brasilandia\/\">Fonte do Artigo <\/a><br \/>\nTags:<br \/>\n#loterias #loteriascaixa #megasena #resultadoapostas#noticias #noticiario  #noticia #brasil #noticiascolombia #mundo #esporte #colombia #noticiadeld #ltimasnoticias  #noticiario #noticiasregionales #noticiasdepartamentales #noticiashoy #esportes #noticiaahora #elinformantenoticias #noticiasdeboyac  #esporteinterativo #esportivo #diariodosesportes  #noticiero  #jogodefutebol #jogos #loto #apostas<\/p>\n","protected":false},"excerpt":{"rendered":"<p>Continua ap\u00f3s a publicidade Um homem morreu e outros dois ficaram feridos ap\u00f3s serem baleados na tarde de s\u00e1bado (7), na Rua Cl\u00e1udio Ghirelli, na Brasil\u00e2ndia, zona norte da capital paulista. Segundo informa\u00e7\u00f5es da Secretaria da Seguran\u00e7a P\u00fablica (SSP), as v\u00edtimas \u2014 tr\u00eas homens de 40, 42 e 52 anos \u2014 foram atingidas por disparos [&hellip;]<\/p>\n","protected":false},"author":1,"featured_media":92924,"comment_status":"open","ping_status":"open","sticky":false,"template":"","format":"standard","meta":{"footnotes":""},"categories":[1],"tags":[],"class_list":["post-110193","post","type-post","status-publish","format-standard","has-post-thumbnail","hentry","category-curso-de-copy"],"_links":{"self":[{"href":"https:\/\/wiy.com.br\/noticias\/wp-json\/wp\/v2\/posts\/110193","targetHints":{"allow":["GET"]}}],"collection":[{"href":"https:\/\/wiy.com.br\/noticias\/wp-json\/wp\/v2\/posts"}],"about":[{"href":"https:\/\/wiy.com.br\/noticias\/wp-json\/wp\/v2\/types\/post"}],"author":[{"embeddable":true,"href":"https:\/\/wiy.com.br\/noticias\/wp-json\/wp\/v2\/users\/1"}],"replies":[{"embeddable":true,"href":"https:\/\/wiy.com.br\/noticias\/wp-json\/wp\/v2\/comments?post=110193"}],"version-history":[{"count":0,"href":"https:\/\/wiy.com.br\/noticias\/wp-json\/wp\/v2\/posts\/110193\/revisions"}],"wp:featuredmedia":[{"embeddable":true,"href":"https:\/\/wiy.com.br\/noticias\/wp-json\/wp\/v2\/media\/92924"}],"wp:attachment":[{"href":"https:\/\/wiy.com.br\/noticias\/wp-json\/wp\/v2\/media?parent=110193"}],"wp:term":[{"taxonomy":"category","embeddable":true,"href":"https:\/\/wiy.com.br\/noticias\/wp-json\/wp\/v2\/categories?post=110193"},{"taxonomy":"post_tag","embeddable":true,"href":"https:\/\/wiy.com.br\/noticias\/wp-json\/wp\/v2\/tags?post=110193"}],"curies":[{"name":"wp","href":"https:\/\/api.w.org\/{rel}","templated":true}]}}