{"id":10926,"date":"2023-02-26T14:56:53","date_gmt":"2023-02-26T17:56:53","guid":{"rendered":"https:\/\/wiy.com.br\/noticias\/se-continuar-assim-mais-seis-meses-e-acabou-diz-olavo-de-carvalho-sobre-governo-bolsonaro\/"},"modified":"2019-03-17T10:09:05","modified_gmt":"2019-03-17T13:09:05","slug":"se-continuar-assim-mais-seis-meses-e-acabou-diz-olavo-de-carvalho-sobre-governo-bolsonaro","status":"publish","type":"post","link":"https:\/\/wiy.com.br\/noticias\/se-continuar-assim-mais-seis-meses-e-acabou-diz-olavo-de-carvalho-sobre-governo-bolsonaro\/","title":{"rendered":"&#039;Se continuar assim, mais seis meses e acabou&#039;, diz Olavo de Carvalho sobre governo Bolsonaro"},"content":{"rendered":"<p> <br \/>\n<br \/>WASHINGTON \u2014 Horas antes da chegada de Jair Bolsonaro aos Estados Unidos, o fil\u00f3sofo Olavo de Carvalho afirmou neste s\u00e1bado \u00e0 noite que o presidente est\u00e1 de m\u00e3os amarradas por militares pr\u00f3ximos com &#8220;mentalidade golpista&#8221; e advertiu sobre a&#8230;<br \/>\n<br \/><br \/>\n<br \/><a href=\"https:\/\/oglobo.globo.com\/brasil\/se-continuar-assim-mais-seis-meses-acabou-diz-olavo-de-carvalho-sobre-governo-bolsonaro-23529673\">Source link <\/a><\/p>\n","protected":false},"excerpt":{"rendered":"<p>WASHINGTON \u2014 Horas antes da chegada de Jair Bolsonaro aos Estados Unidos, o fil\u00f3sofo Olavo de Carvalho afirmou neste s\u00e1bado \u00e0 noite que o presidente est\u00e1 de m\u00e3os amarradas por militares pr\u00f3ximos com &#8220;mentalidade golpista&#8221; e advertiu sobre a&#8230; Source link<\/p>\n","protected":false},"author":1,"featured_media":0,"comment_status":"open","ping_status":"open","sticky":false,"template":"","format":"standard","meta":{"footnotes":""},"categories":[337],"tags":[],"class_list":["post-10926","post","type-post","status-publish","format-standard","hentry","category-noticias"],"_links":{"self":[{"href":"https:\/\/wiy.com.br\/noticias\/wp-json\/wp\/v2\/posts\/10926","targetHints":{"allow":["GET"]}}],"collection":[{"href":"https:\/\/wiy.com.br\/noticias\/wp-json\/wp\/v2\/posts"}],"about":[{"href":"https:\/\/wiy.com.br\/noticias\/wp-json\/wp\/v2\/types\/post"}],"author":[{"embeddable":true,"href":"https:\/\/wiy.com.br\/noticias\/wp-json\/wp\/v2\/users\/1"}],"replies":[{"embeddable":true,"href":"https:\/\/wiy.com.br\/noticias\/wp-json\/wp\/v2\/comments?post=10926"}],"version-history":[{"count":0,"href":"https:\/\/wiy.com.br\/noticias\/wp-json\/wp\/v2\/posts\/10926\/revisions"}],"wp:attachment":[{"href":"https:\/\/wiy.com.br\/noticias\/wp-json\/wp\/v2\/media?parent=10926"}],"wp:term":[{"taxonomy":"category","embeddable":true,"href":"https:\/\/wiy.com.br\/noticias\/wp-json\/wp\/v2\/categories?post=10926"},{"taxonomy":"post_tag","embeddable":true,"href":"https:\/\/wiy.com.br\/noticias\/wp-json\/wp\/v2\/tags?post=10926"}],"curies":[{"name":"wp","href":"https:\/\/api.w.org\/{rel}","templated":true}]}}