{"id":108587,"date":"2026-02-10T20:39:44","date_gmt":"2026-02-10T23:39:44","guid":{"rendered":"https:\/\/wiy.com.br\/noticias\/carnaval-2026-veja-o-que-abre-e-fecha-em-sao-paulo-durante-o-feriado\/"},"modified":"2026-02-10T20:39:44","modified_gmt":"2026-02-10T23:39:44","slug":"carnaval-2026-veja-o-que-abre-e-fecha-em-sao-paulo-durante-o-feriado","status":"publish","type":"post","link":"https:\/\/wiy.com.br\/noticias\/carnaval-2026-veja-o-que-abre-e-fecha-em-sao-paulo-durante-o-feriado\/","title":{"rendered":"Carnaval 2026: veja o que abre e fecha em S\u00e3o Paulo durante o feriado"},"content":{"rendered":"<p> <br \/>\n<br \/><img title = \"[Tags]\"alt = \"Minhoqueens_Credito-Divulgacao-1.jpg Carnaval 2026: veja o que abre e fecha em S\u00e3o Paulo durante o feriado\"decoding=\"async\" src=\"https:\/\/vejasp.abril.com.br\/wp-content\/uploads\/2026\/02\/Minhoqueens_Credito-Divulgacao-1.jpg.jpg\" \/><\/p>\n<p>Com a chegada do <a href=\"https:\/\/vejasp.abril.com.br\/cidades\/rodizio-e-paulista-aberta-saiba-o-que-muda-durante-o-carnaval-em-sp\/\">Carnaval<\/a>, alguns estabelecimentos na capital paulista sofrem altera\u00e7\u00f5es em seus hor\u00e1rios de funcionamento entre este <strong>s\u00e1bado (14) e a Quarta-feira de Cinzas (17)<\/strong>. Confira abaixo a opera\u00e7\u00e3o de equipamentos p\u00fablicos e outros endere\u00e7os durante os dias da folia paulistana.<\/p>\n<h3>Sa\u00fade<\/h3>\n<div class=\"flex flex-col text-sm pb-25\">\n<div class=\"noreadme-audima ads video-ads\">\n<div class=\"abrAD\" data-format=\"intext_video\"><\/div>\n<\/div>\n<article class=\"text-token-text-primary w-full focus:outline-none [--shadow-height:45px] has-data-writing-block:pointer-events-none has-data-writing-block:-mt-(--shadow-height) has-data-writing-block:pt-(--shadow-height) [&amp;:has([data-writing-block])&gt;*]:pointer-events-auto scroll-mt-[calc(var(--header-height)+min(200px,max(70px,20svh)))]\" dir=\"auto\" data-turn-id=\"request-WEB:e9f84f09-e3a1-4709-8cb5-00fe85bf7b86-3\" data-testid=\"conversation-turn-8\" data-scroll-anchor=\"true\" data-turn=\"assistant\">\n<div class=\"text-base my-auto mx-auto pb-10 [--thread-content-margin:--spacing(4)] @w-sm\/main:[--thread-content-margin:--spacing(6)] @w-lg\/main:[--thread-content-margin:--spacing(16)] px-(--thread-content-margin)\">\n<div class=\"[--thread-content-max-width:40rem] @w-lg\/main:[--thread-content-max-width:48rem] mx-auto max-w-(--thread-content-max-width) flex-1 group\/turn-messages focus-visible:outline-hidden relative flex w-full min-w-0 flex-col agent-turn\">\n<div class=\"flex max-w-full flex-col grow\">\n<div class=\"min-h-8 text-message relative flex w-full flex-col items-end gap-2 text-start break-words whitespace-normal [.text-message+&amp;]:mt-1\" dir=\"auto\" data-message-author-role=\"assistant\" data-message-id=\"7edfc113-8f32-43ec-8584-048fb40126d4\" data-message-model-slug=\"gpt-5-2\">\n<div class=\"ads post-ads noreadme-audima\">\n    <span class=\"title\">Continua ap\u00f3s a publicidade<\/span><\/p>\n<div class=\"abrAD\" data-format=\"intext\"><\/div>\n<\/div>\n<div class=\"flex w-full flex-col gap-1 empty:hidden first:pt-[1px]\">\n<div class=\"markdown prose dark:prose-invert w-full wrap-break-word light markdown-new-styling\">\n<p data-start=\"0\" data-end=\"496\" data-is-last-node=\"\" data-is-only-node=\"\">Algumas unidades da rede municipal de sa\u00fade ter\u00e3o mudan\u00e7as nos hor\u00e1rios de atendimento na segunda (16), ter\u00e7a (17) e quarta (18), at\u00e9 12h. Continuam abertas as Assist\u00eancias M\u00e9dicas Ambulatoriais, as AMAs\/UBSs Integradas \u2014 nas quais a \u00e1rea da UBS atender\u00e1 exclusivamente para vacina\u00e7\u00e3o \u2014, al\u00e9m dos Hospitais Municipais, Hospitais Dia e Prontos-socorros Municipais.<\/p>\n<p data-start=\"0\" data-end=\"496\" data-is-last-node=\"\" data-is-only-node=\"\"><strong>Hor\u00e1rios de atendimento nos dias 16, 17 e 18:<\/strong><\/p>\n<ul>\n<li>Assist\u00eancias M\u00e9dicas Ambulatoriais (AMAs) \u2013 das 7h \u00e0s 19h;<\/li>\n<li>AMAs\/Unidades B\u00e1sicas de Sa\u00fade (UBSs) Integradas \u2013 das 7h \u00e0s 19h;<\/li>\n<li>Hospitais Municipais (HMs) &#8211; 24h;<\/li>\n<li>Hospitais Dia (HDs) &#8211; tanto os que atuam 12h quanto os que atuam 24h;<\/li>\n<li>Prontos-socorros Municipais (PSMs) &#8211; 24h;<\/li>\n<li>Unidades de Pronto Atendimento (UPAs) &#8211; 24h;<\/li>\n<li>Centros de Aten\u00e7\u00e3o Psicossocial (Caps) IV &#8211; 24h;<\/li>\n<li>Servi\u00e7o de Atendimento M\u00f3vel de Urg\u00eancia (Samu) 192 &#8211; 24h;<\/li>\n<li>Complexo Regulador de Urg\u00eancia e Emerg\u00eancia (Crue)- 24h;<\/li>\n<li>Centro de Controle de Intoxica\u00e7\u00f5es (CCI)- 24h.<\/li>\n<\/ul>\n<div class=\"ads post-ads noreadme-audima\">\n    <span class=\"title\">Continua ap\u00f3s a publicidade<\/span><\/p>\n<div class=\"abrAD\" data-format=\"intext\"><\/div>\n<\/div>\n<p data-start=\"0\" data-end=\"496\" data-is-last-node=\"\" data-is-only-node=\"\">As 481 Unidades B\u00e1sicas de Sa\u00fade retomam as atividades na quarta-feira (18), a partir das 12h.<\/p>\n<h3 data-start=\"0\" data-end=\"496\">Bancos e caixas eletr\u00f4nicos<\/h3>\n<p>Em todo o pa\u00eds, as ag\u00eancias banc\u00e1rias estar\u00e3o fechadas na segunda (16) e na ter\u00e7a (17), retomando as atividades e atendimento presencial somente na quarta (17), a partir das 12h. <span>Os caixas eletr\u00f4nicos e os aplicativos de banco funcionam normalmente durante o feriado.<\/span><\/p>\n<\/div>\n<p>Os boletos de cobran\u00e7a e contas de consumo \u2014 como \u00e1gua, energia e telefone \u2014 com vencimento nos dias em que n\u00e3o h\u00e1 compensa\u00e7\u00e3o (16 e 17 de fevereiro) poder\u00e3o ser pagos, sem acr\u00e9scimo de juros, na Quarta-feira de Cinzas. Segundo informe da Federa\u00e7\u00e3o Brasileira de Bancos (Febraban), <span>as\u00a0<\/span>compensa\u00e7\u00f5es banc\u00e1rias n\u00e3o ser\u00e3o efetivadas nessas datas, incluindo a \u00e0 Transfer\u00eancia Eletr\u00f4nica Dispon\u00edvel (TED).<\/p>\n<\/div>\n<\/div>\n<\/div>\n<h3>Parques municipais e ciclofaixas<\/h3>\n<p>Durante os dias de Carnaval, os parques municipais seguem abertos. Algumas unidades, por\u00e9m, ter\u00e3o seus port\u00f5es fechados momentaneamente durante a passagem de blocos carnavalescos entre s\u00e1bado (14) e ter\u00e7a (17). Confira quais s\u00e3o:<\/p>\n<div class=\"ads post-ads noreadme-audima\">\n    <span class=\"title\">Continua ap\u00f3s a publicidade<\/span><\/p>\n<div class=\"abrAD\" data-format=\"intext\"><\/div>\n<\/div>\n<ul>\n<li>Parque Augusta: port\u00f5es 2 e 3<\/li>\n<li>Parque Independ\u00eancia: port\u00f5es 13, 14, 15, 18, 19, 21, 22, 23 e 30<\/li>\n<li>Parque Ibirapuera: port\u00f5es 1, 2, 8, 9A e 10<\/li>\n<\/ul>\n<p>As Ciclofaixas de Lazer n\u00e3o ser\u00e3o ativadas no domingo (15) e na ter\u00e7a (17) devido ao tr\u00e2nsito dos blocos nas vias. O Elevado Presidente Jo\u00e3o Goulart, conhecido como <a href=\"https:\/\/vejasp.abril.com.br\/cultura-lazer\/minhocao-recebe-desfile-de-baloes-gigantes-no-sabado\/\">Minhoc\u00e3o<\/a>, estar\u00e1 aberto aos pedestres como parque neste s\u00e1bado (14), domingo (15) e ter\u00e7a (17). Nos demais dias do feriado, voltar\u00e1 a abrir para o tr\u00e1fego de ve\u00edculos.<\/p>\n<h3><strong>CEUs<\/strong><\/h3>\n<p><span>Os Centros Educacionais Unificados (CEUs) estar\u00e3o abertos ao p\u00fablico nos quatro dias do Carnaval, com programa\u00e7\u00e3o cultural, esportiva e de lazer, sendo das 8h \u00e0s 20h nos dias 14 e 15, e das 8h \u00e0s 18h nos dias 16 e 17.\u00a0<\/span><\/p>\n<h3>Rod\u00edzio de ve\u00edculos<\/h3>\n<p><span>O rod\u00edzio municipal de ve\u00edculos, que j\u00e1 n\u00e3o funciona aos s\u00e1bados e domingos, estar\u00e1 suspenso para os carros na segunda-feira (16), ter\u00e7a-feira (17) e quarta-feira (18), mas para os caminh\u00f5es segue valendo normalmente.<\/span><\/p>\n<h3><\/h3>\n<p>&nbsp;<\/p>\n<div class=\"mt-3 w-full empty:hidden\">\n<div class=\"ads post-ads noreadme-audima\">\n    <span class=\"title\">Continua ap\u00f3s a publicidade<\/span><\/p>\n<div class=\"abrAD\" data-format=\"intext\"><\/div>\n<\/div>\n<div class=\"text-center\"><\/div>\n<\/div>\n<\/div>\n<\/div>\n<\/article>\n<div class=\"ads post-ads noreadme-audima\">\n    <span class=\"title\">Continua ap\u00f3s a publicidade<\/span><\/p>\n<div class=\"abrAD\" data-format=\"intext\"><\/div>\n<\/div>\n<\/div>\n<div class=\"pointer-events-none h-px w-px absolute bottom-0\" aria-hidden=\"true\" data-edge=\"true\"><\/div>\n<div class=\"ads after-text noreadme-audima\">\n    <span class=\"title\">Publicidade<\/span><\/p>\n<div class=\"abrAD\" data-format=\"aftertext\" data-mapping=\"intext\"><\/div>\n<\/div>\n<p><br \/>\n<br \/><a href=\"https:\/\/vejasp.abril.com.br\/cidades\/carnaval-2026-veja-o-que-abre-e-fecha-em-sao-paulo-durante-o-feriado\/\">Fonte do Artigo <\/a><br \/>\nTags:<br \/>\n#loterias #loteriascaixa #megasena #resultadoapostas#noticias #noticiario  #noticia #brasil #noticiascolombia #mundo #esporte #colombia #noticiadeld #ltimasnoticias  #noticiario #noticiasregionales #noticiasdepartamentales #noticiashoy #esportes #noticiaahora #elinformantenoticias #noticiasdeboyac  #esporteinterativo #esportivo #diariodosesportes  #noticiero  #jogodefutebol #jogos #loto #apostas<\/p>\n","protected":false},"excerpt":{"rendered":"<p>Com a chegada do Carnaval, alguns estabelecimentos na capital paulista sofrem altera\u00e7\u00f5es em seus hor\u00e1rios de funcionamento entre este s\u00e1bado (14) e a Quarta-feira de Cinzas (17). Confira abaixo a opera\u00e7\u00e3o de equipamentos p\u00fablicos e outros endere\u00e7os durante os dias da folia paulistana. Sa\u00fade Continua ap\u00f3s a publicidade Algumas unidades da rede municipal de sa\u00fade [&hellip;]<\/p>\n","protected":false},"author":1,"featured_media":108427,"comment_status":"open","ping_status":"open","sticky":false,"template":"","format":"standard","meta":{"footnotes":""},"categories":[1],"tags":[],"class_list":["post-108587","post","type-post","status-publish","format-standard","has-post-thumbnail","hentry","category-curso-de-copy"],"_links":{"self":[{"href":"https:\/\/wiy.com.br\/noticias\/wp-json\/wp\/v2\/posts\/108587","targetHints":{"allow":["GET"]}}],"collection":[{"href":"https:\/\/wiy.com.br\/noticias\/wp-json\/wp\/v2\/posts"}],"about":[{"href":"https:\/\/wiy.com.br\/noticias\/wp-json\/wp\/v2\/types\/post"}],"author":[{"embeddable":true,"href":"https:\/\/wiy.com.br\/noticias\/wp-json\/wp\/v2\/users\/1"}],"replies":[{"embeddable":true,"href":"https:\/\/wiy.com.br\/noticias\/wp-json\/wp\/v2\/comments?post=108587"}],"version-history":[{"count":0,"href":"https:\/\/wiy.com.br\/noticias\/wp-json\/wp\/v2\/posts\/108587\/revisions"}],"wp:featuredmedia":[{"embeddable":true,"href":"https:\/\/wiy.com.br\/noticias\/wp-json\/wp\/v2\/media\/108427"}],"wp:attachment":[{"href":"https:\/\/wiy.com.br\/noticias\/wp-json\/wp\/v2\/media?parent=108587"}],"wp:term":[{"taxonomy":"category","embeddable":true,"href":"https:\/\/wiy.com.br\/noticias\/wp-json\/wp\/v2\/categories?post=108587"},{"taxonomy":"post_tag","embeddable":true,"href":"https:\/\/wiy.com.br\/noticias\/wp-json\/wp\/v2\/tags?post=108587"}],"curies":[{"name":"wp","href":"https:\/\/api.w.org\/{rel}","templated":true}]}}